{"id":64446,"date":"2018-11-08T10:26:26","date_gmt":"2018-11-08T09:26:26","guid":{"rendered":"http:\/\/www.region-schwabach.de\/wordpress\/?p=64446"},"modified":"2018-11-08T10:47:54","modified_gmt":"2018-11-08T09:47:54","slug":"verkehrsunfall-mit-einer-leichtverletzten-person-in-pleinfeld","status":"publish","type":"post","link":"https:\/\/www.region-schwabach.de\/wordpress\/verkehrsunfall-mit-einer-leichtverletzten-person-in-pleinfeld\/","title":{"rendered":"Verkehrsunfall mit einer leichtverletzten Person in Pleinfeld"},"content":{"rendered":"\t\t<div data-elementor-type=\"wp-post\" data-elementor-id=\"64446\" class=\"elementor elementor-64446 elementor-bc-flex-widget\">\n\t\t\t\t\t\t<section class=\"elementor-section elementor-top-section elementor-element elementor-element-1cuv9jr elementor-section-boxed elementor-section-height-default elementor-section-height-default\" data-id=\"1cuv9jr\" data-element_type=\"section\">\n\t\t\t\t\t\t<div class=\"elementor-container elementor-column-gap-default\">\n\t\t\t\t\t<div class=\"elementor-column elementor-col-66 elementor-top-column elementor-element elementor-element-q5zak7b\" data-id=\"q5zak7b\" data-element_type=\"column\">\n\t\t\t<div class=\"elementor-widget-wrap elementor-element-populated\">\n\t\t\t\t\t\t<div class=\"elementor-element elementor-element-763ecdd elementor-widget elementor-widget-text-editor\" data-id=\"763ecdd\" data-element_type=\"widget\" data-widget_type=\"text-editor.default\">\n\t\t\t\t<div class=\"elementor-widget-container\">\n\t\t\t\t\t\t\t<h3 class=\"story-headline\"><strong>Verkehrsunfall mit leichtverletzter Person<\/strong><\/h3><p><span style=\"font-size: 12pt;\">Pleinfeld &#8211; Am Mittwochnachmittag, den 07.11.2018, war ein\u00a020-j\u00e4hriger PKW-Fahrer gegen 17.00 Uhr auf der Auffahrt Pleinfeld S\u00fcd auf die B 2 in n\u00f6rdliche Fahrtrichtung unterwegs, als er verkehrsbedingt bremsen mu\u00dfte. Dieses Bremsman\u00f6ver bemerkte ein nachfolgender 75-j\u00e4hriger PKW-Fahrer jedoch zu sp\u00e4t und fuhr auf.<\/span><\/p><h3>Beifahrerin leicht verletzt<\/h3><p><span style=\"font-size: 12pt;\">Bei dem Unfall wurden beide Fahrzeuge erheblich besch\u00e4digt, und waren nicht mehr fahrbereit. Der Gesamtschaden betr\u00e4gt ca. 7.000 Euro, eine 63-j\u00e4hrige Beifahrerin wurde leicht verletzt ins Krankenhaus gebracht.\u00a0<\/span><\/p>\t\t\t\t\t\t<\/div>\n\t\t\t\t<\/div>\n\t\t\t\t<div class=\"elementor-element elementor-element-ace1283 elementor-widget-divider--view-line elementor-widget elementor-widget-divider\" data-id=\"ace1283\" data-element_type=\"widget\" data-widget_type=\"divider.default\">\n\t\t\t\t<div class=\"elementor-widget-container\">\n\t\t\t\t\t<div class=\"elementor-divider\">\n\t\t\t<span class=\"elementor-divider-separator\">\n\t\t\t\t\t\t<\/span>\n\t\t<\/div>\n\t\t\t\t<\/div>\n\t\t\t\t<\/div>\n\t\t\t\t<div class=\"elementor-element elementor-element-1l7zbzo elementor-widget elementor-widget-google_maps\" data-id=\"1l7zbzo\" data-element_type=\"widget\" data-widget_type=\"google_maps.default\">\n\t\t\t\t<div class=\"elementor-widget-container\">\n\t\t\t\t\t<div class=\"elementor-custom-embed\">\n\t\t\t<iframe loading=\"lazy\"\n\t\t\t\t\tsrc=\"https:\/\/maps.google.com\/maps?q=49.094976%2C%2010.987807&#038;t=m&#038;z=15&#038;output=embed&#038;iwloc=near\"\n\t\t\t\t\ttitle=\"49.094976, 10.987807\"\n\t\t\t\t\taria-label=\"49.094976, 10.987807\"\n\t\t\t><\/iframe>\n\t\t<\/div>\n\t\t\t\t<\/div>\n\t\t\t\t<\/div>\n\t\t\t\t\t<\/div>\n\t\t<\/div>\n\t\t\t\t<div class=\"elementor-column elementor-col-33 elementor-top-column elementor-element elementor-element-0w0urt1\" data-id=\"0w0urt1\" data-element_type=\"column\">\n\t\t\t<div class=\"elementor-widget-wrap\">\n\t\t\t\t\t\t\t<\/div>\n\t\t<\/div>\n\t\t\t\t\t<\/div>\n\t\t<\/section>\n\t\t\t\t<\/div>\n\t\t","protected":false},"excerpt":{"rendered":"<div class=\"mh-excerpt\"><p>Verkehrsunfall mit leichtverletzter Person Pleinfeld &#8211; Am Mittwochnachmittag, den 07.11.2018, war ein\u00a020-j\u00e4hriger PKW-Fahrer gegen 17.00 Uhr auf der Auffahrt Pleinfeld S\u00fcd auf die B 2 in n\u00f6rdliche Fahrtrichtung unterwegs, als er verkehrsbedingt bremsen mu\u00dfte. Dieses <a class=\"mh-excerpt-more\" href=\"https:\/\/www.region-schwabach.de\/wordpress\/verkehrsunfall-mit-einer-leichtverletzten-person-in-pleinfeld\/\" title=\"Verkehrsunfall mit einer leichtverletzten Person in Pleinfeld\">[&#8230;]<\/a><\/p>\n<\/div>","protected":false},"author":1,"featured_media":64447,"comment_status":"open","ping_status":"open","sticky":false,"template":"","format":"standard","meta":{"_cbd_carousel_blocks":"[]","footnotes":""},"categories":[15],"tags":[6419,3083,540,429,297,1375,820,4215,981,401,713,334,249],"class_list":{"0":"post-64446","1":"post","2":"type-post","3":"status-publish","4":"format-standard","5":"has-post-thumbnail","7":"category-polizeimeldungen","8":"tag-07-11-2018","9":"tag-auffahrt","10":"tag-auffahrunfall","11":"tag-b2","12":"tag-hilpoltstein","13":"tag-leicht-verletzt","14":"tag-pleinfeld","15":"tag-pleinfeld-sued","16":"tag-polizei","17":"tag-sachschaden","18":"tag-schaden","19":"tag-unfall","20":"tag-weissenburg"},"_links":{"self":[{"href":"https:\/\/www.region-schwabach.de\/wordpress\/wp-json\/wp\/v2\/posts\/64446","targetHints":{"allow":["GET"]}}],"collection":[{"href":"https:\/\/www.region-schwabach.de\/wordpress\/wp-json\/wp\/v2\/posts"}],"about":[{"href":"https:\/\/www.region-schwabach.de\/wordpress\/wp-json\/wp\/v2\/types\/post"}],"author":[{"embeddable":true,"href":"https:\/\/www.region-schwabach.de\/wordpress\/wp-json\/wp\/v2\/users\/1"}],"replies":[{"embeddable":true,"href":"https:\/\/www.region-schwabach.de\/wordpress\/wp-json\/wp\/v2\/comments?post=64446"}],"version-history":[{"count":0,"href":"https:\/\/www.region-schwabach.de\/wordpress\/wp-json\/wp\/v2\/posts\/64446\/revisions"}],"wp:featuredmedia":[{"embeddable":true,"href":"https:\/\/www.region-schwabach.de\/wordpress\/wp-json\/wp\/v2\/media\/64447"}],"wp:attachment":[{"href":"https:\/\/www.region-schwabach.de\/wordpress\/wp-json\/wp\/v2\/media?parent=64446"}],"wp:term":[{"taxonomy":"category","embeddable":true,"href":"https:\/\/www.region-schwabach.de\/wordpress\/wp-json\/wp\/v2\/categories?post=64446"},{"taxonomy":"post_tag","embeddable":true,"href":"https:\/\/www.region-schwabach.de\/wordpress\/wp-json\/wp\/v2\/tags?post=64446"}],"curies":[{"name":"wp","href":"https:\/\/api.w.org\/{rel}","templated":true}]}}