{"id":64471,"date":"2018-11-09T00:01:09","date_gmt":"2018-11-08T23:01:09","guid":{"rendered":"http:\/\/www.region-schwabach.de\/wordpress\/?p=64471"},"modified":"2018-11-08T23:47:00","modified_gmt":"2018-11-08T22:47:00","slug":"brand-in-weissenburger-drogeriemarkt","status":"publish","type":"post","link":"https:\/\/www.region-schwabach.de\/wordpress\/brand-in-weissenburger-drogeriemarkt\/","title":{"rendered":"Brand in Wei\u00dfenburger Drogeriemarkt"},"content":{"rendered":"\t\t<div data-elementor-type=\"wp-post\" data-elementor-id=\"64471\" class=\"elementor elementor-64471 elementor-bc-flex-widget\">\n\t\t\t\t\t\t<section class=\"elementor-section elementor-top-section elementor-element elementor-element-1cuv9jr elementor-section-boxed elementor-section-height-default elementor-section-height-default\" data-id=\"1cuv9jr\" data-element_type=\"section\">\n\t\t\t\t\t\t<div class=\"elementor-container elementor-column-gap-default\">\n\t\t\t\t\t<div class=\"elementor-column elementor-col-66 elementor-top-column elementor-element elementor-element-q5zak7b\" data-id=\"q5zak7b\" data-element_type=\"column\">\n\t\t\t<div class=\"elementor-widget-wrap elementor-element-populated\">\n\t\t\t\t\t\t<div class=\"elementor-element elementor-element-763ecdd elementor-widget elementor-widget-text-editor\" data-id=\"763ecdd\" data-element_type=\"widget\" data-widget_type=\"text-editor.default\">\n\t\t\t\t<div class=\"elementor-widget-container\">\n\t\t\t\t\t\t\t<h3><strong>Brand in Drogeriemarkt<\/strong><\/h3><p><span style=\"font-size: 12pt;\">Wei\u00dfenburg &#8211; Am Donnerstagvormittag, den 08.11.2018, erreichte die Notrufzentrale\u00a0kurz nach 10 Uhr ein Hinweis \u00fcber einen Brand in einem Drogeriemarkt in Wei\u00dfenburg. Bei dem Einsatz stellten die Einsatzkr\u00e4fte dann auch eine Rauchentwicklung im r\u00fcckw\u00e4rtigen Bereich des Marktes fest. <\/span><\/p><h3>Technischer Defekt f\u00fcr Brand verantwortlich<\/h3><p><span style=\"font-size: 12pt;\">In einem als Aufenthals- und Lagerraum genutzten Raum war ein Feuer &#8211; als Brandursache wird ein technischer Defekt vermutet &#8211; ausgebrochen, welches aber schnell gel\u00f6scht werden konnte, da der Brandherd auch nur ein Ausma\u00df von ca. 3-4 qm hatte.\u00a0<\/span><\/p><h3>Gesch\u00e4ft wurde fr\u00fchzeitig ger\u00e4umt<\/h3><p><span style=\"font-size: 12pt;\">Bereits durch das umsichtige Verhalten des Filialleiters &#8211; der daf\u00fcr sorgte, da\u00df sowohl das Personal, als auch ca. 8-10 anwesende Kunden den Laden umgehend verlie\u00dfen, konnte verhindert werden, da\u00df Personen zu Schaden kamen. Insgesamt d\u00fcrfte ein Schaden in H\u00f6he von ca. 5.000 Euro entstanden sein.<\/span><\/p>\t\t\t\t\t\t<\/div>\n\t\t\t\t<\/div>\n\t\t\t\t<div class=\"elementor-element elementor-element-ace1283 elementor-widget-divider--view-line elementor-widget elementor-widget-divider\" data-id=\"ace1283\" data-element_type=\"widget\" data-widget_type=\"divider.default\">\n\t\t\t\t<div class=\"elementor-widget-container\">\n\t\t\t\t\t<div class=\"elementor-divider\">\n\t\t\t<span class=\"elementor-divider-separator\">\n\t\t\t\t\t\t<\/span>\n\t\t<\/div>\n\t\t\t\t<\/div>\n\t\t\t\t<\/div>\n\t\t\t\t<div class=\"elementor-element elementor-element-1l7zbzo elementor-widget elementor-widget-google_maps\" data-id=\"1l7zbzo\" data-element_type=\"widget\" data-widget_type=\"google_maps.default\">\n\t\t\t\t<div class=\"elementor-widget-container\">\n\t\t\t\t\t<div class=\"elementor-custom-embed\">\n\t\t\t<iframe loading=\"lazy\"\n\t\t\t\t\tsrc=\"https:\/\/maps.google.com\/maps?q=%20Wei%C3%9Fenburg%2C%20Deutschland&#038;t=m&#038;z=15&#038;output=embed&#038;iwloc=near\"\n\t\t\t\t\ttitle=\" Wei\u00dfenburg, Deutschland\"\n\t\t\t\t\taria-label=\" Wei\u00dfenburg, Deutschland\"\n\t\t\t><\/iframe>\n\t\t<\/div>\n\t\t\t\t<\/div>\n\t\t\t\t<\/div>\n\t\t\t\t\t<\/div>\n\t\t<\/div>\n\t\t\t\t<div class=\"elementor-column elementor-col-33 elementor-top-column elementor-element elementor-element-0w0urt1\" data-id=\"0w0urt1\" data-element_type=\"column\">\n\t\t\t<div class=\"elementor-widget-wrap\">\n\t\t\t\t\t\t\t<\/div>\n\t\t<\/div>\n\t\t\t\t\t<\/div>\n\t\t<\/section>\n\t\t\t\t<\/div>\n\t\t","protected":false},"excerpt":{"rendered":"<div class=\"mh-excerpt\"><p>Brand in Drogeriemarkt Wei\u00dfenburg &#8211; Am Donnerstagvormittag, den 08.11.2018, erreichte die Notrufzentrale\u00a0kurz nach 10 Uhr ein Hinweis \u00fcber einen Brand in einem Drogeriemarkt in Wei\u00dfenburg. Bei dem Einsatz stellten die Einsatzkr\u00e4fte dann auch eine Rauchentwicklung <a class=\"mh-excerpt-more\" href=\"https:\/\/www.region-schwabach.de\/wordpress\/brand-in-weissenburger-drogeriemarkt\/\" title=\"Brand in Wei\u00dfenburger Drogeriemarkt\">[&#8230;]<\/a><\/p>\n<\/div>","protected":false},"author":1,"featured_media":64472,"comment_status":"open","ping_status":"open","sticky":false,"template":"","format":"standard","meta":{"_cbd_carousel_blocks":"[]","footnotes":""},"categories":[15],"tags":[6076,6841,293,1277,543,296,981,401,713,2083,249],"class_list":{"0":"post-64471","1":"post","2":"type-post","3":"status-publish","4":"format-standard","5":"has-post-thumbnail","7":"category-polizeimeldungen","8":"tag-08-11-2018","9":"tag-aufenthals-und-lagerraum","10":"tag-brand","11":"tag-drogeriemarkt","12":"tag-feuer","13":"tag-feuerwehr","14":"tag-polizei","15":"tag-sachschaden","16":"tag-schaden","17":"tag-technischer-defekt","18":"tag-weissenburg"},"_links":{"self":[{"href":"https:\/\/www.region-schwabach.de\/wordpress\/wp-json\/wp\/v2\/posts\/64471","targetHints":{"allow":["GET"]}}],"collection":[{"href":"https:\/\/www.region-schwabach.de\/wordpress\/wp-json\/wp\/v2\/posts"}],"about":[{"href":"https:\/\/www.region-schwabach.de\/wordpress\/wp-json\/wp\/v2\/types\/post"}],"author":[{"embeddable":true,"href":"https:\/\/www.region-schwabach.de\/wordpress\/wp-json\/wp\/v2\/users\/1"}],"replies":[{"embeddable":true,"href":"https:\/\/www.region-schwabach.de\/wordpress\/wp-json\/wp\/v2\/comments?post=64471"}],"version-history":[{"count":0,"href":"https:\/\/www.region-schwabach.de\/wordpress\/wp-json\/wp\/v2\/posts\/64471\/revisions"}],"wp:featuredmedia":[{"embeddable":true,"href":"https:\/\/www.region-schwabach.de\/wordpress\/wp-json\/wp\/v2\/media\/64472"}],"wp:attachment":[{"href":"https:\/\/www.region-schwabach.de\/wordpress\/wp-json\/wp\/v2\/media?parent=64471"}],"wp:term":[{"taxonomy":"category","embeddable":true,"href":"https:\/\/www.region-schwabach.de\/wordpress\/wp-json\/wp\/v2\/categories?post=64471"},{"taxonomy":"post_tag","embeddable":true,"href":"https:\/\/www.region-schwabach.de\/wordpress\/wp-json\/wp\/v2\/tags?post=64471"}],"curies":[{"name":"wp","href":"https:\/\/api.w.org\/{rel}","templated":true}]}}