{"id":64486,"date":"2018-11-09T12:04:20","date_gmt":"2018-11-09T11:04:20","guid":{"rendered":"http:\/\/www.region-schwabach.de\/wordpress\/?p=64486"},"modified":"2018-11-09T12:16:30","modified_gmt":"2018-11-09T11:16:30","slug":"zwei-pkw-in-georgensgmuend-und-roth-angefahren","status":"publish","type":"post","link":"https:\/\/www.region-schwabach.de\/wordpress\/zwei-pkw-in-georgensgmuend-und-roth-angefahren\/","title":{"rendered":"Zwei PKW in Georgensgm\u00fcnd und Roth angefahren"},"content":{"rendered":"\t\t<div data-elementor-type=\"wp-post\" data-elementor-id=\"64486\" class=\"elementor elementor-64486 elementor-bc-flex-widget\">\n\t\t\t\t\t\t<section class=\"elementor-section elementor-top-section elementor-element elementor-element-1cuv9jr elementor-section-boxed elementor-section-height-default elementor-section-height-default\" data-id=\"1cuv9jr\" data-element_type=\"section\">\n\t\t\t\t\t\t<div class=\"elementor-container elementor-column-gap-default\">\n\t\t\t\t\t<div class=\"elementor-column elementor-col-66 elementor-top-column elementor-element elementor-element-q5zak7b\" data-id=\"q5zak7b\" data-element_type=\"column\">\n\t\t\t<div class=\"elementor-widget-wrap elementor-element-populated\">\n\t\t\t\t\t\t<div class=\"elementor-element elementor-element-763ecdd elementor-widget elementor-widget-text-editor\" data-id=\"763ecdd\" data-element_type=\"widget\" data-widget_type=\"text-editor.default\">\n\t\t\t\t<div class=\"elementor-widget-container\">\n\t\t\t\t\t\t\t<h3>Zwei Autos in Roth und Georgensgm\u00fcnd angefahren<\/h3><p><span style=\"font-size: 12pt;\">Georgensgm\u00fcnd &#8211; Bereits am Freitagnachmittag, den 02.11.2018, hat ein bisher unbekannter Fahrzeugf\u00fchrer in der Zeit\u00a0zwischen 13.00 Uhr und 15.30 Uhr, einen grauen Audi in einer Parkbucht in der Stra\u00dfe \u201eAm Anger\u201c in Georgensgm\u00fcnd angefahren, und dabei die rechte hintere T\u00fcr, den Kotfl\u00fcgel und den Radkasten besch\u00e4digt. Der Unbekannte verursachte dabei einen Schaden in H\u00f6he ca. 2.000 Euro, bevor er sich unerlaubt vom Unfallort entfernte.<\/span><\/p><p><span style=\"font-size: 12pt;\">Roth &#8211; In der Zeit zwischen Montag, den 29.10.2018, und Mittwoch, den 07.11.2018, hat ein bisher Unbekannter &#8211; vermutlich ein LKW-Fahrer &#8211; einen wei\u00dfen Opel Mocca in der Drahtzieherstra\u00dfe in Roth auf einem Parkstreifen angefahren, und dabei im Frontbereich stark besch\u00e4digt ist. Der unbekannte Fahrer entfernte sich anschlie\u00dfend unerlaubt vom Unfallort, ohne sich um den entstandenen Schaden in H\u00f6he von ca. 2.000 Euro zu k\u00fcmmern.<\/span><\/p><h3>Polizei bittet um Mithilfe<\/h3><p><span style=\"font-size: 12pt;\">Personen, die verd\u00e4chtige Beobachtungen gemacht haben, werden gebeten, diese der Polizei in Roth unter der Rufnummer 09171-9744-0 mitzuteilen.<\/span><\/p>\t\t\t\t\t\t<\/div>\n\t\t\t\t<\/div>\n\t\t\t\t<div class=\"elementor-element elementor-element-ace1283 elementor-widget-divider--view-line elementor-widget elementor-widget-divider\" data-id=\"ace1283\" data-element_type=\"widget\" data-widget_type=\"divider.default\">\n\t\t\t\t<div class=\"elementor-widget-container\">\n\t\t\t\t\t<div class=\"elementor-divider\">\n\t\t\t<span class=\"elementor-divider-separator\">\n\t\t\t\t\t\t<\/span>\n\t\t<\/div>\n\t\t\t\t<\/div>\n\t\t\t\t<\/div>\n\t\t\t\t<div class=\"elementor-element elementor-element-1l7zbzo elementor-widget elementor-widget-google_maps\" data-id=\"1l7zbzo\" data-element_type=\"widget\" data-widget_type=\"google_maps.default\">\n\t\t\t\t<div class=\"elementor-widget-container\">\n\t\t\t\t\t<div class=\"elementor-custom-embed\">\n\t\t\t<iframe loading=\"lazy\"\n\t\t\t\t\tsrc=\"https:\/\/maps.google.com\/maps?q=%20Am%20Anger%2C%20Georgensgm%C3%BCnd%2C%20Deutschland&#038;t=m&#038;z=16&#038;output=embed&#038;iwloc=near\"\n\t\t\t\t\ttitle=\" Am Anger, Georgensgm\u00fcnd, Deutschland\"\n\t\t\t\t\taria-label=\" Am Anger, Georgensgm\u00fcnd, Deutschland\"\n\t\t\t><\/iframe>\n\t\t<\/div>\n\t\t\t\t<\/div>\n\t\t\t\t<\/div>\n\t\t\t\t<div class=\"elementor-element elementor-element-df8ac0f elementor-widget elementor-widget-google_maps\" data-id=\"df8ac0f\" data-element_type=\"widget\" data-widget_type=\"google_maps.default\">\n\t\t\t\t<div class=\"elementor-widget-container\">\n\t\t\t\t\t<div class=\"elementor-custom-embed\">\n\t\t\t<iframe loading=\"lazy\"\n\t\t\t\t\tsrc=\"https:\/\/maps.google.com\/maps?q=%20Drahtzieherstra%C3%9Fe%2C%20Roth%2C%20Deutschland&#038;t=m&#038;z=15&#038;output=embed&#038;iwloc=near\"\n\t\t\t\t\ttitle=\" Drahtzieherstra\u00dfe, Roth, Deutschland\"\n\t\t\t\t\taria-label=\" Drahtzieherstra\u00dfe, Roth, Deutschland\"\n\t\t\t><\/iframe>\n\t\t<\/div>\n\t\t\t\t<\/div>\n\t\t\t\t<\/div>\n\t\t\t\t\t<\/div>\n\t\t<\/div>\n\t\t\t\t<div class=\"elementor-column elementor-col-33 elementor-top-column elementor-element elementor-element-0w0urt1\" data-id=\"0w0urt1\" data-element_type=\"column\">\n\t\t\t<div class=\"elementor-widget-wrap\">\n\t\t\t\t\t\t\t<\/div>\n\t\t<\/div>\n\t\t\t\t\t<\/div>\n\t\t<\/section>\n\t\t\t\t<\/div>\n\t\t","protected":false},"excerpt":{"rendered":"<div class=\"mh-excerpt\"><p>Zwei Autos in Roth und Georgensgm\u00fcnd angefahren Georgensgm\u00fcnd &#8211; Bereits am Freitagnachmittag, den 02.11.2018, hat ein bisher unbekannter Fahrzeugf\u00fchrer in der Zeit\u00a0zwischen 13.00 Uhr und 15.30 Uhr, einen grauen Audi in einer Parkbucht in der <a class=\"mh-excerpt-more\" href=\"https:\/\/www.region-schwabach.de\/wordpress\/zwei-pkw-in-georgensgmuend-und-roth-angefahren\/\" title=\"Zwei PKW in Georgensgm\u00fcnd und Roth angefahren\">[&#8230;]<\/a><\/p>\n<\/div>","protected":false},"author":1,"featured_media":64487,"comment_status":"open","ping_status":"open","sticky":false,"template":"","format":"standard","meta":{"_cbd_carousel_blocks":"[]","footnotes":""},"categories":[15],"tags":[6416,6836,6844,961,3023,454,6845,527,571,2341,463,981,2108,32,401,713,1782,334,457],"class_list":{"0":"post-64486","1":"post","2":"type-post","3":"status-publish","4":"format-standard","5":"has-post-thumbnail","7":"category-polizeimeldungen","8":"tag-02-11-2018","9":"tag-29-oktober-bis-7-november-2018","10":"tag-am-anger","11":"tag-audi","12":"tag-drahtzieherstrasse","13":"tag-fahrerflucht","14":"tag-frontbereich","15":"tag-georgensgmuend","16":"tag-kotfluegel","17":"tag-opel-mokka","18":"tag-pkw","19":"tag-polizei","20":"tag-radkasten","21":"tag-roth","22":"tag-sachschaden","23":"tag-schaden","24":"tag-tuer","25":"tag-unfall","26":"tag-unfallflucht"},"_links":{"self":[{"href":"https:\/\/www.region-schwabach.de\/wordpress\/wp-json\/wp\/v2\/posts\/64486","targetHints":{"allow":["GET"]}}],"collection":[{"href":"https:\/\/www.region-schwabach.de\/wordpress\/wp-json\/wp\/v2\/posts"}],"about":[{"href":"https:\/\/www.region-schwabach.de\/wordpress\/wp-json\/wp\/v2\/types\/post"}],"author":[{"embeddable":true,"href":"https:\/\/www.region-schwabach.de\/wordpress\/wp-json\/wp\/v2\/users\/1"}],"replies":[{"embeddable":true,"href":"https:\/\/www.region-schwabach.de\/wordpress\/wp-json\/wp\/v2\/comments?post=64486"}],"version-history":[{"count":0,"href":"https:\/\/www.region-schwabach.de\/wordpress\/wp-json\/wp\/v2\/posts\/64486\/revisions"}],"wp:featuredmedia":[{"embeddable":true,"href":"https:\/\/www.region-schwabach.de\/wordpress\/wp-json\/wp\/v2\/media\/64487"}],"wp:attachment":[{"href":"https:\/\/www.region-schwabach.de\/wordpress\/wp-json\/wp\/v2\/media?parent=64486"}],"wp:term":[{"taxonomy":"category","embeddable":true,"href":"https:\/\/www.region-schwabach.de\/wordpress\/wp-json\/wp\/v2\/categories?post=64486"},{"taxonomy":"post_tag","embeddable":true,"href":"https:\/\/www.region-schwabach.de\/wordpress\/wp-json\/wp\/v2\/tags?post=64486"}],"curies":[{"name":"wp","href":"https:\/\/api.w.org\/{rel}","templated":true}]}}