{"id":64529,"date":"2018-11-11T09:45:41","date_gmt":"2018-11-11T08:45:41","guid":{"rendered":"http:\/\/www.region-schwabach.de\/wordpress\/?p=64529"},"modified":"2018-11-11T09:58:36","modified_gmt":"2018-11-11T08:58:36","slug":"leitpfosten-bei-heideck-herausgerissen","status":"publish","type":"post","link":"https:\/\/www.region-schwabach.de\/wordpress\/leitpfosten-bei-heideck-herausgerissen\/","title":{"rendered":"Leitpfosten bei Heideck herausgerissen"},"content":{"rendered":"\t\t<div data-elementor-type=\"wp-post\" data-elementor-id=\"64529\" class=\"elementor elementor-64529 elementor-bc-flex-widget\">\n\t\t\t\t\t\t<section class=\"elementor-section elementor-top-section elementor-element elementor-element-1cuv9jr elementor-section-boxed elementor-section-height-default elementor-section-height-default\" data-id=\"1cuv9jr\" data-element_type=\"section\">\n\t\t\t\t\t\t<div class=\"elementor-container elementor-column-gap-default\">\n\t\t\t\t\t<div class=\"elementor-column elementor-col-66 elementor-top-column elementor-element elementor-element-q5zak7b\" data-id=\"q5zak7b\" data-element_type=\"column\">\n\t\t\t<div class=\"elementor-widget-wrap elementor-element-populated\">\n\t\t\t\t\t\t<div class=\"elementor-element elementor-element-763ecdd elementor-widget elementor-widget-text-editor\" data-id=\"763ecdd\" data-element_type=\"widget\" data-widget_type=\"text-editor.default\">\n\t\t\t\t<div class=\"elementor-widget-container\">\n\t\t\t\t\t\t\t<h3><strong>Leitpfosten herausgerissen<\/strong><\/h3><p><span style=\"font-size: 12pt;\">Heideck &#8211; In der Nacht von Freitag, den 09.11.2018, auf Samstag, den 10.11.2018, haben bisher Unbekannte\u00a0mehrere Leitpfosten auf der Stra\u00dfe von Heideck nach Selingstadt herausgerissen, und dabei einen Schaden in H\u00f6he von ca. 40 Euro verursacht. Die Polizei Hilpoltstein hat deshalb ein Ermittlungsverfahren wegen Missbrauchs von Notrufen und Beeintr\u00e4chtigung von Unfallverh\u00fctungs- und Nothilfemitteln, sowie gemeinsch\u00e4dlicher Sachbesch\u00e4digung eingeleitet.<\/span><\/p><h3>Polizei bittet um Mithilfe<\/h3><p><span style=\"font-size: 12pt;\">Personen, die verd\u00e4chtige Beobachtungen gemacht haben, werden gebeten, diese der Polizei in Hilpoltstein unter der Rufnummer 09174-4789-0 mitzuteilen.<\/span><\/p>\t\t\t\t\t\t<\/div>\n\t\t\t\t<\/div>\n\t\t\t\t<div class=\"elementor-element elementor-element-ace1283 elementor-widget-divider--view-line elementor-widget elementor-widget-divider\" data-id=\"ace1283\" data-element_type=\"widget\" data-widget_type=\"divider.default\">\n\t\t\t\t<div class=\"elementor-widget-container\">\n\t\t\t\t\t<div class=\"elementor-divider\">\n\t\t\t<span class=\"elementor-divider-separator\">\n\t\t\t\t\t\t<\/span>\n\t\t<\/div>\n\t\t\t\t<\/div>\n\t\t\t\t<\/div>\n\t\t\t\t<div class=\"elementor-element elementor-element-1l7zbzo elementor-widget elementor-widget-google_maps\" data-id=\"1l7zbzo\" data-element_type=\"widget\" data-widget_type=\"google_maps.default\">\n\t\t\t\t<div class=\"elementor-widget-container\">\n\t\t\t\t\t<div class=\"elementor-custom-embed\">\n\t\t\t<iframe loading=\"lazy\"\n\t\t\t\t\tsrc=\"https:\/\/maps.google.com\/maps?q=49.130758%2C%2011.139326&#038;t=m&#038;z=15&#038;output=embed&#038;iwloc=near\"\n\t\t\t\t\ttitle=\"49.130758, 11.139326\"\n\t\t\t\t\taria-label=\"49.130758, 11.139326\"\n\t\t\t><\/iframe>\n\t\t<\/div>\n\t\t\t\t<\/div>\n\t\t\t\t<\/div>\n\t\t\t\t\t<\/div>\n\t\t<\/div>\n\t\t\t\t<div class=\"elementor-column elementor-col-33 elementor-top-column elementor-element elementor-element-0w0urt1\" data-id=\"0w0urt1\" data-element_type=\"column\">\n\t\t\t<div class=\"elementor-widget-wrap\">\n\t\t\t\t\t\t\t<\/div>\n\t\t<\/div>\n\t\t\t\t\t<\/div>\n\t\t<\/section>\n\t\t\t\t<\/div>\n\t\t","protected":false},"excerpt":{"rendered":"<div class=\"mh-excerpt\"><p>Leitpfosten herausgerissen Heideck &#8211; In der Nacht von Freitag, den 09.11.2018, auf Samstag, den 10.11.2018, haben bisher Unbekannte\u00a0mehrere Leitpfosten auf der Stra\u00dfe von Heideck nach Selingstadt herausgerissen, und dabei einen Schaden in H\u00f6he von ca. <a class=\"mh-excerpt-more\" href=\"https:\/\/www.region-schwabach.de\/wordpress\/leitpfosten-bei-heideck-herausgerissen\/\" title=\"Leitpfosten bei Heideck herausgerissen\">[&#8230;]<\/a><\/p>\n<\/div>","protected":false},"author":1,"featured_media":64530,"comment_status":"open","ping_status":"open","sticky":false,"template":"","format":"standard","meta":{"_cbd_carousel_blocks":"[]","footnotes":""},"categories":[15],"tags":[6420,6529,1519,596,297,6450,981,487,401,713,3051],"class_list":{"0":"post-64529","1":"post","2":"type-post","3":"status-publish","4":"format-standard","5":"has-post-thumbnail","7":"category-polizeimeldungen","8":"tag-09-11-2018","9":"tag-10-11-2018","10":"tag-ermittlungsverfahren","11":"tag-heideck","12":"tag-hilpoltstein","13":"tag-leitpfosten","14":"tag-polizei","15":"tag-sachbeschaedigung","16":"tag-sachschaden","17":"tag-schaden","18":"tag-selingstadt"},"_links":{"self":[{"href":"https:\/\/www.region-schwabach.de\/wordpress\/wp-json\/wp\/v2\/posts\/64529","targetHints":{"allow":["GET"]}}],"collection":[{"href":"https:\/\/www.region-schwabach.de\/wordpress\/wp-json\/wp\/v2\/posts"}],"about":[{"href":"https:\/\/www.region-schwabach.de\/wordpress\/wp-json\/wp\/v2\/types\/post"}],"author":[{"embeddable":true,"href":"https:\/\/www.region-schwabach.de\/wordpress\/wp-json\/wp\/v2\/users\/1"}],"replies":[{"embeddable":true,"href":"https:\/\/www.region-schwabach.de\/wordpress\/wp-json\/wp\/v2\/comments?post=64529"}],"version-history":[{"count":0,"href":"https:\/\/www.region-schwabach.de\/wordpress\/wp-json\/wp\/v2\/posts\/64529\/revisions"}],"wp:featuredmedia":[{"embeddable":true,"href":"https:\/\/www.region-schwabach.de\/wordpress\/wp-json\/wp\/v2\/media\/64530"}],"wp:attachment":[{"href":"https:\/\/www.region-schwabach.de\/wordpress\/wp-json\/wp\/v2\/media?parent=64529"}],"wp:term":[{"taxonomy":"category","embeddable":true,"href":"https:\/\/www.region-schwabach.de\/wordpress\/wp-json\/wp\/v2\/categories?post=64529"},{"taxonomy":"post_tag","embeddable":true,"href":"https:\/\/www.region-schwabach.de\/wordpress\/wp-json\/wp\/v2\/tags?post=64529"}],"curies":[{"name":"wp","href":"https:\/\/api.w.org\/{rel}","templated":true}]}}