{"id":64534,"date":"2018-11-11T09:57:49","date_gmt":"2018-11-11T08:57:49","guid":{"rendered":"http:\/\/www.region-schwabach.de\/wordpress\/?p=64534"},"modified":"2018-11-11T10:07:27","modified_gmt":"2018-11-11T09:07:27","slug":"pkws-in-hilpoltstein-beruehrten-sich","status":"publish","type":"post","link":"https:\/\/www.region-schwabach.de\/wordpress\/pkws-in-hilpoltstein-beruehrten-sich\/","title":{"rendered":"PKWs in Hilpoltstein ber\u00fchrten sich"},"content":{"rendered":"\t\t<div data-elementor-type=\"wp-post\" data-elementor-id=\"64534\" class=\"elementor elementor-64534 elementor-bc-flex-widget\">\n\t\t\t\t\t\t<section class=\"elementor-section elementor-top-section elementor-element elementor-element-1cuv9jr elementor-section-boxed elementor-section-height-default elementor-section-height-default\" data-id=\"1cuv9jr\" data-element_type=\"section\">\n\t\t\t\t\t\t<div class=\"elementor-container elementor-column-gap-default\">\n\t\t\t\t\t<div class=\"elementor-column elementor-col-66 elementor-top-column elementor-element elementor-element-q5zak7b\" data-id=\"q5zak7b\" data-element_type=\"column\">\n\t\t\t<div class=\"elementor-widget-wrap elementor-element-populated\">\n\t\t\t\t\t\t<div class=\"elementor-element elementor-element-763ecdd elementor-widget elementor-widget-text-editor\" data-id=\"763ecdd\" data-element_type=\"widget\" data-widget_type=\"text-editor.default\">\n\t\t\t\t<div class=\"elementor-widget-container\">\n\t\t\t\t\t\t\t<h3><strong>PKWs ber\u00fchren sich beim Abbiegen<\/strong><\/h3><p><span style=\"font-size: 12pt;\">Hilpoltstein &#8211; Am Samstagmittag, den 10.11.2018, wollte ein bisher unbekannter Fahrzeugf\u00fchrer\u00a0um 12.45 Uhr vom Altstadtring nach links in die Albrecht-D\u00fcrer-Stra\u00dfe in Hilpoltstein abbiegen. Dabei holte der Unbekannte jedoch zu weit aus, so da\u00df er einen neben ihm fahrenden PKW dabei\u00a0touchierte. bevor er ohne anzuhalten nach links in die Albrecht-D\u00fcrer-Stra\u00dfe abbog, und weiterfuhr.<\/span><\/p><h3>Polizei bittet um Mithilfe<\/h3><p><span style=\"font-size: 12pt;\">Personen, die verd\u00e4chtige Beobachtungen gemacht haben, werden gebeten, diese der Polizei in Hilpoltstein unter der Rufnummer 09174-4789-0 mitzuteilen.<\/span><\/p>\t\t\t\t\t\t<\/div>\n\t\t\t\t<\/div>\n\t\t\t\t<div class=\"elementor-element elementor-element-ace1283 elementor-widget-divider--view-line elementor-widget elementor-widget-divider\" data-id=\"ace1283\" data-element_type=\"widget\" data-widget_type=\"divider.default\">\n\t\t\t\t<div class=\"elementor-widget-container\">\n\t\t\t\t\t<div class=\"elementor-divider\">\n\t\t\t<span class=\"elementor-divider-separator\">\n\t\t\t\t\t\t<\/span>\n\t\t<\/div>\n\t\t\t\t<\/div>\n\t\t\t\t<\/div>\n\t\t\t\t<div class=\"elementor-element elementor-element-1l7zbzo elementor-widget elementor-widget-google_maps\" data-id=\"1l7zbzo\" data-element_type=\"widget\" data-widget_type=\"google_maps.default\">\n\t\t\t\t<div class=\"elementor-widget-container\">\n\t\t\t\t\t<div class=\"elementor-custom-embed\">\n\t\t\t<iframe loading=\"lazy\"\n\t\t\t\t\tsrc=\"https:\/\/maps.google.com\/maps?q=49.189109%2C%2011.186568&#038;t=m&#038;z=17&#038;output=embed&#038;iwloc=near\"\n\t\t\t\t\ttitle=\"49.189109, 11.186568\"\n\t\t\t\t\taria-label=\"49.189109, 11.186568\"\n\t\t\t><\/iframe>\n\t\t<\/div>\n\t\t\t\t<\/div>\n\t\t\t\t<\/div>\n\t\t\t\t\t<\/div>\n\t\t<\/div>\n\t\t\t\t<div class=\"elementor-column elementor-col-33 elementor-top-column elementor-element elementor-element-0w0urt1\" data-id=\"0w0urt1\" data-element_type=\"column\">\n\t\t\t<div class=\"elementor-widget-wrap\">\n\t\t\t\t\t\t\t<\/div>\n\t\t<\/div>\n\t\t\t\t\t<\/div>\n\t\t<\/section>\n\t\t\t\t<\/div>\n\t\t","protected":false},"excerpt":{"rendered":"<div class=\"mh-excerpt\"><p>PKWs ber\u00fchren sich beim Abbiegen Hilpoltstein &#8211; Am Samstagmittag, den 10.11.2018, wollte ein bisher unbekannter Fahrzeugf\u00fchrer\u00a0um 12.45 Uhr vom Altstadtring nach links in die Albrecht-D\u00fcrer-Stra\u00dfe in Hilpoltstein abbiegen. Dabei holte der Unbekannte jedoch zu weit <a class=\"mh-excerpt-more\" href=\"https:\/\/www.region-schwabach.de\/wordpress\/pkws-in-hilpoltstein-beruehrten-sich\/\" title=\"PKWs in Hilpoltstein ber\u00fchrten sich\">[&#8230;]<\/a><\/p>\n<\/div>","protected":false},"author":1,"featured_media":64535,"comment_status":"open","ping_status":"open","sticky":false,"template":"","format":"standard","meta":{"_cbd_carousel_blocks":"[]","footnotes":""},"categories":[15],"tags":[6529,3453,1091,589,454,297,2761,463,981,401,713,334,457],"class_list":{"0":"post-64534","1":"post","2":"type-post","3":"status-publish","4":"format-standard","5":"has-post-thumbnail","7":"category-polizeimeldungen","8":"tag-10-11-2018","9":"tag-abbiegemanoever","10":"tag-albrecht-duerer-strasse","11":"tag-altstadtring","12":"tag-fahrerflucht","13":"tag-hilpoltstein","14":"tag-linksabbiegerspur","15":"tag-pkw","16":"tag-polizei","17":"tag-sachschaden","18":"tag-schaden","19":"tag-unfall","20":"tag-unfallflucht"},"_links":{"self":[{"href":"https:\/\/www.region-schwabach.de\/wordpress\/wp-json\/wp\/v2\/posts\/64534","targetHints":{"allow":["GET"]}}],"collection":[{"href":"https:\/\/www.region-schwabach.de\/wordpress\/wp-json\/wp\/v2\/posts"}],"about":[{"href":"https:\/\/www.region-schwabach.de\/wordpress\/wp-json\/wp\/v2\/types\/post"}],"author":[{"embeddable":true,"href":"https:\/\/www.region-schwabach.de\/wordpress\/wp-json\/wp\/v2\/users\/1"}],"replies":[{"embeddable":true,"href":"https:\/\/www.region-schwabach.de\/wordpress\/wp-json\/wp\/v2\/comments?post=64534"}],"version-history":[{"count":0,"href":"https:\/\/www.region-schwabach.de\/wordpress\/wp-json\/wp\/v2\/posts\/64534\/revisions"}],"wp:featuredmedia":[{"embeddable":true,"href":"https:\/\/www.region-schwabach.de\/wordpress\/wp-json\/wp\/v2\/media\/64535"}],"wp:attachment":[{"href":"https:\/\/www.region-schwabach.de\/wordpress\/wp-json\/wp\/v2\/media?parent=64534"}],"wp:term":[{"taxonomy":"category","embeddable":true,"href":"https:\/\/www.region-schwabach.de\/wordpress\/wp-json\/wp\/v2\/categories?post=64534"},{"taxonomy":"post_tag","embeddable":true,"href":"https:\/\/www.region-schwabach.de\/wordpress\/wp-json\/wp\/v2\/tags?post=64534"}],"curies":[{"name":"wp","href":"https:\/\/api.w.org\/{rel}","templated":true}]}}