{"id":65201,"date":"2018-11-13T11:59:28","date_gmt":"2018-11-13T10:59:28","guid":{"rendered":"http:\/\/www.region-schwabach.de\/wordpress\/?p=65201"},"modified":"2018-11-13T12:11:11","modified_gmt":"2018-11-13T11:11:11","slug":"pkw-in-greding-machte-sich-selbstaendig","status":"publish","type":"post","link":"https:\/\/www.region-schwabach.de\/wordpress\/pkw-in-greding-machte-sich-selbstaendig\/","title":{"rendered":"PKW in Greding machte sich selbst\u00e4ndig"},"content":{"rendered":"\t\t<div data-elementor-type=\"wp-post\" data-elementor-id=\"65201\" class=\"elementor elementor-65201 elementor-bc-flex-widget\">\n\t\t\t\t\t\t<section class=\"elementor-section elementor-top-section elementor-element elementor-element-1cuv9jr elementor-section-boxed elementor-section-height-default elementor-section-height-default\" data-id=\"1cuv9jr\" data-element_type=\"section\">\n\t\t\t\t\t\t<div class=\"elementor-container elementor-column-gap-default\">\n\t\t\t\t\t<div class=\"elementor-column elementor-col-66 elementor-top-column elementor-element elementor-element-q5zak7b\" data-id=\"q5zak7b\" data-element_type=\"column\">\n\t\t\t<div class=\"elementor-widget-wrap elementor-element-populated\">\n\t\t\t\t\t\t<div class=\"elementor-element elementor-element-86qws23 elementor-widget elementor-widget-text-editor\" data-id=\"86qws23\" data-element_type=\"widget\" data-widget_type=\"text-editor.default\">\n\t\t\t\t<div class=\"elementor-widget-container\">\n\t\t\t\t\t\t\t<h3><strong><u>PKW machte sich selbst\u00e4ndig<\/u><\/strong><\/h3><p><span style=\"font-size: 12pt;\">Greding &#8211; Am Montag, den 12.11.2018, stellte ein 40 J\u00e4hriger sein Fahrzeug in der Bahnhofstra\u00dfe in Greding ab, hatte es aber trotz der absch\u00fcssigen Stra\u00dfe nicht gen\u00fcgend gegen ein Wegrollen gesichert, so da\u00df sich der Pkw danach selbst\u00e4ndig machte. Dabei rollte das Fahrzeug r\u00fcckw\u00e4rts, und touchierte drei weitere Fahrzeuge bis die Fahrt endlich an einer Hauswand gestoppt wurde. Verletzt wurde gl\u00fccklicherweise niemand, es entstand aber ein Sachschaden in H\u00f6he von insgesamt ca. 9.000 Euro.<\/span><\/p>\t\t\t\t\t\t<\/div>\n\t\t\t\t<\/div>\n\t\t\t\t<div class=\"elementor-element elementor-element-ace1283 elementor-widget-divider--view-line elementor-widget elementor-widget-divider\" data-id=\"ace1283\" data-element_type=\"widget\" data-widget_type=\"divider.default\">\n\t\t\t\t<div class=\"elementor-widget-container\">\n\t\t\t\t\t<div class=\"elementor-divider\">\n\t\t\t<span class=\"elementor-divider-separator\">\n\t\t\t\t\t\t<\/span>\n\t\t<\/div>\n\t\t\t\t<\/div>\n\t\t\t\t<\/div>\n\t\t\t\t<div class=\"elementor-element elementor-element-1l7zbzo elementor-widget elementor-widget-google_maps\" data-id=\"1l7zbzo\" data-element_type=\"widget\" data-widget_type=\"google_maps.default\">\n\t\t\t\t<div class=\"elementor-widget-container\">\n\t\t\t\t\t<div class=\"elementor-custom-embed\">\n\t\t\t<iframe loading=\"lazy\"\n\t\t\t\t\tsrc=\"https:\/\/maps.google.com\/maps?q=Bahnhofstra%C3%9Fe%2C%20Greding%2C%20Deutschland&#038;t=m&#038;z=15&#038;output=embed&#038;iwloc=near\"\n\t\t\t\t\ttitle=\"Bahnhofstra\u00dfe, Greding, Deutschland\"\n\t\t\t\t\taria-label=\"Bahnhofstra\u00dfe, Greding, Deutschland\"\n\t\t\t><\/iframe>\n\t\t<\/div>\n\t\t\t\t<\/div>\n\t\t\t\t<\/div>\n\t\t\t\t\t<\/div>\n\t\t<\/div>\n\t\t\t\t<div class=\"elementor-column elementor-col-33 elementor-top-column elementor-element elementor-element-0w0urt1\" data-id=\"0w0urt1\" data-element_type=\"column\">\n\t\t\t<div class=\"elementor-widget-wrap\">\n\t\t\t\t\t\t\t<\/div>\n\t\t<\/div>\n\t\t\t\t\t<\/div>\n\t\t<\/section>\n\t\t\t\t<\/div>\n\t\t","protected":false},"excerpt":{"rendered":"<div class=\"mh-excerpt\"><p>PKW machte sich selbst\u00e4ndig Greding &#8211; Am Montag, den 12.11.2018, stellte ein 40 J\u00e4hriger sein Fahrzeug in der Bahnhofstra\u00dfe in Greding ab, hatte es aber trotz der absch\u00fcssigen Stra\u00dfe nicht gen\u00fcgend gegen ein Wegrollen gesichert, <a class=\"mh-excerpt-more\" href=\"https:\/\/www.region-schwabach.de\/wordpress\/pkw-in-greding-machte-sich-selbstaendig\/\" title=\"PKW in Greding machte sich selbst\u00e4ndig\">[&#8230;]<\/a><\/p>\n<\/div>","protected":false},"author":1,"featured_media":65202,"comment_status":"open","ping_status":"open","sticky":false,"template":"","format":"standard","meta":{"_cbd_carousel_blocks":"[]","footnotes":""},"categories":[15],"tags":[6589,6855,398,1354,1504,297,981,401,713,6856],"class_list":{"0":"post-65201","1":"post","2":"type-post","3":"status-publish","4":"format-standard","5":"has-post-thumbnail","7":"category-polizeimeldungen","8":"tag-12-11-2018","9":"tag-abschuessige-strasse","10":"tag-bahnhofstrasse","11":"tag-greding","12":"tag-hauswand","13":"tag-hilpoltstein","14":"tag-polizei","15":"tag-sachschaden","16":"tag-schaden","17":"tag-weggerollt"},"_links":{"self":[{"href":"https:\/\/www.region-schwabach.de\/wordpress\/wp-json\/wp\/v2\/posts\/65201","targetHints":{"allow":["GET"]}}],"collection":[{"href":"https:\/\/www.region-schwabach.de\/wordpress\/wp-json\/wp\/v2\/posts"}],"about":[{"href":"https:\/\/www.region-schwabach.de\/wordpress\/wp-json\/wp\/v2\/types\/post"}],"author":[{"embeddable":true,"href":"https:\/\/www.region-schwabach.de\/wordpress\/wp-json\/wp\/v2\/users\/1"}],"replies":[{"embeddable":true,"href":"https:\/\/www.region-schwabach.de\/wordpress\/wp-json\/wp\/v2\/comments?post=65201"}],"version-history":[{"count":0,"href":"https:\/\/www.region-schwabach.de\/wordpress\/wp-json\/wp\/v2\/posts\/65201\/revisions"}],"wp:featuredmedia":[{"embeddable":true,"href":"https:\/\/www.region-schwabach.de\/wordpress\/wp-json\/wp\/v2\/media\/65202"}],"wp:attachment":[{"href":"https:\/\/www.region-schwabach.de\/wordpress\/wp-json\/wp\/v2\/media?parent=65201"}],"wp:term":[{"taxonomy":"category","embeddable":true,"href":"https:\/\/www.region-schwabach.de\/wordpress\/wp-json\/wp\/v2\/categories?post=65201"},{"taxonomy":"post_tag","embeddable":true,"href":"https:\/\/www.region-schwabach.de\/wordpress\/wp-json\/wp\/v2\/tags?post=65201"}],"curies":[{"name":"wp","href":"https:\/\/api.w.org\/{rel}","templated":true}]}}