{"id":65232,"date":"2018-11-13T16:05:06","date_gmt":"2018-11-13T15:05:06","guid":{"rendered":"http:\/\/www.region-schwabach.de\/wordpress\/?p=65232"},"modified":"2018-12-07T16:08:50","modified_gmt":"2018-12-07T15:08:50","slug":"uebung-fuer-katastrophenschutz","status":"publish","type":"post","link":"https:\/\/www.region-schwabach.de\/wordpress\/uebung-fuer-katastrophenschutz\/","title":{"rendered":"\u00dcbung f\u00fcr Katastrophenschutz in Schwabach"},"content":{"rendered":"\t\t<div data-elementor-type=\"wp-post\" data-elementor-id=\"65232\" class=\"elementor elementor-65232 elementor-bc-flex-widget\">\n\t\t\t\t\t\t<section class=\"elementor-section elementor-top-section elementor-element elementor-element-678181b elementor-section-boxed elementor-section-height-default elementor-section-height-default\" data-id=\"678181b\" data-element_type=\"section\">\n\t\t\t\t\t\t<div class=\"elementor-container elementor-column-gap-default\">\n\t\t\t\t\t<div class=\"elementor-column elementor-col-66 elementor-top-column elementor-element elementor-element-6b34026\" data-id=\"6b34026\" data-element_type=\"column\">\n\t\t\t<div class=\"elementor-widget-wrap elementor-element-populated\">\n\t\t\t\t\t\t<div class=\"elementor-element elementor-element-443ab98 elementor-widget elementor-widget-text-editor\" data-id=\"443ab98\" data-element_type=\"widget\" data-widget_type=\"text-editor.default\">\n\t\t\t\t<div class=\"elementor-widget-container\">\n\t\t\t\t\t\t\t<h3>Stadtverwaltung und Hilfsorganisationen:<br \/>\u00dcben f\u00fcr die Katastrophe<\/h3><p><span style=\"font-size: 12pt;\">Schwabach &#8211; Zu einer \u00dcbung kam die F\u00fchrungsgruppe Katastrophenschutz (F\u00fcGK) der\u00a0Stadt Schwabach am Wochenende zusammen. Ziel war es, die\u00a0Zusammenarbeit der verschiedenen st\u00e4dtischen Stellen bei der Bew\u00e4ltigung\u00a0von Gro\u00dfschadenslagen zu proben. Zur F\u00fchrungsgruppe geh\u00f6ren neben\u00a0Vertretern der Stadtverwaltung auch Mitglieder der Feuerwehr, der\u00a0Rettungsdienste, von Polizei und Bundeswehr an.<\/span><\/p><p><span style=\"font-size: 12pt;\">Die F\u00fcGK w\u00e4re im\u00a0Katastrophenfall etwa daf\u00fcr zust\u00e4ndig, die Bev\u00f6lkerung zu unterrichten, den\u00a0Einsatzleiter vor Ort zu unterst\u00fctzen, benachbarte Beh\u00f6rden zu informieren,\u00a0Privatleute zur Hilfe heranzuziehen oder auch Evakuierungen anzuordnen.<\/span><\/p><p><span style=\"font-size: 12pt;\">Ge\u00fcbt wurde anhand des Szenarios eines Massenunfalls auf der Bundesautobahn\u00a0A6, bei dem es neben Toten und zahlreichen Verletzten auch den Ausbruch\u00a0eines Brandes und den mutma\u00dflichen Transport von Gefahrgut zu\u00a0handhaben galt. Bei der \u00dcbung wurden sowohl die Kommunikationskan\u00e4le\u00a0getestet als auch die jeweiligen Zust\u00e4ndigkeiten abgestimmt.<\/span><\/p><p><span style=\"font-size: 12pt;\">Die \u00dcbung wurde zum letzten Mal im ehemaligen Geb\u00e4ude des\u00a0Ordnungsamtes, in der Friedrich-Ebert-Stra\u00dfe durchgef\u00fchrt. Im Fr\u00fchjahr 2019\u00a0wird die die F\u00fchrungsgruppe in das Geb\u00e4ude der Stadtwerke umziehen.<\/span><\/p><p><span style=\"font-size: 12pt;\"><strong>Foto (Stadt Schwabach):<\/strong> Die Einsatzzentrale des Katastrophenschutzes der<\/span><br \/><span style=\"font-size: 12pt;\">Stadt Schwabach w\u00e4hrend der \u00dcbung<\/span><\/p>\t\t\t\t\t\t<\/div>\n\t\t\t\t<\/div>\n\t\t\t\t<section class=\"elementor-section elementor-inner-section elementor-element elementor-element-fe84e16 elementor-section-boxed elementor-section-height-default elementor-section-height-default\" data-id=\"fe84e16\" data-element_type=\"section\">\n\t\t\t\t\t\t<div class=\"elementor-container elementor-column-gap-default\">\n\t\t\t\t\t<div class=\"elementor-column elementor-col-100 elementor-inner-column elementor-element elementor-element-8c7a0c8\" data-id=\"8c7a0c8\" data-element_type=\"column\">\n\t\t\t<div class=\"elementor-widget-wrap elementor-element-populated\">\n\t\t\t\t\t\t<div class=\"elementor-element elementor-element-be40520 elementor-widget elementor-widget-html\" data-id=\"be40520\" data-element_type=\"widget\" data-widget_type=\"html.default\">\n\t\t\t\t<div class=\"elementor-widget-container\">\n\t\t\t<iframe style=\"width:120px;height:240px;\" marginwidth=\"0\" marginheight=\"0\" scrolling=\"no\" frameborder=\"0\" src=\"\/\/ws-eu.amazon-adsystem.com\/widgets\/q?ServiceVersion=20070822&OneJS=1&Operation=GetAdHtml&MarketPlace=DE&source=ac&ref=qf_sp_asin_til&ad_type=product_link&tracking_id=hlde-21&marketplace=amazon&region=DE&placement=B076MFQ93D&asins=B076MFQ93D&linkId=46c877675652ef2fc1d58828aa137e4d&show_border=true&link_opens_in_new_window=true&price_color=333333&title_color=0066c0&bg_color=ffffff\"><\/iframe>\n<iframe style=\"width:120px;height:240px;\" marginwidth=\"0\" marginheight=\"0\" scrolling=\"no\" frameborder=\"0\" src=\"\/\/ws-eu.amazon-adsystem.com\/widgets\/q?ServiceVersion=20070822&OneJS=1&Operation=GetAdHtml&MarketPlace=DE&source=ac&ref=qf_sp_asin_til&ad_type=product_link&tracking_id=hlde-21&marketplace=amazon&region=DE&placement=B07L14DCLG&asins=B07L14DCLG&linkId=d232feebbd93b8cb8bd93213a5d64cbb&show_border=true&link_opens_in_new_window=true&price_color=333333&title_color=0066c0&bg_color=ffffff\"><\/iframe>\n<iframe style=\"width:120px;height:240px;\" marginwidth=\"0\" marginheight=\"0\" scrolling=\"no\" frameborder=\"0\" src=\"\/\/ws-eu.amazon-adsystem.com\/widgets\/q?ServiceVersion=20070822&OneJS=1&Operation=GetAdHtml&MarketPlace=DE&source=ac&ref=qf_sp_asin_til&ad_type=product_link&tracking_id=hlde-21&marketplace=amazon&region=DE&placement=3926071540&asins=3926071540&linkId=8ab91bee09751ba2ead2265f4cf88fac&show_border=true&link_opens_in_new_window=true&price_color=333333&title_color=0066c0&bg_color=ffffff\"><\/iframe>\t\t<\/div>\n\t\t\t\t<\/div>\n\t\t\t\t\t<\/div>\n\t\t<\/div>\n\t\t\t\t\t<\/div>\n\t\t<\/section>\n\t\t\t\t<div class=\"elementor-element elementor-element-709011a elementor-widget-divider--view-line elementor-widget elementor-widget-divider\" data-id=\"709011a\" data-element_type=\"widget\" data-widget_type=\"divider.default\">\n\t\t\t\t<div class=\"elementor-widget-container\">\n\t\t\t\t\t<div class=\"elementor-divider\">\n\t\t\t<span class=\"elementor-divider-separator\">\n\t\t\t\t\t\t<\/span>\n\t\t<\/div>\n\t\t\t\t<\/div>\n\t\t\t\t<\/div>\n\t\t\t\t<div class=\"elementor-element elementor-element-b465de7 elementor-widget elementor-widget-google_maps\" data-id=\"b465de7\" data-element_type=\"widget\" data-widget_type=\"google_maps.default\">\n\t\t\t\t<div class=\"elementor-widget-container\">\n\t\t\t\t\t<div class=\"elementor-custom-embed\">\n\t\t\t<iframe loading=\"lazy\"\n\t\t\t\t\tsrc=\"https:\/\/maps.google.com\/maps?q=Friedrich-Ebert-Stra%C3%9Fe%2C%20Schwabach%2C%20Deutschland&#038;t=m&#038;z=17&#038;output=embed&#038;iwloc=near\"\n\t\t\t\t\ttitle=\"Friedrich-Ebert-Stra\u00dfe, Schwabach, Deutschland\"\n\t\t\t\t\taria-label=\"Friedrich-Ebert-Stra\u00dfe, Schwabach, Deutschland\"\n\t\t\t><\/iframe>\n\t\t<\/div>\n\t\t\t\t<\/div>\n\t\t\t\t<\/div>\n\t\t\t\t\t<\/div>\n\t\t<\/div>\n\t\t\t\t<div class=\"elementor-column elementor-col-33 elementor-top-column elementor-element elementor-element-f645137\" data-id=\"f645137\" data-element_type=\"column\">\n\t\t\t<div class=\"elementor-widget-wrap\">\n\t\t\t\t\t\t\t<\/div>\n\t\t<\/div>\n\t\t\t\t\t<\/div>\n\t\t<\/section>\n\t\t\t\t<\/div>\n\t\t","protected":false},"excerpt":{"rendered":"<div class=\"mh-excerpt\"><p>Stadtverwaltung und Hilfsorganisationen:\u00dcben f\u00fcr die Katastrophe Schwabach &#8211; Zu einer \u00dcbung kam die F\u00fchrungsgruppe Katastrophenschutz (F\u00fcGK) der\u00a0Stadt Schwabach am Wochenende zusammen. Ziel war es, die\u00a0Zusammenarbeit der verschiedenen st\u00e4dtischen Stellen bei der Bew\u00e4ltigung\u00a0von Gro\u00dfschadenslagen zu proben. <a class=\"mh-excerpt-more\" href=\"https:\/\/www.region-schwabach.de\/wordpress\/uebung-fuer-katastrophenschutz\/\" title=\"\u00dcbung f\u00fcr Katastrophenschutz in Schwabach\">[&#8230;]<\/a><\/p>\n<\/div>","protected":false},"author":1,"featured_media":65233,"comment_status":"open","ping_status":"open","sticky":false,"template":"","format":"standard","meta":{"_cbd_carousel_blocks":"[]","footnotes":""},"categories":[16,61,46],"tags":[6529,6868,4951,3953,1480,19,3151,6867],"class_list":{"0":"post-65232","1":"post","2":"type-post","3":"status-publish","4":"format-standard","5":"has-post-thumbnail","7":"category-aktuell","8":"category-rathaus","9":"category-verbaende","10":"tag-10-11-2018","11":"tag-fuehrungsgruppe-katastrophenschutz-fuegk","12":"tag-katastrophenschutz","13":"tag-november-2018","14":"tag-rathaus","15":"tag-schwabach","16":"tag-stadt-schwabach","17":"tag-uebung"},"_links":{"self":[{"href":"https:\/\/www.region-schwabach.de\/wordpress\/wp-json\/wp\/v2\/posts\/65232","targetHints":{"allow":["GET"]}}],"collection":[{"href":"https:\/\/www.region-schwabach.de\/wordpress\/wp-json\/wp\/v2\/posts"}],"about":[{"href":"https:\/\/www.region-schwabach.de\/wordpress\/wp-json\/wp\/v2\/types\/post"}],"author":[{"embeddable":true,"href":"https:\/\/www.region-schwabach.de\/wordpress\/wp-json\/wp\/v2\/users\/1"}],"replies":[{"embeddable":true,"href":"https:\/\/www.region-schwabach.de\/wordpress\/wp-json\/wp\/v2\/comments?post=65232"}],"version-history":[{"count":0,"href":"https:\/\/www.region-schwabach.de\/wordpress\/wp-json\/wp\/v2\/posts\/65232\/revisions"}],"wp:featuredmedia":[{"embeddable":true,"href":"https:\/\/www.region-schwabach.de\/wordpress\/wp-json\/wp\/v2\/media\/65233"}],"wp:attachment":[{"href":"https:\/\/www.region-schwabach.de\/wordpress\/wp-json\/wp\/v2\/media?parent=65232"}],"wp:term":[{"taxonomy":"category","embeddable":true,"href":"https:\/\/www.region-schwabach.de\/wordpress\/wp-json\/wp\/v2\/categories?post=65232"},{"taxonomy":"post_tag","embeddable":true,"href":"https:\/\/www.region-schwabach.de\/wordpress\/wp-json\/wp\/v2\/tags?post=65232"}],"curies":[{"name":"wp","href":"https:\/\/api.w.org\/{rel}","templated":true}]}}