{"id":65253,"date":"2018-11-14T09:34:32","date_gmt":"2018-11-14T08:34:32","guid":{"rendered":"http:\/\/www.region-schwabach.de\/wordpress\/?p=65253"},"modified":"2018-11-14T09:48:23","modified_gmt":"2018-11-14T08:48:23","slug":"verkehrsunfall-mit-2-verletzten-in-wendelstein","status":"publish","type":"post","link":"https:\/\/www.region-schwabach.de\/wordpress\/verkehrsunfall-mit-2-verletzten-in-wendelstein\/","title":{"rendered":"Verkehrsunfall mit 2 Verletzten in Wendelstein"},"content":{"rendered":"\t\t<div data-elementor-type=\"wp-post\" data-elementor-id=\"65253\" class=\"elementor elementor-65253 elementor-bc-flex-widget\">\n\t\t\t\t\t\t<section class=\"elementor-section elementor-top-section elementor-element elementor-element-1cuv9jr elementor-section-boxed elementor-section-height-default elementor-section-height-default\" data-id=\"1cuv9jr\" data-element_type=\"section\">\n\t\t\t\t\t\t<div class=\"elementor-container elementor-column-gap-default\">\n\t\t\t\t\t<div class=\"elementor-column elementor-col-66 elementor-top-column elementor-element elementor-element-q5zak7b\" data-id=\"q5zak7b\" data-element_type=\"column\">\n\t\t\t<div class=\"elementor-widget-wrap elementor-element-populated\">\n\t\t\t\t\t\t<div class=\"elementor-element elementor-element-763ecdd elementor-widget elementor-widget-text-editor\" data-id=\"763ecdd\" data-element_type=\"widget\" data-widget_type=\"text-editor.default\">\n\t\t\t\t<div class=\"elementor-widget-container\">\n\t\t\t\t\t\t\t<h3 class=\"story-headline\"><strong>Verkehrsunfall mit 2 Verletzten<\/strong><\/h3><p><span style=\"font-size: 12pt;\">Schwabach &#8211; Am Dienstagabend, den 13.11.2018,\u00a0kam es in Wendelstein zu einem Verkehrsunfall, nachdem eine 17-j\u00e4hrige Fahranf\u00e4ngerin (nimmt am begleitenden Fahren teil) aus der Wendelsteiner Stra\u00dfe auf die Staatsstra\u00dfe Richtung N\u00fcrnberg einbog, und dabei den Abstand eines herannahenden und vorfahrtsberechtigten 51-j\u00e4hrigen PKW-Fahrers falsch einsch\u00e4tze.<\/span><\/p><h3>Ca. 15.000 Euro Gesamtschaden<\/h3><p><span style=\"font-size: 12pt;\">Deshalb kam es zur Kollision der beiden Fahrzeuge, und\u00a0die 17 J\u00e4hrige kam von der Fahrbahn ab, fuhr einen Hang entlang, und kippte schlie\u00dflich zur Seite. Bei dem Unfall wurden beide Fahrzeugf\u00fchrer leicht verletzt, die Fahrzeuge waren nicht mehr fahrbereit, und mu\u00dften abgeschleppt werden, und es entstand ein Gesamtsachschaden in H\u00f6he von ca. 15.000 Euro. Die Unfallverursacherin erwartet nun au\u00dferdem ein Strafverfahren wegen fahrl\u00e4ssiger K\u00f6rperverletzung.<\/span><\/p>\t\t\t\t\t\t<\/div>\n\t\t\t\t<\/div>\n\t\t\t\t<div class=\"elementor-element elementor-element-ace1283 elementor-widget-divider--view-line elementor-widget elementor-widget-divider\" data-id=\"ace1283\" data-element_type=\"widget\" data-widget_type=\"divider.default\">\n\t\t\t\t<div class=\"elementor-widget-container\">\n\t\t\t\t\t<div class=\"elementor-divider\">\n\t\t\t<span class=\"elementor-divider-separator\">\n\t\t\t\t\t\t<\/span>\n\t\t<\/div>\n\t\t\t\t<\/div>\n\t\t\t\t<\/div>\n\t\t\t\t<div class=\"elementor-element elementor-element-1l7zbzo elementor-widget elementor-widget-google_maps\" data-id=\"1l7zbzo\" data-element_type=\"widget\" data-widget_type=\"google_maps.default\">\n\t\t\t\t<div class=\"elementor-widget-container\">\n\t\t\t\t\t<div class=\"elementor-custom-embed\">\n\t\t\t<iframe loading=\"lazy\"\n\t\t\t\t\tsrc=\"https:\/\/maps.google.com\/maps?q=49.356953%2C%2011.163383&#038;t=m&#038;z=15&#038;output=embed&#038;iwloc=near\"\n\t\t\t\t\ttitle=\"49.356953, 11.163383\"\n\t\t\t\t\taria-label=\"49.356953, 11.163383\"\n\t\t\t><\/iframe>\n\t\t<\/div>\n\t\t\t\t<\/div>\n\t\t\t\t<\/div>\n\t\t\t\t\t<\/div>\n\t\t<\/div>\n\t\t\t\t<div class=\"elementor-column elementor-col-33 elementor-top-column elementor-element elementor-element-0w0urt1\" data-id=\"0w0urt1\" data-element_type=\"column\">\n\t\t\t<div class=\"elementor-widget-wrap\">\n\t\t\t\t\t\t\t<\/div>\n\t\t<\/div>\n\t\t\t\t\t<\/div>\n\t\t<\/section>\n\t\t\t\t<\/div>\n\t\t","protected":false},"excerpt":{"rendered":"<div class=\"mh-excerpt\"><p>Verkehrsunfall mit 2 Verletzten Schwabach &#8211; Am Dienstagabend, den 13.11.2018,\u00a0kam es in Wendelstein zu einem Verkehrsunfall, nachdem eine 17-j\u00e4hrige Fahranf\u00e4ngerin (nimmt am begleitenden Fahren teil) aus der Wendelsteiner Stra\u00dfe auf die Staatsstra\u00dfe Richtung N\u00fcrnberg einbog, <a class=\"mh-excerpt-more\" href=\"https:\/\/www.region-schwabach.de\/wordpress\/verkehrsunfall-mit-2-verletzten-in-wendelstein\/\" title=\"Verkehrsunfall mit 2 Verletzten in Wendelstein\">[&#8230;]<\/a><\/p>\n<\/div>","protected":false},"author":1,"featured_media":65254,"comment_status":"open","ping_status":"open","sticky":false,"template":"","format":"standard","meta":{"_cbd_carousel_blocks":"[]","footnotes":""},"categories":[15],"tags":[6077,2276,1375,463,981,401,713,19,1093,334,31,476,584],"class_list":{"0":"post-65253","1":"post","2":"type-post","3":"status-publish","4":"format-standard","5":"has-post-thumbnail","7":"category-polizeimeldungen","8":"tag-13-11-2018","9":"tag-fahranfaengerin","10":"tag-leicht-verletzt","11":"tag-pkw","12":"tag-polizei","13":"tag-sachschaden","14":"tag-schaden","15":"tag-schwabach","16":"tag-staatsstrasse","17":"tag-unfall","18":"tag-wendelstein","19":"tag-wendelsteiner-strasse","20":"tag-zusammenstoss"},"_links":{"self":[{"href":"https:\/\/www.region-schwabach.de\/wordpress\/wp-json\/wp\/v2\/posts\/65253","targetHints":{"allow":["GET"]}}],"collection":[{"href":"https:\/\/www.region-schwabach.de\/wordpress\/wp-json\/wp\/v2\/posts"}],"about":[{"href":"https:\/\/www.region-schwabach.de\/wordpress\/wp-json\/wp\/v2\/types\/post"}],"author":[{"embeddable":true,"href":"https:\/\/www.region-schwabach.de\/wordpress\/wp-json\/wp\/v2\/users\/1"}],"replies":[{"embeddable":true,"href":"https:\/\/www.region-schwabach.de\/wordpress\/wp-json\/wp\/v2\/comments?post=65253"}],"version-history":[{"count":0,"href":"https:\/\/www.region-schwabach.de\/wordpress\/wp-json\/wp\/v2\/posts\/65253\/revisions"}],"wp:featuredmedia":[{"embeddable":true,"href":"https:\/\/www.region-schwabach.de\/wordpress\/wp-json\/wp\/v2\/media\/65254"}],"wp:attachment":[{"href":"https:\/\/www.region-schwabach.de\/wordpress\/wp-json\/wp\/v2\/media?parent=65253"}],"wp:term":[{"taxonomy":"category","embeddable":true,"href":"https:\/\/www.region-schwabach.de\/wordpress\/wp-json\/wp\/v2\/categories?post=65253"},{"taxonomy":"post_tag","embeddable":true,"href":"https:\/\/www.region-schwabach.de\/wordpress\/wp-json\/wp\/v2\/tags?post=65253"}],"curies":[{"name":"wp","href":"https:\/\/api.w.org\/{rel}","templated":true}]}}