{"id":65258,"date":"2018-11-14T09:30:43","date_gmt":"2018-11-14T08:30:43","guid":{"rendered":"http:\/\/www.region-schwabach.de\/wordpress\/?p=65258"},"modified":"2018-11-14T10:00:13","modified_gmt":"2018-11-14T09:00:13","slug":"pkw-fahrer-alkoholisiert-in-thalmaessing-unterwegs","status":"publish","type":"post","link":"https:\/\/www.region-schwabach.de\/wordpress\/pkw-fahrer-alkoholisiert-in-thalmaessing-unterwegs\/","title":{"rendered":"PKW-Fahrer alkoholisiert in Thalm\u00e4ssing unterwegs"},"content":{"rendered":"\t\t<div data-elementor-type=\"wp-post\" data-elementor-id=\"65258\" class=\"elementor elementor-65258 elementor-bc-flex-widget\">\n\t\t\t\t\t\t<section class=\"elementor-section elementor-top-section elementor-element elementor-element-1cuv9jr elementor-section-boxed elementor-section-height-default elementor-section-height-default\" data-id=\"1cuv9jr\" data-element_type=\"section\">\n\t\t\t\t\t\t<div class=\"elementor-container elementor-column-gap-default\">\n\t\t\t\t\t<div class=\"elementor-column elementor-col-66 elementor-top-column elementor-element elementor-element-q5zak7b\" data-id=\"q5zak7b\" data-element_type=\"column\">\n\t\t\t<div class=\"elementor-widget-wrap elementor-element-populated\">\n\t\t\t\t\t\t<div class=\"elementor-element elementor-element-763ecdd elementor-widget elementor-widget-text-editor\" data-id=\"763ecdd\" data-element_type=\"widget\" data-widget_type=\"text-editor.default\">\n\t\t\t\t<div class=\"elementor-widget-container\">\n\t\t\t\t\t\t\t<h3 class=\"story-headline\"><strong>Alkoholgeruch bei Kontrolle festgestellt<\/strong><\/h3><p><span style=\"font-size: 12pt;\">Thalm\u00e4ssing &#8211; Am Dienstagabend, den 13.11.2018, wurde ein 59-j\u00e4hriger PKW-Fahrer in Thalm\u00e4ssing einer allgemeinen Verkehrskontrolle unterzogen, bei der die Beamten Alkoholgeruch bei dem Mann bemerkten. Dieser Verdacht best\u00e4tigte sich dann beim anschlie\u00dfenden\u00a0Alkoholtest, der einen Wert von 0,54 Promille ergab, weshalb den Fahrer nun ein Bu\u00dfgeld sowie ein 1-monatiges Fahrverbot erwarten.<\/span><\/p>\t\t\t\t\t\t<\/div>\n\t\t\t\t<\/div>\n\t\t\t\t<div class=\"elementor-element elementor-element-ace1283 elementor-widget-divider--view-line elementor-widget elementor-widget-divider\" data-id=\"ace1283\" data-element_type=\"widget\" data-widget_type=\"divider.default\">\n\t\t\t\t<div class=\"elementor-widget-container\">\n\t\t\t\t\t<div class=\"elementor-divider\">\n\t\t\t<span class=\"elementor-divider-separator\">\n\t\t\t\t\t\t<\/span>\n\t\t<\/div>\n\t\t\t\t<\/div>\n\t\t\t\t<\/div>\n\t\t\t\t<div class=\"elementor-element elementor-element-1l7zbzo elementor-widget elementor-widget-google_maps\" data-id=\"1l7zbzo\" data-element_type=\"widget\" data-widget_type=\"google_maps.default\">\n\t\t\t\t<div class=\"elementor-widget-container\">\n\t\t\t\t\t<div class=\"elementor-custom-embed\">\n\t\t\t<iframe loading=\"lazy\"\n\t\t\t\t\tsrc=\"https:\/\/maps.google.com\/maps?q=Thalm%C3%A4ssing%2C%20Deutschland&#038;t=m&#038;z=15&#038;output=embed&#038;iwloc=near\"\n\t\t\t\t\ttitle=\"Thalm\u00e4ssing, Deutschland\"\n\t\t\t\t\taria-label=\"Thalm\u00e4ssing, Deutschland\"\n\t\t\t><\/iframe>\n\t\t<\/div>\n\t\t\t\t<\/div>\n\t\t\t\t<\/div>\n\t\t\t\t\t<\/div>\n\t\t<\/div>\n\t\t\t\t<div class=\"elementor-column elementor-col-33 elementor-top-column elementor-element elementor-element-0w0urt1\" data-id=\"0w0urt1\" data-element_type=\"column\">\n\t\t\t<div class=\"elementor-widget-wrap\">\n\t\t\t\t\t\t\t<\/div>\n\t\t<\/div>\n\t\t\t\t\t<\/div>\n\t\t<\/section>\n\t\t\t\t<\/div>\n\t\t","protected":false},"excerpt":{"rendered":"<div class=\"mh-excerpt\"><p>Alkoholgeruch bei Kontrolle festgestellt Thalm\u00e4ssing &#8211; Am Dienstagabend, den 13.11.2018, wurde ein 59-j\u00e4hriger PKW-Fahrer in Thalm\u00e4ssing einer allgemeinen Verkehrskontrolle unterzogen, bei der die Beamten Alkoholgeruch bei dem Mann bemerkten. Dieser Verdacht best\u00e4tigte sich dann beim <a class=\"mh-excerpt-more\" href=\"https:\/\/www.region-schwabach.de\/wordpress\/pkw-fahrer-alkoholisiert-in-thalmaessing-unterwegs\/\" title=\"PKW-Fahrer alkoholisiert in Thalm\u00e4ssing unterwegs\">[&#8230;]<\/a><\/p>\n<\/div>","protected":false},"author":1,"featured_media":65259,"comment_status":"open","ping_status":"open","sticky":false,"template":"","format":"standard","meta":{"_cbd_carousel_blocks":"[]","footnotes":""},"categories":[15],"tags":[6077,470,1637,1820,1111,1018,297,981,1355,39,3347],"class_list":{"0":"post-65258","1":"post","2":"type-post","3":"status-publish","4":"format-standard","5":"has-post-thumbnail","7":"category-polizeimeldungen","8":"tag-13-11-2018","9":"tag-alkohol","10":"tag-alkoholgeruch","11":"tag-alkoholtest","12":"tag-bussgeld","13":"tag-fahrverbot","14":"tag-hilpoltstein","15":"tag-polizei","16":"tag-thalmaessing","17":"tag-verkehrskontrolle","18":"tag-weiterfahrt-untersagt"},"_links":{"self":[{"href":"https:\/\/www.region-schwabach.de\/wordpress\/wp-json\/wp\/v2\/posts\/65258","targetHints":{"allow":["GET"]}}],"collection":[{"href":"https:\/\/www.region-schwabach.de\/wordpress\/wp-json\/wp\/v2\/posts"}],"about":[{"href":"https:\/\/www.region-schwabach.de\/wordpress\/wp-json\/wp\/v2\/types\/post"}],"author":[{"embeddable":true,"href":"https:\/\/www.region-schwabach.de\/wordpress\/wp-json\/wp\/v2\/users\/1"}],"replies":[{"embeddable":true,"href":"https:\/\/www.region-schwabach.de\/wordpress\/wp-json\/wp\/v2\/comments?post=65258"}],"version-history":[{"count":0,"href":"https:\/\/www.region-schwabach.de\/wordpress\/wp-json\/wp\/v2\/posts\/65258\/revisions"}],"wp:featuredmedia":[{"embeddable":true,"href":"https:\/\/www.region-schwabach.de\/wordpress\/wp-json\/wp\/v2\/media\/65259"}],"wp:attachment":[{"href":"https:\/\/www.region-schwabach.de\/wordpress\/wp-json\/wp\/v2\/media?parent=65258"}],"wp:term":[{"taxonomy":"category","embeddable":true,"href":"https:\/\/www.region-schwabach.de\/wordpress\/wp-json\/wp\/v2\/categories?post=65258"},{"taxonomy":"post_tag","embeddable":true,"href":"https:\/\/www.region-schwabach.de\/wordpress\/wp-json\/wp\/v2\/tags?post=65258"}],"curies":[{"name":"wp","href":"https:\/\/api.w.org\/{rel}","templated":true}]}}