{"id":65265,"date":"2018-11-14T13:29:25","date_gmt":"2018-11-14T12:29:25","guid":{"rendered":"http:\/\/www.region-schwabach.de\/wordpress\/?p=65265"},"modified":"2018-11-14T13:43:25","modified_gmt":"2018-11-14T12:43:25","slug":"ladendiebstahl-in-weissenburg-2","status":"publish","type":"post","link":"https:\/\/www.region-schwabach.de\/wordpress\/ladendiebstahl-in-weissenburg-2\/","title":{"rendered":"Ladendiebstahl in Wei\u00dfenburg"},"content":{"rendered":"\t\t<div data-elementor-type=\"wp-post\" data-elementor-id=\"65265\" class=\"elementor elementor-65265 elementor-bc-flex-widget\">\n\t\t\t\t\t\t<section class=\"elementor-section elementor-top-section elementor-element elementor-element-1cuv9jr elementor-section-boxed elementor-section-height-default elementor-section-height-default\" data-id=\"1cuv9jr\" data-element_type=\"section\">\n\t\t\t\t\t\t<div class=\"elementor-container elementor-column-gap-default\">\n\t\t\t\t\t<div class=\"elementor-column elementor-col-66 elementor-top-column elementor-element elementor-element-q5zak7b\" data-id=\"q5zak7b\" data-element_type=\"column\">\n\t\t\t<div class=\"elementor-widget-wrap elementor-element-populated\">\n\t\t\t\t\t\t<div class=\"elementor-element elementor-element-763ecdd elementor-widget elementor-widget-text-editor\" data-id=\"763ecdd\" data-element_type=\"widget\" data-widget_type=\"text-editor.default\">\n\t\t\t\t<div class=\"elementor-widget-container\">\n\t\t\t\t\t\t\t<h3 class=\"story-headline\"><strong>Ladendiebstahl in Wei\u00dfenburg<\/strong><\/h3><p><span style=\"font-size: 12pt;\">Wei\u00dfenburg &#8211; Am Dienstagnachmittag, den 13.11.2018, beobachtete ein Ladendetektiv eine Kundin in einem Einkaufsmarkt in der Eichst\u00e4tter Stra\u00dfe in Wei\u00dfenburg dabei, wie sie mehrere Kosmetika in ihrer mitgef\u00fchrten Handtasche verschwinden lie\u00df, und hielt die 21-j\u00e4hrige deshalb nach dem Passieren der Kasse an. <\/span><\/p><h3>Weiteres Diebesgut<span style=\"font-size: 16px;\">\u00a0<\/span>im Auto der Beschuldigten<span style=\"font-size: 16px;\">\u00a0<\/span><span style=\"font-size: 16px;\">entdeckt<\/span><\/h3><p><span style=\"font-size: 12pt;\">Bei der anschlie\u00dfenden Durchsuchung entdeckten die Polizisten Waren im Wert von 135 Euro, und bei der \u00dcberpr\u00fcfung des PKWs der Frau fanden die Polizisten dann auch noch eine gr\u00f6\u00dfere Menge S\u00fc\u00dfwaren, bei denen es sich &#8211; wie eine \u00dcberpr\u00fcfung ergab &#8211; ebenfalls um Diebesgut handelte.<\/span><\/p>\t\t\t\t\t\t<\/div>\n\t\t\t\t<\/div>\n\t\t\t\t<div class=\"elementor-element elementor-element-ace1283 elementor-widget-divider--view-line elementor-widget elementor-widget-divider\" data-id=\"ace1283\" data-element_type=\"widget\" data-widget_type=\"divider.default\">\n\t\t\t\t<div class=\"elementor-widget-container\">\n\t\t\t\t\t<div class=\"elementor-divider\">\n\t\t\t<span class=\"elementor-divider-separator\">\n\t\t\t\t\t\t<\/span>\n\t\t<\/div>\n\t\t\t\t<\/div>\n\t\t\t\t<\/div>\n\t\t\t\t<div class=\"elementor-element elementor-element-1l7zbzo elementor-widget elementor-widget-google_maps\" data-id=\"1l7zbzo\" data-element_type=\"widget\" data-widget_type=\"google_maps.default\">\n\t\t\t\t<div class=\"elementor-widget-container\">\n\t\t\t\t\t<div class=\"elementor-custom-embed\">\n\t\t\t<iframe loading=\"lazy\"\n\t\t\t\t\tsrc=\"https:\/\/maps.google.com\/maps?q=Eichst%C3%A4tter%20Stra%C3%9Fe%2C%20Wei%C3%9Fenburg%2C%20Deutschland&#038;t=m&#038;z=16&#038;output=embed&#038;iwloc=near\"\n\t\t\t\t\ttitle=\"Eichst\u00e4tter Stra\u00dfe, Wei\u00dfenburg, Deutschland\"\n\t\t\t\t\taria-label=\"Eichst\u00e4tter Stra\u00dfe, Wei\u00dfenburg, Deutschland\"\n\t\t\t><\/iframe>\n\t\t<\/div>\n\t\t\t\t<\/div>\n\t\t\t\t<\/div>\n\t\t\t\t\t<\/div>\n\t\t<\/div>\n\t\t\t\t<div class=\"elementor-column elementor-col-33 elementor-top-column elementor-element elementor-element-0w0urt1\" data-id=\"0w0urt1\" data-element_type=\"column\">\n\t\t\t<div class=\"elementor-widget-wrap\">\n\t\t\t\t\t\t\t<\/div>\n\t\t<\/div>\n\t\t\t\t\t<\/div>\n\t\t<\/section>\n\t\t\t\t<\/div>\n\t\t","protected":false},"excerpt":{"rendered":"<div class=\"mh-excerpt\"><p>Ladendiebstahl in Wei\u00dfenburg Wei\u00dfenburg &#8211; Am Dienstagnachmittag, den 13.11.2018, beobachtete ein Ladendetektiv eine Kundin in einem Einkaufsmarkt in der Eichst\u00e4tter Stra\u00dfe in Wei\u00dfenburg dabei, wie sie mehrere Kosmetika in ihrer mitgef\u00fchrten Handtasche verschwinden lie\u00df, und <a class=\"mh-excerpt-more\" href=\"https:\/\/www.region-schwabach.de\/wordpress\/ladendiebstahl-in-weissenburg-2\/\" title=\"Ladendiebstahl in Wei\u00dfenburg\">[&#8230;]<\/a><\/p>\n<\/div>","protected":false},"author":1,"featured_media":65266,"comment_status":"open","ping_status":"open","sticky":false,"template":"","format":"standard","meta":{"_cbd_carousel_blocks":"[]","footnotes":""},"categories":[15],"tags":[6077,30,876,2174,6871,621,5740,463,981,6872,1032,249],"class_list":{"0":"post-65265","1":"post","2":"type-post","3":"status-publish","4":"format-standard","5":"has-post-thumbnail","7":"category-polizeimeldungen","8":"tag-13-11-2018","9":"tag-diebstahl","10":"tag-eichstaetter-strasse","11":"tag-handtasche","12":"tag-kosmetik","13":"tag-ladendetektiv","14":"tag-ladendiebin","15":"tag-pkw","16":"tag-polizei","17":"tag-suessigkeiten","18":"tag-verbrauchermarkt","19":"tag-weissenburg"},"_links":{"self":[{"href":"https:\/\/www.region-schwabach.de\/wordpress\/wp-json\/wp\/v2\/posts\/65265","targetHints":{"allow":["GET"]}}],"collection":[{"href":"https:\/\/www.region-schwabach.de\/wordpress\/wp-json\/wp\/v2\/posts"}],"about":[{"href":"https:\/\/www.region-schwabach.de\/wordpress\/wp-json\/wp\/v2\/types\/post"}],"author":[{"embeddable":true,"href":"https:\/\/www.region-schwabach.de\/wordpress\/wp-json\/wp\/v2\/users\/1"}],"replies":[{"embeddable":true,"href":"https:\/\/www.region-schwabach.de\/wordpress\/wp-json\/wp\/v2\/comments?post=65265"}],"version-history":[{"count":0,"href":"https:\/\/www.region-schwabach.de\/wordpress\/wp-json\/wp\/v2\/posts\/65265\/revisions"}],"wp:featuredmedia":[{"embeddable":true,"href":"https:\/\/www.region-schwabach.de\/wordpress\/wp-json\/wp\/v2\/media\/65266"}],"wp:attachment":[{"href":"https:\/\/www.region-schwabach.de\/wordpress\/wp-json\/wp\/v2\/media?parent=65265"}],"wp:term":[{"taxonomy":"category","embeddable":true,"href":"https:\/\/www.region-schwabach.de\/wordpress\/wp-json\/wp\/v2\/categories?post=65265"},{"taxonomy":"post_tag","embeddable":true,"href":"https:\/\/www.region-schwabach.de\/wordpress\/wp-json\/wp\/v2\/tags?post=65265"}],"curies":[{"name":"wp","href":"https:\/\/api.w.org\/{rel}","templated":true}]}}