{"id":65269,"date":"2018-11-17T00:04:46","date_gmt":"2018-11-16T23:04:46","guid":{"rendered":"http:\/\/www.region-schwabach.de\/wordpress\/?p=65269"},"modified":"2018-11-16T18:56:02","modified_gmt":"2018-11-16T17:56:02","slug":"chwabacher-altstadttage-am-16-17-november-2018","status":"publish","type":"post","link":"https:\/\/www.region-schwabach.de\/wordpress\/chwabacher-altstadttage-am-16-17-november-2018\/","title":{"rendered":"Schwabacher Altstadttage am 16.\/17. November 2018"},"content":{"rendered":"\t\t<div data-elementor-type=\"wp-post\" data-elementor-id=\"65269\" class=\"elementor elementor-65269 elementor-bc-flex-widget\">\n\t\t\t\t\t\t<section class=\"elementor-section elementor-top-section elementor-element elementor-element-e04de7f elementor-section-boxed elementor-section-height-default elementor-section-height-default\" data-id=\"e04de7f\" data-element_type=\"section\">\n\t\t\t\t\t\t<div class=\"elementor-container elementor-column-gap-default\">\n\t\t\t\t\t<div class=\"elementor-column elementor-col-66 elementor-top-column elementor-element elementor-element-0e30e33\" data-id=\"0e30e33\" data-element_type=\"column\">\n\t\t\t<div class=\"elementor-widget-wrap elementor-element-populated\">\n\t\t\t\t\t\t<div class=\"elementor-element elementor-element-1331cc3 elementor-widget elementor-widget-text-editor\" data-id=\"1331cc3\" data-element_type=\"widget\" data-widget_type=\"text-editor.default\">\n\t\t\t\t<div class=\"elementor-widget-container\">\n\t\t\t\t\t\t\t<h3 class=\"uk-article-title\">Am 16. und 17. November 2018:<br \/>Feines und Kurioses bei den Altstadttagen<\/h3><p><span style=\"font-size: 12pt;\">Schwabach &#8211;\u00a0Die Vielfalt der sch\u00f6nen inhabergef\u00fchrten L\u00e4den und Handwerksbetriebe in der\u00a0Schwabacher Innenstadt wollen die 3. Altstadttage am Wochenende vom 16.\u00a0und 17. November wieder in den Fokus r\u00fccken. <\/span><\/p><h3>Rundgang mit 43 L\u00e4den und Einrichtungen<\/h3><p><span style=\"font-size: 12pt;\">Dazu hat das Quartiersmanagement\u00a0einen Rundgang zusammengestellt, bei dem die teilnehmenden\u00a043 L\u00e4den und Einrichtungen mit Aktionen, Vorf\u00fchrungen und Angeboten auf die\u00a0Besucher warten. <\/span><\/p><h3>Rahmenprogramm<\/h3><p><span style=\"font-size: 12pt;\">Kulinarisches und unterhaltsame Einzelhandels-F\u00fchrungen\u00a0runden das Programm ab. Au\u00dferdem gibt es bei einem Suchspiel wieder viele\u00a0sch\u00f6ne Preise zu gewinnen.<\/span><\/p><h3>Infos:<\/h3><p><span style=\"font-size: 12pt;\">Am Freitag, den 16. November 2018, sind die L\u00e4den von 10.00 Uhr bis 18.00 Uhr, am Samstag, den 17. November 2018, von\u00a010.00 Uhr bis 13.00 Uhr ge\u00f6ffnet. Je zwei Einzelhandelsf\u00fchrungen starten am Freitag um\u00a011.00 Uhr und 15.00 Uhr am Rathaus. Diese werden von Bruno Fetzer vom Quartiersmanagement\u00a0<\/span><span style=\"font-size: 12pt;\">und von Wilfried Rotter, Werbe- &amp; Stadtgemeinschaft, geleitet.<\/span><\/p><h3>Weiterf\u00fchrende Links:<\/h3><p><a href=\"https:\/\/www.schwabach.de\/images\/referate\/referat_3\/downloads\/Tourismus\/Veranstaltungen\/klein_Altstadttage_2018_Flyer-final-1.jpg\" target=\"_blank\" rel=\"noopener\"><span style=\"font-size: 12pt;\">Zum &#8222;Altstadttage-Flyer&#8220; (Vorderseite) geht&#8217;s hier &#8230;<\/span><\/a><\/p><p><a href=\"https:\/\/www.schwabach.de\/images\/referate\/referat_3\/downloads\/Tourismus\/Veranstaltungen\/klein_Altstadttage_2018_Flyer-final-2.jpg\" target=\"_blank\" rel=\"noopener\"><span style=\"font-size: 12pt;\">Zum &#8222;Altstadttage-Flyer&#8220; (R\u00fcckseite) geht&#8217;s hier &#8230;<\/span><\/a><\/p>\t\t\t\t\t\t<\/div>\n\t\t\t\t<\/div>\n\t\t\t\t<div class=\"elementor-element elementor-element-9c4562b elementor-widget-divider--view-line elementor-widget elementor-widget-divider\" data-id=\"9c4562b\" data-element_type=\"widget\" data-widget_type=\"divider.default\">\n\t\t\t\t<div class=\"elementor-widget-container\">\n\t\t\t\t\t<div class=\"elementor-divider\">\n\t\t\t<span class=\"elementor-divider-separator\">\n\t\t\t\t\t\t<\/span>\n\t\t<\/div>\n\t\t\t\t<\/div>\n\t\t\t\t<\/div>\n\t\t\t\t<div class=\"elementor-element elementor-element-86e1f80 elementor-widget elementor-widget-google_maps\" data-id=\"86e1f80\" data-element_type=\"widget\" data-widget_type=\"google_maps.default\">\n\t\t\t\t<div class=\"elementor-widget-container\">\n\t\t\t\t\t<div class=\"elementor-custom-embed\">\n\t\t\t<iframe loading=\"lazy\"\n\t\t\t\t\tsrc=\"https:\/\/maps.google.com\/maps?q=K%C3%B6nigsplatz%2C%20Schwabach%2C%20Deutschland&#038;t=m&#038;z=17&#038;output=embed&#038;iwloc=near\"\n\t\t\t\t\ttitle=\"K\u00f6nigsplatz, Schwabach, Deutschland\"\n\t\t\t\t\taria-label=\"K\u00f6nigsplatz, Schwabach, Deutschland\"\n\t\t\t><\/iframe>\n\t\t<\/div>\n\t\t\t\t<\/div>\n\t\t\t\t<\/div>\n\t\t\t\t\t<\/div>\n\t\t<\/div>\n\t\t\t\t<div class=\"elementor-column elementor-col-33 elementor-top-column elementor-element elementor-element-f02176f\" data-id=\"f02176f\" data-element_type=\"column\">\n\t\t\t<div class=\"elementor-widget-wrap\">\n\t\t\t\t\t\t\t<\/div>\n\t\t<\/div>\n\t\t\t\t\t<\/div>\n\t\t<\/section>\n\t\t\t\t<section class=\"elementor-section elementor-top-section elementor-element elementor-element-231bed1 elementor-section-boxed elementor-section-height-default elementor-section-height-default\" data-id=\"231bed1\" data-element_type=\"section\">\n\t\t\t\t\t\t<div class=\"elementor-container elementor-column-gap-default\">\n\t\t\t\t\t<div class=\"elementor-column elementor-col-100 elementor-top-column elementor-element elementor-element-adf6495\" data-id=\"adf6495\" data-element_type=\"column\">\n\t\t\t<div class=\"elementor-widget-wrap elementor-element-populated\">\n\t\t\t\t\t\t<div class=\"elementor-element elementor-element-193fdf4 elementor-widget elementor-widget-image\" data-id=\"193fdf4\" data-element_type=\"widget\" data-widget_type=\"image.default\">\n\t\t\t\t<div class=\"elementor-widget-container\">\n\t\t\t\t\t\t\t\t\t\t<figure class=\"wp-caption\">\n\t\t\t\t\t\t\t\t\t\t\t<a href=\"http:\/\/www.region-schwabach.de\/wordpress\/wp-content\/uploads\/2018\/11\/PM271_Stolpersteine-e1541537701870.jpg\" data-elementor-open-lightbox=\"yes\" data-elementor-lightbox-title=\"PM271_Stolpersteine\" data-e-action-hash=\"#elementor-action%3Aaction%3Dlightbox%26settings%3DeyJpZCI6NjQzMTAsInVybCI6Imh0dHBzOlwvXC93d3cucmVnaW9uLXNjaHdhYmFjaC5kZVwvd29yZHByZXNzXC93cC1jb250ZW50XC91cGxvYWRzXC8yMDE4XC8xMVwvUE0yNzFfU3RvbHBlcnN0ZWluZS1lMTU0MTUzNzcwMTg3MC5qcGcifQ%3D%3D\">\n\t\t\t\t\t\t\t<img fetchpriority=\"high\" decoding=\"async\" width=\"960\" height=\"640\" src=\"https:\/\/www.region-schwabach.de\/wordpress\/wp-content\/uploads\/2018\/11\/PM271_Stolpersteine-e1541537701870.jpg\" class=\"attachment-full size-full wp-image-64310\" alt=\"\" \/>\t\t\t\t\t\t\t\t<\/a>\n\t\t\t\t\t\t\t\t\t\t\t<figcaption class=\"widget-image-caption wp-caption-text\">Foto: Auch die Schwabacher Stolpersteine werden bei der F\u00fchrung am 11. November aufgesucht.<\/figcaption>\n\t\t\t\t\t\t\t\t\t\t<\/figure>\n\t\t\t\t\t\t\t<\/div>\n\t\t\t\t<\/div>\n\t\t\t\t\t<\/div>\n\t\t<\/div>\n\t\t\t\t\t<\/div>\n\t\t<\/section>\n\t\t\t\t<\/div>\n\t\t","protected":false},"excerpt":{"rendered":"<div class=\"mh-excerpt\"><p>Am 16. und 17. November 2018:Feines und Kurioses bei den Altstadttagen Schwabach &#8211;\u00a0Die Vielfalt der sch\u00f6nen inhabergef\u00fchrten L\u00e4den und Handwerksbetriebe in der\u00a0Schwabacher Innenstadt wollen die 3. Altstadttage am Wochenende vom 16.\u00a0und 17. November wieder in <a class=\"mh-excerpt-more\" href=\"https:\/\/www.region-schwabach.de\/wordpress\/chwabacher-altstadttage-am-16-17-november-2018\/\" title=\"Schwabacher Altstadttage am 16.\/17. November 2018\">[&#8230;]<\/a><\/p>\n<\/div>","protected":false},"author":1,"featured_media":0,"comment_status":"open","ping_status":"open","sticky":false,"template":"","format":"standard","meta":{"_cbd_carousel_blocks":"[]","footnotes":""},"categories":[16,287,61,231],"tags":[6592,6593,6876,1581,6873,4033,53,6875,388,6874,1480,19,56,4099],"class_list":{"0":"post-65269","1":"post","2":"type-post","3":"status-publish","4":"format-standard","6":"category-aktuell","7":"category-jugend-und-familie","8":"category-rathaus","9":"category-veranstaltungsnews","10":"tag-16-11-2018","11":"tag-17-11-2018","12":"tag-aktionen","13":"tag-altstadt","14":"tag-altstadttage","15":"tag-angebote","16":"tag-fuehrung","17":"tag-handwerksbetriebe","18":"tag-innenstadt","19":"tag-laeden","20":"tag-rathaus","21":"tag-schwabach","22":"tag-tourismusbuero","23":"tag-vorfuehrungen"},"_links":{"self":[{"href":"https:\/\/www.region-schwabach.de\/wordpress\/wp-json\/wp\/v2\/posts\/65269","targetHints":{"allow":["GET"]}}],"collection":[{"href":"https:\/\/www.region-schwabach.de\/wordpress\/wp-json\/wp\/v2\/posts"}],"about":[{"href":"https:\/\/www.region-schwabach.de\/wordpress\/wp-json\/wp\/v2\/types\/post"}],"author":[{"embeddable":true,"href":"https:\/\/www.region-schwabach.de\/wordpress\/wp-json\/wp\/v2\/users\/1"}],"replies":[{"embeddable":true,"href":"https:\/\/www.region-schwabach.de\/wordpress\/wp-json\/wp\/v2\/comments?post=65269"}],"version-history":[{"count":0,"href":"https:\/\/www.region-schwabach.de\/wordpress\/wp-json\/wp\/v2\/posts\/65269\/revisions"}],"wp:attachment":[{"href":"https:\/\/www.region-schwabach.de\/wordpress\/wp-json\/wp\/v2\/media?parent=65269"}],"wp:term":[{"taxonomy":"category","embeddable":true,"href":"https:\/\/www.region-schwabach.de\/wordpress\/wp-json\/wp\/v2\/categories?post=65269"},{"taxonomy":"post_tag","embeddable":true,"href":"https:\/\/www.region-schwabach.de\/wordpress\/wp-json\/wp\/v2\/tags?post=65269"}],"curies":[{"name":"wp","href":"https:\/\/api.w.org\/{rel}","templated":true}]}}