{"id":65281,"date":"2018-11-15T00:05:41","date_gmt":"2018-11-14T23:05:41","guid":{"rendered":"http:\/\/www.region-schwabach.de\/wordpress\/?p=65281"},"modified":"2018-12-07T16:04:57","modified_gmt":"2018-12-07T15:04:57","slug":"maec-haerder-15-november-2018","status":"publish","type":"post","link":"https:\/\/www.region-schwabach.de\/wordpress\/maec-haerder-15-november-2018\/","title":{"rendered":"M\u00e4c H\u00e4rder &#8211; 15. November 2018"},"content":{"rendered":"\t\t<div data-elementor-type=\"wp-post\" data-elementor-id=\"65281\" class=\"elementor elementor-65281 elementor-bc-flex-widget\">\n\t\t\t\t\t\t<section class=\"elementor-section elementor-top-section elementor-element elementor-element-678181b elementor-section-boxed elementor-section-height-default elementor-section-height-default\" data-id=\"678181b\" data-element_type=\"section\">\n\t\t\t\t\t\t<div class=\"elementor-container elementor-column-gap-default\">\n\t\t\t\t\t<div class=\"elementor-column elementor-col-66 elementor-top-column elementor-element elementor-element-6b34026\" data-id=\"6b34026\" data-element_type=\"column\">\n\t\t\t<div class=\"elementor-widget-wrap elementor-element-populated\">\n\t\t\t\t\t\t<div class=\"elementor-element elementor-element-443ab98 elementor-widget elementor-widget-text-editor\" data-id=\"443ab98\" data-element_type=\"widget\" data-widget_type=\"text-editor.default\">\n\t\t\t\t<div class=\"elementor-widget-container\">\n\t\t\t\t\t\t\t<h3 class=\"entry-title\">M\u00e4c H\u00e4rder &#8211; Wir haben nicht gegoogelt,\u00a0wir haben \u00fcberlegt!<br \/>Donnerstag, 15. November 2018, 20.00 Uhr<\/h3><p><span style=\"font-size: 12pt;\">Schwabach &#8211;\u00a0Am Donnerstag, den 15.11.2018, ist M\u00e4c H\u00e4rder mit seinem Programm &#8222;Wir haben nicht gegoogelt, wir haben \u00fcberlegt!&#8220;\u00a0um 20.00 Uhr in der Galerie Gaswerk, N\u00f6rdliche Ringstra\u00dfe 9, Schwabach zu Gast.<\/span><\/p><p><span style=\"font-size: 12pt;\">P\u00fcnktlich zu seinem 30-j\u00e4hrigen B\u00fchnenjubil\u00e4um\u00a0kommt M\u00e4c H\u00e4rder mit\u00a0einem neuen Programm: \u201eWir haben\u00a0nicht gegoogelt, wir haben \u00fcberlegt!\u201c<\/span><\/p><p><span style=\"font-size: 12pt;\">Es zeigt, wie sich die Welt die letzten\u00a030 Jahre ver\u00e4ndert hat. Wir hetzen\u00a0durchs Leben, ob wir 20 oder 60 Jahre\u00a0alt sind. Selbst 80-j\u00e4hrige h\u00e4ngen mittlerweile\u00a0genervt am Smartphone rum.<\/span><\/p><p><span style=\"font-size: 12pt;\">Wenn wir irgendetwas nicht wissen,\u00a0schauen wir sofort im Computer oder\u00a0im Handy nach. Immer liegt ein Zettel\u00a0auf dem K\u00fcchen- oder Schreibtisch\u00a0mit Dingen, die zu erledigen sind.\u00a0Wenn man sich die Weltgeschichte\u00a0anschaut, fragt man sich wof\u00fcr?<\/span><\/p><p><span style=\"font-size: 12pt;\">Verbringen Sie einen entspannten\u00a0Abend mit M\u00e4c H\u00e4rder, der fr\u00e4nkischen\u00a0Frohnatur und dem Wohlt\u00e4ter\u00a0des treffenden Wortspiels.<\/span><\/p><p><span style=\"font-size: 12pt;\">Eintritt: 17,- Euro<\/span><\/p><h3>Infos:<\/h3><p><span style=\"font-size: 12pt;\"><strong>Kartenbestellungen:<\/strong><\/span><\/p><ul style=\"list-style-type: disc;\"><li><span style=\"font-size: 12pt;\">Telefon: 09122 &#8211; 93 78 82<\/span><\/li><li><span style=\"font-size: 12pt;\">E-Mail: h.kehrbach@kehrbach.de<\/span><\/li><\/ul><p><span style=\"font-size: 12pt;\">Platzreservierung erfolgt nach Bezahlung der Karte.\u00a0Abholung reservierter Karten ist m\u00f6glich im Planwerk Kehrbach,\u00a0N\u00f6rdliche Ringstr. 9, 91126 Schwabach.<\/span><\/p><p><span style=\"font-size: 12pt;\"><strong>\u00d6ffnungszeiten: <\/strong><\/span><\/p><ul style=\"list-style-type: disc;\"><li><span style=\"font-size: 12pt;\">Montag &#8211; Donnerstag von 8.00 &#8211; 17.30<\/span><\/li><li><span style=\"font-size: 12pt;\">Freitag von 8.00 &#8211; 14.30<\/span><\/li><\/ul><h3><span style=\"font-size: 12pt;\">Weiterf\u00fchrende Links:<\/span><\/h3><p><span style=\"font-size: 12pt;\"><a href=\"https:\/\/www.galerie-gaswerk.de\/\" target=\"_blank\" rel=\"noopener\">Hier geht&#8217;s zur Homepage der Galerie Gaswerk &#8230;<\/a><\/span><\/p><p><span style=\"font-size: 12pt;\"><a href=\"https:\/\/www.galerie-gaswerk.de\/pdf_blaetterkatalog\/index.html\" target=\"_blank\" rel=\"noopener\">Hier k\u00f6nnen Sie das aktuelle Programmheft online durchbl\u00e4ttern &#8230;<\/a><\/span><\/p><p><span style=\"font-size: 12pt;\"><a href=\"http:\/\/www.galerie-gaswerk.de\/Galerie-Gaswerk_Programm_2_2018_online.pdf\" target=\"_blank\" rel=\"noopener\">Und hier gibt&#8217;s das Programmheft zum Download &#8230;<\/a><\/span><\/p>\t\t\t\t\t\t<\/div>\n\t\t\t\t<\/div>\n\t\t\t\t<section class=\"elementor-section elementor-inner-section elementor-element elementor-element-0988e95 elementor-section-boxed elementor-section-height-default elementor-section-height-default\" data-id=\"0988e95\" data-element_type=\"section\">\n\t\t\t\t\t\t<div class=\"elementor-container elementor-column-gap-default\">\n\t\t\t\t\t<div class=\"elementor-column elementor-col-100 elementor-inner-column elementor-element elementor-element-9dbdc73\" data-id=\"9dbdc73\" data-element_type=\"column\">\n\t\t\t<div class=\"elementor-widget-wrap elementor-element-populated\">\n\t\t\t\t\t\t<div class=\"elementor-element elementor-element-da88679 elementor-widget elementor-widget-html\" data-id=\"da88679\" data-element_type=\"widget\" data-widget_type=\"html.default\">\n\t\t\t\t<div class=\"elementor-widget-container\">\n\t\t\t<iframe style=\"width:120px;height:240px;\" marginwidth=\"0\" marginheight=\"0\" scrolling=\"no\" frameborder=\"0\" src=\"\/\/ws-eu.amazon-adsystem.com\/widgets\/q?ServiceVersion=20070822&OneJS=1&Operation=GetAdHtml&MarketPlace=DE&source=ac&ref=qf_sp_asin_til&ad_type=product_link&tracking_id=hlde-21&marketplace=amazon&region=DE&placement=B0037YY75U&asins=B0037YY75U&linkId=bcfc1c3e57072c81e379cff67357ab66&show_border=true&link_opens_in_new_window=true&price_color=333333&title_color=0066c0&bg_color=ffffff\"><\/iframe>\n<iframe style=\"width:120px;height:240px;\" marginwidth=\"0\" marginheight=\"0\" scrolling=\"no\" frameborder=\"0\" src=\"\/\/ws-eu.amazon-adsystem.com\/widgets\/q?ServiceVersion=20070822&OneJS=1&Operation=GetAdHtml&MarketPlace=DE&source=ac&ref=qf_sp_asin_til&ad_type=product_link&tracking_id=hlde-21&marketplace=amazon&region=DE&placement=B000JMJU6Y&asins=B000JMJU6Y&linkId=05fc4a3b3aecd80dd4b920cde42f39c5&show_border=true&link_opens_in_new_window=true&price_color=333333&title_color=0066c0&bg_color=ffffff\"><\/iframe>\t\t<\/div>\n\t\t\t\t<\/div>\n\t\t\t\t\t<\/div>\n\t\t<\/div>\n\t\t\t\t\t<\/div>\n\t\t<\/section>\n\t\t\t\t<div class=\"elementor-element elementor-element-a29781d elementor-widget-divider--view-line elementor-widget elementor-widget-divider\" data-id=\"a29781d\" data-element_type=\"widget\" data-widget_type=\"divider.default\">\n\t\t\t\t<div class=\"elementor-widget-container\">\n\t\t\t\t\t<div class=\"elementor-divider\">\n\t\t\t<span class=\"elementor-divider-separator\">\n\t\t\t\t\t\t<\/span>\n\t\t<\/div>\n\t\t\t\t<\/div>\n\t\t\t\t<\/div>\n\t\t\t\t<div class=\"elementor-element elementor-element-2a05a02 elementor-widget elementor-widget-google_maps\" data-id=\"2a05a02\" data-element_type=\"widget\" data-widget_type=\"google_maps.default\">\n\t\t\t\t<div class=\"elementor-widget-container\">\n\t\t\t\t\t<div class=\"elementor-custom-embed\">\n\t\t\t<iframe loading=\"lazy\"\n\t\t\t\t\tsrc=\"https:\/\/maps.google.com\/maps?q=N%C3%B6rdliche%20Ringstra%C3%9Fe%209%2C%20Schwabach%2C%20Deutschland&#038;t=m&#038;z=17&#038;output=embed&#038;iwloc=near\"\n\t\t\t\t\ttitle=\"N\u00f6rdliche Ringstra\u00dfe 9, Schwabach, Deutschland\"\n\t\t\t\t\taria-label=\"N\u00f6rdliche Ringstra\u00dfe 9, Schwabach, Deutschland\"\n\t\t\t><\/iframe>\n\t\t<\/div>\n\t\t\t\t<\/div>\n\t\t\t\t<\/div>\n\t\t\t\t\t<\/div>\n\t\t<\/div>\n\t\t\t\t<div class=\"elementor-column elementor-col-33 elementor-top-column elementor-element elementor-element-f645137\" data-id=\"f645137\" data-element_type=\"column\">\n\t\t\t<div class=\"elementor-widget-wrap\">\n\t\t\t\t\t\t\t<\/div>\n\t\t<\/div>\n\t\t\t\t\t<\/div>\n\t\t<\/section>\n\t\t\t\t<\/div>\n\t\t","protected":false},"excerpt":{"rendered":"<div class=\"mh-excerpt\"><p>M\u00e4c H\u00e4rder &#8211; Wir haben nicht gegoogelt,\u00a0wir haben \u00fcberlegt!Donnerstag, 15. November 2018, 20.00 Uhr Schwabach &#8211;\u00a0Am Donnerstag, den 15.11.2018, ist M\u00e4c H\u00e4rder mit seinem Programm &#8222;Wir haben nicht gegoogelt, wir haben \u00fcberlegt!&#8220;\u00a0um 20.00 Uhr in <a class=\"mh-excerpt-more\" href=\"https:\/\/www.region-schwabach.de\/wordpress\/maec-haerder-15-november-2018\/\" title=\"M\u00e4c H\u00e4rder &#8211; 15. November 2018\">[&#8230;]<\/a><\/p>\n<\/div>","protected":false},"author":1,"featured_media":65282,"comment_status":"open","ping_status":"open","sticky":false,"template":"","format":"standard","meta":{"_cbd_carousel_blocks":"[]","footnotes":""},"categories":[16,287,231],"tags":[6591,4801,6713,785,19,6880],"class_list":{"0":"post-65281","1":"post","2":"type-post","3":"status-publish","4":"format-standard","5":"has-post-thumbnail","7":"category-aktuell","8":"category-jugend-und-familie","9":"category-veranstaltungsnews","10":"tag-15-11-2018","11":"tag-galerie-gaswerk","12":"tag-maec-haerder","13":"tag-noerdliche-ringstrasse","14":"tag-schwabach","15":"tag-wir-haben-nicht-gegoogelt-wir-haben-ueberlegt"},"_links":{"self":[{"href":"https:\/\/www.region-schwabach.de\/wordpress\/wp-json\/wp\/v2\/posts\/65281","targetHints":{"allow":["GET"]}}],"collection":[{"href":"https:\/\/www.region-schwabach.de\/wordpress\/wp-json\/wp\/v2\/posts"}],"about":[{"href":"https:\/\/www.region-schwabach.de\/wordpress\/wp-json\/wp\/v2\/types\/post"}],"author":[{"embeddable":true,"href":"https:\/\/www.region-schwabach.de\/wordpress\/wp-json\/wp\/v2\/users\/1"}],"replies":[{"embeddable":true,"href":"https:\/\/www.region-schwabach.de\/wordpress\/wp-json\/wp\/v2\/comments?post=65281"}],"version-history":[{"count":0,"href":"https:\/\/www.region-schwabach.de\/wordpress\/wp-json\/wp\/v2\/posts\/65281\/revisions"}],"wp:featuredmedia":[{"embeddable":true,"href":"https:\/\/www.region-schwabach.de\/wordpress\/wp-json\/wp\/v2\/media\/65282"}],"wp:attachment":[{"href":"https:\/\/www.region-schwabach.de\/wordpress\/wp-json\/wp\/v2\/media?parent=65281"}],"wp:term":[{"taxonomy":"category","embeddable":true,"href":"https:\/\/www.region-schwabach.de\/wordpress\/wp-json\/wp\/v2\/categories?post=65281"},{"taxonomy":"post_tag","embeddable":true,"href":"https:\/\/www.region-schwabach.de\/wordpress\/wp-json\/wp\/v2\/tags?post=65281"}],"curies":[{"name":"wp","href":"https:\/\/api.w.org\/{rel}","templated":true}]}}