{"id":65310,"date":"2018-11-16T00:03:14","date_gmt":"2018-11-15T23:03:14","guid":{"rendered":"http:\/\/www.region-schwabach.de\/wordpress\/?p=65310"},"modified":"2018-11-15T22:23:30","modified_gmt":"2018-11-15T21:23:30","slug":"stadt-schwabach-sucht-raeume-fuer-kunstbiennale-ortung-11","status":"publish","type":"post","link":"https:\/\/www.region-schwabach.de\/wordpress\/stadt-schwabach-sucht-raeume-fuer-kunstbiennale-ortung-11\/","title":{"rendered":"Stadt Schwabach sucht R\u00e4ume f\u00fcr Kunstbiennale \u201eortung 11\u201c"},"content":{"rendered":"\t\t<div data-elementor-type=\"wp-post\" data-elementor-id=\"65310\" class=\"elementor elementor-65310 elementor-bc-flex-widget\">\n\t\t\t\t\t\t<section class=\"elementor-section elementor-top-section elementor-element elementor-element-678181b elementor-section-boxed elementor-section-height-default elementor-section-height-default\" data-id=\"678181b\" data-element_type=\"section\">\n\t\t\t\t\t\t<div class=\"elementor-container elementor-column-gap-default\">\n\t\t\t\t\t<div class=\"elementor-column elementor-col-66 elementor-top-column elementor-element elementor-element-6b34026\" data-id=\"6b34026\" data-element_type=\"column\">\n\t\t\t<div class=\"elementor-widget-wrap elementor-element-populated\">\n\t\t\t\t\t\t<div class=\"elementor-element elementor-element-443ab98 elementor-widget elementor-widget-text-editor\" data-id=\"443ab98\" data-element_type=\"widget\" data-widget_type=\"text-editor.default\">\n\t\t\t\t<div class=\"elementor-widget-container\">\n\t\t\t\t\t\t\t<h3>Im August 2019:<br \/>R\u00e4ume f\u00fcr Kunstbiennale \u201eortung 11.\u201c gesucht<\/h3><p><span style=\"font-size: 12pt;\">Schwabach &#8211;\u00a0Wer kennt oder besitzt einen versteckten Winkel, einen lauschigen Hinterhof,\u00a0eine ungenutzte Baubrache, einen Balkon, einen Dachboden oder auch einen\u00a0ganz anderen Ort in Schwabach, der gut ein bisschen Kunst vertragen k\u00f6nnte?<br \/><\/span><\/p><p><span style=\"font-size: 12pt;\">Das Organisationsteam der \u201eortung\u201c sucht bereits jetzt f\u00fcr das gro\u00dfe\u00a0Schwabacher Kunstfest im kommenden Jahr nach Ausstellungsr\u00e4umen. Die\u00a0Kunstbiennale findet vom 3. bis zum 18. August 2019 bereits zum 11. Mal statt.<br \/><\/span><\/p><p><span style=\"font-size: 12pt;\">Die Werke werden aber bereits ab dem vorhergehenden Wochenende (ab 26.\u00a0Juli) aufgebaut. Nach der ortung m\u00fcssen die R\u00e4ume durch die Ausstellenden\u00a0bis sp\u00e4testens 20. August 2019 in ihren Ursprungszustand zur\u00fcckversetzt\u00a0werden. Ge\u00f6ffnet ist ortung t\u00e4glich, auch am Wochenende. Aufsichten werden\u00a0von der Stadt Schwabach gestellt.<br \/><\/span><\/p><p><span style=\"font-size: 12pt;\">Auch \u201eortung 11.\u201c lebt 2019 wieder von den Orten, an denen Kunst ausgestellt\u00a0wird. Bisher geh\u00f6rten Galerien, Kirchen und \u00f6ffentliche R\u00e4ume aller Art, auch\u00a0Alltagsr\u00e4ume, Gew\u00f6lbe, Keller, Dachb\u00f6den, Privatzimmer, leerstehende\u00a0Gesch\u00e4fte und freie Gr\u00fcnfl\u00e4chen zu den ortungs-Orten. <\/span><\/p><p><span style=\"font-size: 12pt;\">Das Kulturamt freut sich\u00a0\u00fcber Ideen und Vorschl\u00e4ge unter Telefon 09122 860-305 oder E-Mail:\u00a0<a href=\"mailto:kulturamt@schwabach.de\" target=\"_blank\" rel=\"noopener\">kulturamt@schwabach.de<\/a>. Wer Interesse hat, als Aufsichtskraft w\u00e4hrend des\u00a0ortungs-Zeitraumes eine Station zu betreuen, und vollj\u00e4hrig ist, kann sich\u00a0ebenfalls an das Kulturamt wenden.<br \/><\/span><\/p><p><span style=\"font-size: 12pt;\">Im November startet die Ausschreibung f\u00fcr den Wettbewerb, aus dem die\u00a0K\u00fcnstlerinnen und K\u00fcnstler f\u00fcr \u201eortung 11.\u201c hervorgehen werden.<br \/><\/span><\/p><p><span style=\"font-size: 12pt;\"><strong>Foto:<\/strong> Bei der ortung X im Jahr 2017 entfaltete das Werk \u201eIllusion Gold\u201c von<br \/>Peter Nowak seine Wirkung in einem Kellergew\u00f6lbe in der K\u00f6nigstra\u00dfe.<\/span><\/p><h3>Weiterf\u00fchrende Links:<\/h3><p><span style=\"font-size: 12pt;\"><a href=\"https:\/\/www.schwabach.de\/de\/kulturamt\/infoseiten-kulturamt\/4653-ortung-x-50873.html\" target=\"_blank\" rel=\"noopener\">Zur Homepage von ortung 11 geht&#8217;s hier &#8230;<\/a><\/span><\/p>\t\t\t\t\t\t<\/div>\n\t\t\t\t<\/div>\n\t\t\t\t<div class=\"elementor-element elementor-element-0c834d7 elementor-widget-divider--view-line elementor-widget elementor-widget-divider\" data-id=\"0c834d7\" data-element_type=\"widget\" data-widget_type=\"divider.default\">\n\t\t\t\t<div class=\"elementor-widget-container\">\n\t\t\t\t\t<div class=\"elementor-divider\">\n\t\t\t<span class=\"elementor-divider-separator\">\n\t\t\t\t\t\t<\/span>\n\t\t<\/div>\n\t\t\t\t<\/div>\n\t\t\t\t<\/div>\n\t\t\t\t<div class=\"elementor-element elementor-element-325f51f elementor-widget elementor-widget-google_maps\" data-id=\"325f51f\" data-element_type=\"widget\" data-widget_type=\"google_maps.default\">\n\t\t\t\t<div class=\"elementor-widget-container\">\n\t\t\t\t\t<div class=\"elementor-custom-embed\">\n\t\t\t<iframe loading=\"lazy\"\n\t\t\t\t\tsrc=\"https:\/\/maps.google.com\/maps?q=Schwabach%2C%20Deutschland&#038;t=m&#038;z=14&#038;output=embed&#038;iwloc=near\"\n\t\t\t\t\ttitle=\"Schwabach, Deutschland\"\n\t\t\t\t\taria-label=\"Schwabach, Deutschland\"\n\t\t\t><\/iframe>\n\t\t<\/div>\n\t\t\t\t<\/div>\n\t\t\t\t<\/div>\n\t\t\t\t\t<\/div>\n\t\t<\/div>\n\t\t\t\t<div class=\"elementor-column elementor-col-33 elementor-top-column elementor-element elementor-element-f645137\" data-id=\"f645137\" data-element_type=\"column\">\n\t\t\t<div class=\"elementor-widget-wrap\">\n\t\t\t\t\t\t\t<\/div>\n\t\t<\/div>\n\t\t\t\t\t<\/div>\n\t\t<\/section>\n\t\t\t\t<\/div>\n\t\t","protected":false},"excerpt":{"rendered":"<div class=\"mh-excerpt\"><p>Im August 2019:R\u00e4ume f\u00fcr Kunstbiennale \u201eortung 11.\u201c gesucht Schwabach &#8211;\u00a0Wer kennt oder besitzt einen versteckten Winkel, einen lauschigen Hinterhof,\u00a0eine ungenutzte Baubrache, einen Balkon, einen Dachboden oder auch einen\u00a0ganz anderen Ort in Schwabach, der gut ein <a class=\"mh-excerpt-more\" href=\"https:\/\/www.region-schwabach.de\/wordpress\/stadt-schwabach-sucht-raeume-fuer-kunstbiennale-ortung-11\/\" title=\"Stadt Schwabach sucht R\u00e4ume f\u00fcr Kunstbiennale \u201eortung 11\u201c\">[&#8230;]<\/a><\/p>\n<\/div>","protected":false},"author":1,"featured_media":65311,"comment_status":"open","ping_status":"open","sticky":false,"template":"","format":"standard","meta":{"_cbd_carousel_blocks":"[]","footnotes":""},"categories":[16,4321,287,61,204],"tags":[6889,6887,6893,6894,1666,6888,3953,1480,6890,19,3151,6892,6891],"class_list":{"0":"post-65310","1":"post","2":"type-post","3":"status-publish","4":"format-standard","5":"has-post-thumbnail","7":"category-aktuell","8":"category-gesucht-gefunden","9":"category-jugend-und-familie","10":"category-rathaus","11":"category-wettbewerb","12":"tag-ortung-11","13":"tag-august-2019","14":"tag-balkon","15":"tag-dachboden","16":"tag-hinterhof","17":"tag-kunstbiennale","18":"tag-november-2018","19":"tag-rathaus","20":"tag-raeume","21":"tag-schwabach","22":"tag-stadt-schwabach","23":"tag-ungenutzte-baubrache","24":"tag-versteckten-winkel"},"_links":{"self":[{"href":"https:\/\/www.region-schwabach.de\/wordpress\/wp-json\/wp\/v2\/posts\/65310","targetHints":{"allow":["GET"]}}],"collection":[{"href":"https:\/\/www.region-schwabach.de\/wordpress\/wp-json\/wp\/v2\/posts"}],"about":[{"href":"https:\/\/www.region-schwabach.de\/wordpress\/wp-json\/wp\/v2\/types\/post"}],"author":[{"embeddable":true,"href":"https:\/\/www.region-schwabach.de\/wordpress\/wp-json\/wp\/v2\/users\/1"}],"replies":[{"embeddable":true,"href":"https:\/\/www.region-schwabach.de\/wordpress\/wp-json\/wp\/v2\/comments?post=65310"}],"version-history":[{"count":0,"href":"https:\/\/www.region-schwabach.de\/wordpress\/wp-json\/wp\/v2\/posts\/65310\/revisions"}],"wp:featuredmedia":[{"embeddable":true,"href":"https:\/\/www.region-schwabach.de\/wordpress\/wp-json\/wp\/v2\/media\/65311"}],"wp:attachment":[{"href":"https:\/\/www.region-schwabach.de\/wordpress\/wp-json\/wp\/v2\/media?parent=65310"}],"wp:term":[{"taxonomy":"category","embeddable":true,"href":"https:\/\/www.region-schwabach.de\/wordpress\/wp-json\/wp\/v2\/categories?post=65310"},{"taxonomy":"post_tag","embeddable":true,"href":"https:\/\/www.region-schwabach.de\/wordpress\/wp-json\/wp\/v2\/tags?post=65310"}],"curies":[{"name":"wp","href":"https:\/\/api.w.org\/{rel}","templated":true}]}}