{"id":65365,"date":"2018-11-15T11:05:25","date_gmt":"2018-11-15T10:05:25","guid":{"rendered":"http:\/\/www.region-schwabach.de\/wordpress\/?p=65365"},"modified":"2018-11-15T11:13:35","modified_gmt":"2018-11-15T10:13:35","slug":"missgluecktes-ueberholmanoever-bei-heideck","status":"publish","type":"post","link":"https:\/\/www.region-schwabach.de\/wordpress\/missgluecktes-ueberholmanoever-bei-heideck\/","title":{"rendered":"Missgl\u00fccktes \u00dcberholman\u00f6ver bei Heideck"},"content":{"rendered":"\t\t<div data-elementor-type=\"wp-post\" data-elementor-id=\"65365\" class=\"elementor elementor-65365 elementor-bc-flex-widget\">\n\t\t\t\t\t\t<section class=\"elementor-section elementor-top-section elementor-element elementor-element-1cuv9jr elementor-section-boxed elementor-section-height-default elementor-section-height-default\" data-id=\"1cuv9jr\" data-element_type=\"section\">\n\t\t\t\t\t\t<div class=\"elementor-container elementor-column-gap-default\">\n\t\t\t\t\t<div class=\"elementor-column elementor-col-66 elementor-top-column elementor-element elementor-element-q5zak7b\" data-id=\"q5zak7b\" data-element_type=\"column\">\n\t\t\t<div class=\"elementor-widget-wrap elementor-element-populated\">\n\t\t\t\t\t\t<div class=\"elementor-element elementor-element-763ecdd elementor-widget elementor-widget-text-editor\" data-id=\"763ecdd\" data-element_type=\"widget\" data-widget_type=\"text-editor.default\">\n\t\t\t\t<div class=\"elementor-widget-container\">\n\t\t\t\t\t\t\t<h3><strong>Missgl\u00fccktes \u00dcberholman\u00f6ver<\/strong><\/h3><p><span style=\"font-size: 12pt;\">Hilpoltstein &#8211; Am Mittwochmorgen, den 14.11.2018, war ein\u00a022-j\u00e4hriger PKW-Fahrer von Heideck in Richtung Unterr\u00f6del unterwegs, als er einen vor ihm fahrenden Omnibus \u00fcberholen wollte, bei dem Versuch jedoch\u00a0 bemerkte, da\u00df ihm ein Fahrzeug entgegen kam. <\/span><\/p><h3>Ein Leichtverletzter und Sachschaden<\/h3><p><span style=\"font-size: 12pt;\">Beide Fahrzeuge machten daraufhin eine Vollbremsung, und wichen jeweils nach rechts aus, um einen Frontalzusammensto\u00df zu vermeiden. Dabei fuhr der junge Mann jedoch auf das Heck des Busses auf. Die 19-j\u00e4hrige Fahrerin des entgegenkommenden Fahrzeugs und die Businsassen wurden nicht verletzt, der Unfallverursacher nur leicht. Der Sachschaden am Fahrzeug des Verursachers betr\u00e4gt ca. 10.000 Euro, der Schaden am Bus 1.000 Euro.<\/span><\/p>\t\t\t\t\t\t<\/div>\n\t\t\t\t<\/div>\n\t\t\t\t<div class=\"elementor-element elementor-element-ace1283 elementor-widget-divider--view-line elementor-widget elementor-widget-divider\" data-id=\"ace1283\" data-element_type=\"widget\" data-widget_type=\"divider.default\">\n\t\t\t\t<div class=\"elementor-widget-container\">\n\t\t\t\t\t<div class=\"elementor-divider\">\n\t\t\t<span class=\"elementor-divider-separator\">\n\t\t\t\t\t\t<\/span>\n\t\t<\/div>\n\t\t\t\t<\/div>\n\t\t\t\t<\/div>\n\t\t\t\t<div class=\"elementor-element elementor-element-1l7zbzo elementor-widget elementor-widget-google_maps\" data-id=\"1l7zbzo\" data-element_type=\"widget\" data-widget_type=\"google_maps.default\">\n\t\t\t\t<div class=\"elementor-widget-container\">\n\t\t\t\t\t<div class=\"elementor-custom-embed\">\n\t\t\t<iframe loading=\"lazy\"\n\t\t\t\t\tsrc=\"https:\/\/maps.google.com\/maps?q=Unterr%C3%B6del%2C%20Hilpoltstein%2C%20Deutschland&#038;t=m&#038;z=14&#038;output=embed&#038;iwloc=near\"\n\t\t\t\t\ttitle=\"Unterr\u00f6del, Hilpoltstein, Deutschland\"\n\t\t\t\t\taria-label=\"Unterr\u00f6del, Hilpoltstein, Deutschland\"\n\t\t\t><\/iframe>\n\t\t<\/div>\n\t\t\t\t<\/div>\n\t\t\t\t<\/div>\n\t\t\t\t\t<\/div>\n\t\t<\/div>\n\t\t\t\t<div class=\"elementor-column elementor-col-33 elementor-top-column elementor-element elementor-element-0w0urt1\" data-id=\"0w0urt1\" data-element_type=\"column\">\n\t\t\t<div class=\"elementor-widget-wrap\">\n\t\t\t\t\t\t\t<\/div>\n\t\t<\/div>\n\t\t\t\t\t<\/div>\n\t\t<\/section>\n\t\t\t\t<\/div>\n\t\t","protected":false},"excerpt":{"rendered":"<div class=\"mh-excerpt\"><p>Missgl\u00fccktes \u00dcberholman\u00f6ver Hilpoltstein &#8211; Am Mittwochmorgen, den 14.11.2018, war ein\u00a022-j\u00e4hriger PKW-Fahrer von Heideck in Richtung Unterr\u00f6del unterwegs, als er einen vor ihm fahrenden Omnibus \u00fcberholen wollte, bei dem Versuch jedoch\u00a0 bemerkte, da\u00df ihm ein Fahrzeug <a class=\"mh-excerpt-more\" href=\"https:\/\/www.region-schwabach.de\/wordpress\/missgluecktes-ueberholmanoever-bei-heideck\/\" title=\"Missgl\u00fccktes \u00dcberholman\u00f6ver bei Heideck\">[&#8230;]<\/a><\/p>\n<\/div>","protected":false},"author":1,"featured_media":65366,"comment_status":"open","ping_status":"open","sticky":false,"template":"","format":"standard","meta":{"_cbd_carousel_blocks":"[]","footnotes":""},"categories":[15],"tags":[6590,1650,602,596,297,463,981,401,713,585,334,1280,3322],"class_list":{"0":"post-65365","1":"post","2":"type-post","3":"status-publish","4":"format-standard","5":"has-post-thumbnail","7":"category-polizeimeldungen","8":"tag-14-11-2018","9":"tag-bus","10":"tag-frontalzusammenstoss","11":"tag-heideck","12":"tag-hilpoltstein","13":"tag-pkw","14":"tag-polizei","15":"tag-sachschaden","16":"tag-schaden","17":"tag-ueberholmanoever","18":"tag-unfall","19":"tag-unterroedel","20":"tag-vollbremsung"},"_links":{"self":[{"href":"https:\/\/www.region-schwabach.de\/wordpress\/wp-json\/wp\/v2\/posts\/65365","targetHints":{"allow":["GET"]}}],"collection":[{"href":"https:\/\/www.region-schwabach.de\/wordpress\/wp-json\/wp\/v2\/posts"}],"about":[{"href":"https:\/\/www.region-schwabach.de\/wordpress\/wp-json\/wp\/v2\/types\/post"}],"author":[{"embeddable":true,"href":"https:\/\/www.region-schwabach.de\/wordpress\/wp-json\/wp\/v2\/users\/1"}],"replies":[{"embeddable":true,"href":"https:\/\/www.region-schwabach.de\/wordpress\/wp-json\/wp\/v2\/comments?post=65365"}],"version-history":[{"count":0,"href":"https:\/\/www.region-schwabach.de\/wordpress\/wp-json\/wp\/v2\/posts\/65365\/revisions"}],"wp:featuredmedia":[{"embeddable":true,"href":"https:\/\/www.region-schwabach.de\/wordpress\/wp-json\/wp\/v2\/media\/65366"}],"wp:attachment":[{"href":"https:\/\/www.region-schwabach.de\/wordpress\/wp-json\/wp\/v2\/media?parent=65365"}],"wp:term":[{"taxonomy":"category","embeddable":true,"href":"https:\/\/www.region-schwabach.de\/wordpress\/wp-json\/wp\/v2\/categories?post=65365"},{"taxonomy":"post_tag","embeddable":true,"href":"https:\/\/www.region-schwabach.de\/wordpress\/wp-json\/wp\/v2\/tags?post=65365"}],"curies":[{"name":"wp","href":"https:\/\/api.w.org\/{rel}","templated":true}]}}