{"id":65392,"date":"2018-11-16T08:29:45","date_gmt":"2018-11-16T07:29:45","guid":{"rendered":"http:\/\/www.region-schwabach.de\/wordpress\/?p=65392"},"modified":"2018-11-24T13:49:18","modified_gmt":"2018-11-24T12:49:18","slug":"aenderung-im-stadtverkehr-wegen-vollsperrung-der-strasse-klinggraben-2","status":"publish","type":"post","link":"https:\/\/www.region-schwabach.de\/wordpress\/aenderung-im-stadtverkehr-wegen-vollsperrung-der-strasse-klinggraben-2\/","title":{"rendered":"\u201eKlinggraben\u201c vom 26. November bis 7. Dezember 2018 gesperrt"},"content":{"rendered":"\t\t<div data-elementor-type=\"wp-post\" data-elementor-id=\"65392\" class=\"elementor elementor-65392 elementor-bc-flex-widget\">\n\t\t\t\t\t\t<section class=\"elementor-section elementor-top-section elementor-element elementor-element-1dzeyuh elementor-section-boxed elementor-section-height-default elementor-section-height-default\" data-id=\"1dzeyuh\" data-element_type=\"section\">\n\t\t\t\t\t\t<div class=\"elementor-container elementor-column-gap-default\">\n\t\t\t\t\t<div class=\"elementor-column elementor-col-66 elementor-top-column elementor-element elementor-element-aam59ft\" data-id=\"aam59ft\" data-element_type=\"column\">\n\t\t\t<div class=\"elementor-widget-wrap elementor-element-populated\">\n\t\t\t\t\t\t<div class=\"elementor-element elementor-element-k9p1oyc elementor-widget elementor-widget-text-editor\" data-id=\"k9p1oyc\" data-element_type=\"widget\" data-widget_type=\"text-editor.default\">\n\t\t\t\t<div class=\"elementor-widget-container\">\n\t\t\t\t\t\t\t<h3>Sperrung vom 26. November bis 7. Dezember 2018 n\u00f6tig<\/h3><p><span style=\"font-size: 12pt;\">Schwabach &#8211; Von Montag, den 26.11.2018, bis Freitag, den 07.12.2018, kommt es in Schwabach zur Sperrung der Stra\u00dfe &#8222;Klinggraben&#8220; zwischen Penzendorfer Stra\u00dfe und Hembacher Weg.<\/span><\/p><h3><strong>Grund f\u00fcr die Sperrung\u00a0ist die\u00a0Auswechslung des Schieberkreuzes der Wasserhauptleitung in diesem Bereich\u00a0<\/strong><\/h3><p><span style=\"font-size: 12pt;\">Grund der Sperrung ist die Auswechslung des Schieberkreuzes der Wasserhauptleitung zwischen Penzendorfer Stra\u00dfe und Hembacher Weg.<\/span><\/p><h3>Anliegerverkehr bis zur Baustelle m\u00f6glich<\/h3><p><span style=\"font-size: 12pt;\">W\u00e4hrend der Sperrung ist die Zufahrt f\u00fcr Anlieger beidseitig bis zur Baustelle m\u00f6glich.\u00a0<\/span><\/p><h3><span style=\"font-size: 12pt;\">Penzendorfer Stra\u00dfe halbseitig gesperrt<\/span><\/h3><p><span style=\"font-size: 12pt;\">Aufgrund dieser Baustelle wird au\u00dferdem auch\u00a0die Penzendorfer Stra\u00dfe auf H\u00f6he der Einm\u00fcndung in den Klinggraben halbseitig gesperrt.<\/span><\/p>\t\t\t\t\t\t<\/div>\n\t\t\t\t<\/div>\n\t\t\t\t<div class=\"elementor-element elementor-element-rf47wqh elementor-widget elementor-widget-google_maps\" data-id=\"rf47wqh\" data-element_type=\"widget\" data-widget_type=\"google_maps.default\">\n\t\t\t\t<div class=\"elementor-widget-container\">\n\t\t\t\t\t<div class=\"elementor-custom-embed\">\n\t\t\t<iframe loading=\"lazy\"\n\t\t\t\t\tsrc=\"https:\/\/maps.google.com\/maps?q=49.329211%2C%2011.036732&#038;t=m&#038;z=15&#038;output=embed&#038;iwloc=near\"\n\t\t\t\t\ttitle=\"49.329211, 11.036732\"\n\t\t\t\t\taria-label=\"49.329211, 11.036732\"\n\t\t\t><\/iframe>\n\t\t<\/div>\n\t\t\t\t<\/div>\n\t\t\t\t<\/div>\n\t\t\t\t\t<\/div>\n\t\t<\/div>\n\t\t\t\t<div class=\"elementor-column elementor-col-33 elementor-top-column elementor-element elementor-element-uferl75\" data-id=\"uferl75\" data-element_type=\"column\">\n\t\t\t<div class=\"elementor-widget-wrap\">\n\t\t\t\t\t\t\t<\/div>\n\t\t<\/div>\n\t\t\t\t\t<\/div>\n\t\t<\/section>\n\t\t\t\t<\/div>\n\t\t","protected":false},"excerpt":{"rendered":"<div class=\"mh-excerpt\"><p>Sperrung vom 26. November bis 7. Dezember 2018 n\u00f6tig Schwabach &#8211; Von Montag, den 26.11.2018, bis Freitag, den 07.12.2018, kommt es in Schwabach zur Sperrung der Stra\u00dfe &#8222;Klinggraben&#8220; zwischen Penzendorfer Stra\u00dfe und Hembacher Weg. Grund <a class=\"mh-excerpt-more\" href=\"https:\/\/www.region-schwabach.de\/wordpress\/aenderung-im-stadtverkehr-wegen-vollsperrung-der-strasse-klinggraben-2\/\" title=\"\u201eKlinggraben\u201c vom 26. November bis 7. Dezember 2018 gesperrt\">[&#8230;]<\/a><\/p>\n<\/div>","protected":false},"author":1,"featured_media":66138,"comment_status":"open","ping_status":"open","sticky":false,"template":"template-full.php","format":"standard","meta":{"_cbd_carousel_blocks":"[]","footnotes":""},"categories":[14],"tags":[6202,6919,6920,6921,6922,6923,6924,6918,6601,6602,6603,6604,6605,6925,6926,548,716,19,276],"class_list":{"0":"post-65392","1":"post","2":"type-post","3":"status-publish","4":"format-standard","5":"has-post-thumbnail","7":"category-verkehrsinfos","8":"tag-01-12-2018","9":"tag-02-12-2018","10":"tag-03-12-2018","11":"tag-04-12-2018","12":"tag-05-12-2018","13":"tag-06-12-2018","14":"tag-07-12-2018","15":"tag-26-november-bis-7-dezember-2018","16":"tag-26-11-2018","17":"tag-27-11-2018","18":"tag-28-11-2018","19":"tag-29-11-2018","20":"tag-30-11-2018","21":"tag-auswechslung-des-schieberkreuzes-der-wasserhauptleitung","22":"tag-hembacher-weg","23":"tag-klinggraben","24":"tag-penzendorfer-strasse","25":"tag-schwabach","26":"tag-sperrung"},"_links":{"self":[{"href":"https:\/\/www.region-schwabach.de\/wordpress\/wp-json\/wp\/v2\/posts\/65392","targetHints":{"allow":["GET"]}}],"collection":[{"href":"https:\/\/www.region-schwabach.de\/wordpress\/wp-json\/wp\/v2\/posts"}],"about":[{"href":"https:\/\/www.region-schwabach.de\/wordpress\/wp-json\/wp\/v2\/types\/post"}],"author":[{"embeddable":true,"href":"https:\/\/www.region-schwabach.de\/wordpress\/wp-json\/wp\/v2\/users\/1"}],"replies":[{"embeddable":true,"href":"https:\/\/www.region-schwabach.de\/wordpress\/wp-json\/wp\/v2\/comments?post=65392"}],"version-history":[{"count":0,"href":"https:\/\/www.region-schwabach.de\/wordpress\/wp-json\/wp\/v2\/posts\/65392\/revisions"}],"wp:featuredmedia":[{"embeddable":true,"href":"https:\/\/www.region-schwabach.de\/wordpress\/wp-json\/wp\/v2\/media\/66138"}],"wp:attachment":[{"href":"https:\/\/www.region-schwabach.de\/wordpress\/wp-json\/wp\/v2\/media?parent=65392"}],"wp:term":[{"taxonomy":"category","embeddable":true,"href":"https:\/\/www.region-schwabach.de\/wordpress\/wp-json\/wp\/v2\/categories?post=65392"},{"taxonomy":"post_tag","embeddable":true,"href":"https:\/\/www.region-schwabach.de\/wordpress\/wp-json\/wp\/v2\/tags?post=65392"}],"curies":[{"name":"wp","href":"https:\/\/api.w.org\/{rel}","templated":true}]}}