{"id":65425,"date":"2018-11-16T13:28:31","date_gmt":"2018-11-16T12:28:31","guid":{"rendered":"http:\/\/www.region-schwabach.de\/wordpress\/?p=65425"},"modified":"2018-11-16T13:35:33","modified_gmt":"2018-11-16T12:35:33","slug":"pkw-beim-ausparken-in-allersberg-uebersehen","status":"publish","type":"post","link":"https:\/\/www.region-schwabach.de\/wordpress\/pkw-beim-ausparken-in-allersberg-uebersehen\/","title":{"rendered":"PKW beim Ausparken in Allersberg \u00fcbersehen"},"content":{"rendered":"\t\t<div data-elementor-type=\"wp-post\" data-elementor-id=\"65425\" class=\"elementor elementor-65425 elementor-bc-flex-widget\">\n\t\t\t\t\t\t<section class=\"elementor-section elementor-top-section elementor-element elementor-element-1cuv9jr elementor-section-boxed elementor-section-height-default elementor-section-height-default\" data-id=\"1cuv9jr\" data-element_type=\"section\">\n\t\t\t\t\t\t<div class=\"elementor-container elementor-column-gap-default\">\n\t\t\t\t\t<div class=\"elementor-column elementor-col-66 elementor-top-column elementor-element elementor-element-q5zak7b\" data-id=\"q5zak7b\" data-element_type=\"column\">\n\t\t\t<div class=\"elementor-widget-wrap elementor-element-populated\">\n\t\t\t\t\t\t<div class=\"elementor-element elementor-element-763ecdd elementor-widget elementor-widget-text-editor\" data-id=\"763ecdd\" data-element_type=\"widget\" data-widget_type=\"text-editor.default\">\n\t\t\t\t<div class=\"elementor-widget-container\">\n\t\t\t\t\t\t\t<h3><strong>Herannahenden PKW beim Ausparken \u00fcbersehen<\/strong><\/h3><p><span style=\"font-size: 12pt;\">Allersberg-\u00a0Eine 26-j\u00e4hrige PKW-Fahrerin verursachte am Donnerstagmittag, den 15.11.2018, einen Unfall, als sie aus einer\u00a0Parkbucht in der Gilardistra\u00dfe in Allersberg r\u00fcckw\u00e4rts in den flie\u00dfenden Verkehr einfahren wollte, dabei jedoch einen von hinten nahenden 30-j\u00e4hrigen Chevroletfahrer \u00fcbersah.<\/span><\/p><h3>Gl\u00fccklicherweise nur Sachschaden entstanden<\/h3><p><span style=\"font-size: 12pt;\">Bei dem folgenden Zusammensto\u00df wurde gl\u00fccklicherweise niemand verletzt, an den beiden beteiligten Fahrzeugen entstand ein Gesamtschaden in H\u00f6he von ca. 4.000 Euro.<\/span><\/p>\t\t\t\t\t\t<\/div>\n\t\t\t\t<\/div>\n\t\t\t\t<div class=\"elementor-element elementor-element-ace1283 elementor-widget-divider--view-line elementor-widget elementor-widget-divider\" data-id=\"ace1283\" data-element_type=\"widget\" data-widget_type=\"divider.default\">\n\t\t\t\t<div class=\"elementor-widget-container\">\n\t\t\t\t\t<div class=\"elementor-divider\">\n\t\t\t<span class=\"elementor-divider-separator\">\n\t\t\t\t\t\t<\/span>\n\t\t<\/div>\n\t\t\t\t<\/div>\n\t\t\t\t<\/div>\n\t\t\t\t<div class=\"elementor-element elementor-element-1l7zbzo elementor-widget elementor-widget-google_maps\" data-id=\"1l7zbzo\" data-element_type=\"widget\" data-widget_type=\"google_maps.default\">\n\t\t\t\t<div class=\"elementor-widget-container\">\n\t\t\t\t\t<div class=\"elementor-custom-embed\">\n\t\t\t<iframe loading=\"lazy\"\n\t\t\t\t\tsrc=\"https:\/\/maps.google.com\/maps?q=Gilardistra%C3%9Fe%2C%20Allersberg%2C%20Deutschland&#038;t=m&#038;z=17&#038;output=embed&#038;iwloc=near\"\n\t\t\t\t\ttitle=\"Gilardistra\u00dfe, Allersberg, Deutschland\"\n\t\t\t\t\taria-label=\"Gilardistra\u00dfe, Allersberg, Deutschland\"\n\t\t\t><\/iframe>\n\t\t<\/div>\n\t\t\t\t<\/div>\n\t\t\t\t<\/div>\n\t\t\t\t\t<\/div>\n\t\t<\/div>\n\t\t\t\t<div class=\"elementor-column elementor-col-33 elementor-top-column elementor-element elementor-element-0w0urt1\" data-id=\"0w0urt1\" data-element_type=\"column\">\n\t\t\t<div class=\"elementor-widget-wrap\">\n\t\t\t\t\t\t\t<\/div>\n\t\t<\/div>\n\t\t\t\t\t<\/div>\n\t\t<\/section>\n\t\t\t\t<\/div>\n\t\t","protected":false},"excerpt":{"rendered":"<div class=\"mh-excerpt\"><p>Herannahenden PKW beim Ausparken \u00fcbersehen Allersberg-\u00a0Eine 26-j\u00e4hrige PKW-Fahrerin verursachte am Donnerstagmittag, den 15.11.2018, einen Unfall, als sie aus einer\u00a0Parkbucht in der Gilardistra\u00dfe in Allersberg r\u00fcckw\u00e4rts in den flie\u00dfenden Verkehr einfahren wollte, dabei jedoch einen von <a class=\"mh-excerpt-more\" href=\"https:\/\/www.region-schwabach.de\/wordpress\/pkw-beim-ausparken-in-allersberg-uebersehen\/\" title=\"PKW beim Ausparken in Allersberg \u00fcbersehen\">[&#8230;]<\/a><\/p>\n<\/div>","protected":false},"author":1,"featured_media":65426,"comment_status":"open","ping_status":"open","sticky":false,"template":"","format":"standard","meta":{"_cbd_carousel_blocks":"[]","footnotes":""},"categories":[15],"tags":[6591,556,465,6944,6943,6942,297,2238,463,401,713,334],"class_list":{"0":"post-65425","1":"post","2":"type-post","3":"status-publish","4":"format-standard","5":"has-post-thumbnail","7":"category-polizeimeldungen","8":"tag-15-11-2018","9":"tag-allersberg","10":"tag-ausparken","11":"tag-chevrolet","12":"tag-fliessenden-verkehr","13":"tag-gilardistrasse","14":"tag-hilpoltstein","15":"tag-parkbucht","16":"tag-pkw","17":"tag-sachschaden","18":"tag-schaden","19":"tag-unfall"},"_links":{"self":[{"href":"https:\/\/www.region-schwabach.de\/wordpress\/wp-json\/wp\/v2\/posts\/65425","targetHints":{"allow":["GET"]}}],"collection":[{"href":"https:\/\/www.region-schwabach.de\/wordpress\/wp-json\/wp\/v2\/posts"}],"about":[{"href":"https:\/\/www.region-schwabach.de\/wordpress\/wp-json\/wp\/v2\/types\/post"}],"author":[{"embeddable":true,"href":"https:\/\/www.region-schwabach.de\/wordpress\/wp-json\/wp\/v2\/users\/1"}],"replies":[{"embeddable":true,"href":"https:\/\/www.region-schwabach.de\/wordpress\/wp-json\/wp\/v2\/comments?post=65425"}],"version-history":[{"count":0,"href":"https:\/\/www.region-schwabach.de\/wordpress\/wp-json\/wp\/v2\/posts\/65425\/revisions"}],"wp:featuredmedia":[{"embeddable":true,"href":"https:\/\/www.region-schwabach.de\/wordpress\/wp-json\/wp\/v2\/media\/65426"}],"wp:attachment":[{"href":"https:\/\/www.region-schwabach.de\/wordpress\/wp-json\/wp\/v2\/media?parent=65425"}],"wp:term":[{"taxonomy":"category","embeddable":true,"href":"https:\/\/www.region-schwabach.de\/wordpress\/wp-json\/wp\/v2\/categories?post=65425"},{"taxonomy":"post_tag","embeddable":true,"href":"https:\/\/www.region-schwabach.de\/wordpress\/wp-json\/wp\/v2\/tags?post=65425"}],"curies":[{"name":"wp","href":"https:\/\/api.w.org\/{rel}","templated":true}]}}