{"id":65434,"date":"2018-11-16T14:05:24","date_gmt":"2018-11-16T13:05:24","guid":{"rendered":"http:\/\/www.region-schwabach.de\/wordpress\/?p=65434"},"modified":"2018-11-16T14:13:30","modified_gmt":"2018-11-16T13:13:30","slug":"unfall-bei-rednitzhembach","status":"publish","type":"post","link":"https:\/\/www.region-schwabach.de\/wordpress\/unfall-bei-rednitzhembach\/","title":{"rendered":"Unfall bei Rednitzhembach"},"content":{"rendered":"\t\t<div data-elementor-type=\"wp-post\" data-elementor-id=\"65434\" class=\"elementor elementor-65434 elementor-bc-flex-widget\">\n\t\t\t\t\t\t<section class=\"elementor-section elementor-top-section elementor-element elementor-element-1cuv9jr elementor-section-boxed elementor-section-height-default elementor-section-height-default\" data-id=\"1cuv9jr\" data-element_type=\"section\">\n\t\t\t\t\t\t<div class=\"elementor-container elementor-column-gap-default\">\n\t\t\t\t\t<div class=\"elementor-column elementor-col-66 elementor-top-column elementor-element elementor-element-q5zak7b\" data-id=\"q5zak7b\" data-element_type=\"column\">\n\t\t\t<div class=\"elementor-widget-wrap elementor-element-populated\">\n\t\t\t\t\t\t<div class=\"elementor-element elementor-element-763ecdd elementor-widget elementor-widget-text-editor\" data-id=\"763ecdd\" data-element_type=\"widget\" data-widget_type=\"text-editor.default\">\n\t\t\t\t<div class=\"elementor-widget-container\">\n\t\t\t\t\t\t\t<h3><strong>Unfall bei Wendeman\u00f6ver<\/strong><\/h3><p><span style=\"font-size: 12pt;\">Rednitzhembach- Zu einem Unfall kam es am Donnerstagabend, den 15.11.2018, als eine 47-j\u00e4hrige PKW-Fahrerin auf der Staatsstra\u00dfe zwischen Roth und Rednitzhembach wenden wollte, und deshalb zun\u00e4chst nach rechts auf einen Schotterstreifen fuhr. Im Anschluss fuhr sie in einem Zug wieder auf die Stra\u00dfe &#8211;\u00a0 ohne sich zu vergewissern, ob von hinten ein anderes Fahrzeug kommt &#8211; und kollidierte dabei mit dem PKW einer 50-j\u00e4hrigen Frau.<\/span><\/p><h3>Zwei Personen leicht verletzt<\/h3><p><span style=\"font-size: 12pt;\">Bei dem Unfall wurden die Beifahrerin der Verursacherin sowie die Unfallgegnerin leicht verletzt, beide PKW &#8211; an denen ein Gesamtsachschaden in H\u00f6he von ca. 14.000 Euro entstanden ist &#8211; mu\u00dften abgeschleppt werden.<\/span><\/p>\t\t\t\t\t\t<\/div>\n\t\t\t\t<\/div>\n\t\t\t\t<div class=\"elementor-element elementor-element-ace1283 elementor-widget-divider--view-line elementor-widget elementor-widget-divider\" data-id=\"ace1283\" data-element_type=\"widget\" data-widget_type=\"divider.default\">\n\t\t\t\t<div class=\"elementor-widget-container\">\n\t\t\t\t\t<div class=\"elementor-divider\">\n\t\t\t<span class=\"elementor-divider-separator\">\n\t\t\t\t\t\t<\/span>\n\t\t<\/div>\n\t\t\t\t<\/div>\n\t\t\t\t<\/div>\n\t\t\t\t<div class=\"elementor-element elementor-element-1l7zbzo elementor-widget elementor-widget-google_maps\" data-id=\"1l7zbzo\" data-element_type=\"widget\" data-widget_type=\"google_maps.default\">\n\t\t\t\t<div class=\"elementor-widget-container\">\n\t\t\t\t\t<div class=\"elementor-custom-embed\">\n\t\t\t<iframe loading=\"lazy\"\n\t\t\t\t\tsrc=\"https:\/\/maps.google.com\/maps?q=49.288853%2C%2011.078579&#038;t=m&#038;z=14&#038;output=embed&#038;iwloc=near\"\n\t\t\t\t\ttitle=\"49.288853, 11.078579\"\n\t\t\t\t\taria-label=\"49.288853, 11.078579\"\n\t\t\t><\/iframe>\n\t\t<\/div>\n\t\t\t\t<\/div>\n\t\t\t\t<\/div>\n\t\t\t\t\t<\/div>\n\t\t<\/div>\n\t\t\t\t<div class=\"elementor-column elementor-col-33 elementor-top-column elementor-element elementor-element-0w0urt1\" data-id=\"0w0urt1\" data-element_type=\"column\">\n\t\t\t<div class=\"elementor-widget-wrap\">\n\t\t\t\t\t\t\t<\/div>\n\t\t<\/div>\n\t\t\t\t\t<\/div>\n\t\t<\/section>\n\t\t\t\t<\/div>\n\t\t","protected":false},"excerpt":{"rendered":"<div class=\"mh-excerpt\"><p>Unfall bei Wendeman\u00f6ver Rednitzhembach- Zu einem Unfall kam es am Donnerstagabend, den 15.11.2018, als eine 47-j\u00e4hrige PKW-Fahrerin auf der Staatsstra\u00dfe zwischen Roth und Rednitzhembach wenden wollte, und deshalb zun\u00e4chst nach rechts auf einen Schotterstreifen fuhr. <a class=\"mh-excerpt-more\" href=\"https:\/\/www.region-schwabach.de\/wordpress\/unfall-bei-rednitzhembach\/\" title=\"Unfall bei Rednitzhembach\">[&#8230;]<\/a><\/p>\n<\/div>","protected":false},"author":1,"featured_media":65435,"comment_status":"open","ping_status":"open","sticky":false,"template":"","format":"standard","meta":{"_cbd_carousel_blocks":"[]","footnotes":""},"categories":[15],"tags":[6591,1555,1375,463,981,493,32,401,713,6948,1093,334,3478],"class_list":{"0":"post-65434","1":"post","2":"type-post","3":"status-publish","4":"format-standard","5":"has-post-thumbnail","7":"category-polizeimeldungen","8":"tag-15-11-2018","9":"tag-abschleppdienst","10":"tag-leicht-verletzt","11":"tag-pkw","12":"tag-polizei","13":"tag-rednitzhembach","14":"tag-roth","15":"tag-sachschaden","16":"tag-schaden","17":"tag-schotterstreifen","18":"tag-staatsstrasse","19":"tag-unfall","20":"tag-wendemanoever"},"_links":{"self":[{"href":"https:\/\/www.region-schwabach.de\/wordpress\/wp-json\/wp\/v2\/posts\/65434","targetHints":{"allow":["GET"]}}],"collection":[{"href":"https:\/\/www.region-schwabach.de\/wordpress\/wp-json\/wp\/v2\/posts"}],"about":[{"href":"https:\/\/www.region-schwabach.de\/wordpress\/wp-json\/wp\/v2\/types\/post"}],"author":[{"embeddable":true,"href":"https:\/\/www.region-schwabach.de\/wordpress\/wp-json\/wp\/v2\/users\/1"}],"replies":[{"embeddable":true,"href":"https:\/\/www.region-schwabach.de\/wordpress\/wp-json\/wp\/v2\/comments?post=65434"}],"version-history":[{"count":0,"href":"https:\/\/www.region-schwabach.de\/wordpress\/wp-json\/wp\/v2\/posts\/65434\/revisions"}],"wp:featuredmedia":[{"embeddable":true,"href":"https:\/\/www.region-schwabach.de\/wordpress\/wp-json\/wp\/v2\/media\/65435"}],"wp:attachment":[{"href":"https:\/\/www.region-schwabach.de\/wordpress\/wp-json\/wp\/v2\/media?parent=65434"}],"wp:term":[{"taxonomy":"category","embeddable":true,"href":"https:\/\/www.region-schwabach.de\/wordpress\/wp-json\/wp\/v2\/categories?post=65434"},{"taxonomy":"post_tag","embeddable":true,"href":"https:\/\/www.region-schwabach.de\/wordpress\/wp-json\/wp\/v2\/tags?post=65434"}],"curies":[{"name":"wp","href":"https:\/\/api.w.org\/{rel}","templated":true}]}}