{"id":65439,"date":"2018-11-16T14:22:53","date_gmt":"2018-11-16T13:22:53","guid":{"rendered":"http:\/\/www.region-schwabach.de\/wordpress\/?p=65439"},"modified":"2018-11-17T10:22:15","modified_gmt":"2018-11-17T09:22:15","slug":"bei-unfall-in-roth-mit-baum-kollidiert","status":"publish","type":"post","link":"https:\/\/www.region-schwabach.de\/wordpress\/bei-unfall-in-roth-mit-baum-kollidiert\/","title":{"rendered":"Bei Unfall in Roth mit Baum kollidiert"},"content":{"rendered":"\t\t<div data-elementor-type=\"wp-post\" data-elementor-id=\"65439\" class=\"elementor elementor-65439 elementor-bc-flex-widget\">\n\t\t\t\t\t\t<section class=\"elementor-section elementor-top-section elementor-element elementor-element-1cuv9jr elementor-section-boxed elementor-section-height-default elementor-section-height-default\" data-id=\"1cuv9jr\" data-element_type=\"section\">\n\t\t\t\t\t\t<div class=\"elementor-container elementor-column-gap-default\">\n\t\t\t\t\t<div class=\"elementor-column elementor-col-66 elementor-top-column elementor-element elementor-element-q5zak7b\" data-id=\"q5zak7b\" data-element_type=\"column\">\n\t\t\t<div class=\"elementor-widget-wrap elementor-element-populated\">\n\t\t\t\t\t\t<div class=\"elementor-element elementor-element-763ecdd elementor-widget elementor-widget-text-editor\" data-id=\"763ecdd\" data-element_type=\"widget\" data-widget_type=\"text-editor.default\">\n\t\t\t\t<div class=\"elementor-widget-container\">\n\t\t\t\t\t\t\t<h3><strong>Aus Unachtsamkeit gegen Baum gefahren<\/strong><\/h3><p><span style=\"font-size: 12pt;\">Roth &#8211; Am Donnerstagabend, den 15.11.2018, war\u00a0eine 23-j\u00e4hrige PKW-Fahrerin kurzzeitig abgelenkt, als sie gerade mit ihrem PKW die Bahnhofstra\u00dfe in Roth befuhr. In Folge der Unachtsamkeit kam sie nach links von der Fahrbahn ab, und fuhr danach gegen eine Linde. W\u00e4hrend der Baum unbesch\u00e4digt blieb, mu\u00dfte der PKW abgeschleppt werden, die PKW-Fahrerin wurde gl\u00fccklicherweise nur leicht verletzt.<\/span><\/p>\t\t\t\t\t\t<\/div>\n\t\t\t\t<\/div>\n\t\t\t\t<div class=\"elementor-element elementor-element-ace1283 elementor-widget-divider--view-line elementor-widget elementor-widget-divider\" data-id=\"ace1283\" data-element_type=\"widget\" data-widget_type=\"divider.default\">\n\t\t\t\t<div class=\"elementor-widget-container\">\n\t\t\t\t\t<div class=\"elementor-divider\">\n\t\t\t<span class=\"elementor-divider-separator\">\n\t\t\t\t\t\t<\/span>\n\t\t<\/div>\n\t\t\t\t<\/div>\n\t\t\t\t<\/div>\n\t\t\t\t<div class=\"elementor-element elementor-element-1l7zbzo elementor-widget elementor-widget-google_maps\" data-id=\"1l7zbzo\" data-element_type=\"widget\" data-widget_type=\"google_maps.default\">\n\t\t\t\t<div class=\"elementor-widget-container\">\n\t\t\t\t\t<div class=\"elementor-custom-embed\">\n\t\t\t<iframe loading=\"lazy\"\n\t\t\t\t\tsrc=\"https:\/\/maps.google.com\/maps?q=Bahnhofstra%C3%9Fe%2C%20Roth%2C%20Deutschland&#038;t=m&#038;z=17&#038;output=embed&#038;iwloc=near\"\n\t\t\t\t\ttitle=\"Bahnhofstra\u00dfe, Roth, Deutschland\"\n\t\t\t\t\taria-label=\"Bahnhofstra\u00dfe, Roth, Deutschland\"\n\t\t\t><\/iframe>\n\t\t<\/div>\n\t\t\t\t<\/div>\n\t\t\t\t<\/div>\n\t\t\t\t\t<\/div>\n\t\t<\/div>\n\t\t\t\t<div class=\"elementor-column elementor-col-33 elementor-top-column elementor-element elementor-element-0w0urt1\" data-id=\"0w0urt1\" data-element_type=\"column\">\n\t\t\t<div class=\"elementor-widget-wrap\">\n\t\t\t\t\t\t\t<\/div>\n\t\t<\/div>\n\t\t\t\t\t<\/div>\n\t\t<\/section>\n\t\t\t\t<\/div>\n\t\t","protected":false},"excerpt":{"rendered":"<div class=\"mh-excerpt\"><p>Aus Unachtsamkeit gegen Baum gefahren Roth &#8211; Am Donnerstagabend, den 15.11.2018, war\u00a0eine 23-j\u00e4hrige PKW-Fahrerin kurzzeitig abgelenkt, als sie gerade mit ihrem PKW die Bahnhofstra\u00dfe in Roth befuhr. In Folge der Unachtsamkeit kam sie nach links <a class=\"mh-excerpt-more\" href=\"https:\/\/www.region-schwabach.de\/wordpress\/bei-unfall-in-roth-mit-baum-kollidiert\/\" title=\"Bei Unfall in Roth mit Baum kollidiert\">[&#8230;]<\/a><\/p>\n<\/div>","protected":false},"author":1,"featured_media":65440,"comment_status":"open","ping_status":"open","sticky":false,"template":"","format":"standard","meta":{"_cbd_carousel_blocks":"[]","footnotes":""},"categories":[15],"tags":[6591,1555,398,905,1906,1375,463,981,32,401,713,334],"class_list":{"0":"post-65439","1":"post","2":"type-post","3":"status-publish","4":"format-standard","5":"has-post-thumbnail","7":"category-polizeimeldungen","8":"tag-15-11-2018","9":"tag-abschleppdienst","10":"tag-bahnhofstrasse","11":"tag-baum","12":"tag-fahrbahn","13":"tag-leicht-verletzt","14":"tag-pkw","15":"tag-polizei","16":"tag-roth","17":"tag-sachschaden","18":"tag-schaden","19":"tag-unfall"},"_links":{"self":[{"href":"https:\/\/www.region-schwabach.de\/wordpress\/wp-json\/wp\/v2\/posts\/65439","targetHints":{"allow":["GET"]}}],"collection":[{"href":"https:\/\/www.region-schwabach.de\/wordpress\/wp-json\/wp\/v2\/posts"}],"about":[{"href":"https:\/\/www.region-schwabach.de\/wordpress\/wp-json\/wp\/v2\/types\/post"}],"author":[{"embeddable":true,"href":"https:\/\/www.region-schwabach.de\/wordpress\/wp-json\/wp\/v2\/users\/1"}],"replies":[{"embeddable":true,"href":"https:\/\/www.region-schwabach.de\/wordpress\/wp-json\/wp\/v2\/comments?post=65439"}],"version-history":[{"count":0,"href":"https:\/\/www.region-schwabach.de\/wordpress\/wp-json\/wp\/v2\/posts\/65439\/revisions"}],"wp:featuredmedia":[{"embeddable":true,"href":"https:\/\/www.region-schwabach.de\/wordpress\/wp-json\/wp\/v2\/media\/65440"}],"wp:attachment":[{"href":"https:\/\/www.region-schwabach.de\/wordpress\/wp-json\/wp\/v2\/media?parent=65439"}],"wp:term":[{"taxonomy":"category","embeddable":true,"href":"https:\/\/www.region-schwabach.de\/wordpress\/wp-json\/wp\/v2\/categories?post=65439"},{"taxonomy":"post_tag","embeddable":true,"href":"https:\/\/www.region-schwabach.de\/wordpress\/wp-json\/wp\/v2\/tags?post=65439"}],"curies":[{"name":"wp","href":"https:\/\/api.w.org\/{rel}","templated":true}]}}