{"id":65460,"date":"2018-11-17T10:56:58","date_gmt":"2018-11-17T09:56:58","guid":{"rendered":"http:\/\/www.region-schwabach.de\/wordpress\/?p=65460"},"modified":"2018-11-17T11:05:07","modified_gmt":"2018-11-17T10:05:07","slug":"unfall-auf-der-staatsstrasse-zwischen-burgsalach-und-oberhochstatt","status":"publish","type":"post","link":"https:\/\/www.region-schwabach.de\/wordpress\/unfall-auf-der-staatsstrasse-zwischen-burgsalach-und-oberhochstatt\/","title":{"rendered":"Unfall auf der Staatsstra\u00dfe zwischen Burgsalach und Oberhochstatt"},"content":{"rendered":"\t\t<div data-elementor-type=\"wp-post\" data-elementor-id=\"65460\" class=\"elementor elementor-65460 elementor-bc-flex-widget\">\n\t\t\t\t\t\t<section class=\"elementor-section elementor-top-section elementor-element elementor-element-1cuv9jr elementor-section-boxed elementor-section-height-default elementor-section-height-default\" data-id=\"1cuv9jr\" data-element_type=\"section\">\n\t\t\t\t\t\t<div class=\"elementor-container elementor-column-gap-default\">\n\t\t\t\t\t<div class=\"elementor-column elementor-col-66 elementor-top-column elementor-element elementor-element-q5zak7b\" data-id=\"q5zak7b\" data-element_type=\"column\">\n\t\t\t<div class=\"elementor-widget-wrap elementor-element-populated\">\n\t\t\t\t\t\t<div class=\"elementor-element elementor-element-763ecdd elementor-widget elementor-widget-text-editor\" data-id=\"763ecdd\" data-element_type=\"widget\" data-widget_type=\"text-editor.default\">\n\t\t\t\t<div class=\"elementor-widget-container\">\n\t\t\t\t\t\t\t<h3><strong>Verkehrsunfall auf Staatsstra\u00dfe<\/strong><\/h3><p><span style=\"font-size: 12pt;\">Wei\u00dfenburg &#8211; Am Samstagmorgen, den 17.11.2018, verlor\u00a0eine 41-j\u00e4hrige PKW-Fahrerin zusammen mit ihren beiden 5- und 1-j\u00e4hrigen S\u00f6hnen &#8211; aufgrund von Fahrbahngl\u00e4tte &#8211; auf der Staatsstra\u00dfe zwischen Burgsalach und Oberhochstatt im Kurvenbereich die Kontrolle \u00fcber ihr Fahrzeug, und kam nach links von der Fahrbahn ab. <\/span><\/p><h3>Gl\u00fccklicherweise wurde niemand verletzt<\/h3><p><span style=\"font-size: 12pt;\">Die Fahrt endete schlie\u00dflich auf dem Dach liegend neben der Fahrbahn in einem Geb\u00fcsch. Gl\u00fccklicherweise wurde keiner der Insassen verletzt, am Fahrzeug entstand jedoch ein Totalschaden, und ein Teil der Hecke wurde leicht besch\u00e4digt. Die Unfallverursacherin erwartet nun ein Ordnungswidigkeitenverfahren.\u00a0<\/span><\/p>\t\t\t\t\t\t<\/div>\n\t\t\t\t<\/div>\n\t\t\t\t<div class=\"elementor-element elementor-element-ace1283 elementor-widget-divider--view-line elementor-widget elementor-widget-divider\" data-id=\"ace1283\" data-element_type=\"widget\" data-widget_type=\"divider.default\">\n\t\t\t\t<div class=\"elementor-widget-container\">\n\t\t\t\t\t<div class=\"elementor-divider\">\n\t\t\t<span class=\"elementor-divider-separator\">\n\t\t\t\t\t\t<\/span>\n\t\t<\/div>\n\t\t\t\t<\/div>\n\t\t\t\t<\/div>\n\t\t\t\t<div class=\"elementor-element elementor-element-1l7zbzo elementor-widget elementor-widget-google_maps\" data-id=\"1l7zbzo\" data-element_type=\"widget\" data-widget_type=\"google_maps.default\">\n\t\t\t\t<div class=\"elementor-widget-container\">\n\t\t\t\t\t<div class=\"elementor-custom-embed\">\n\t\t\t<iframe loading=\"lazy\"\n\t\t\t\t\tsrc=\"https:\/\/maps.google.com\/maps?q=49.033634%2C%2011.075555&#038;t=m&#038;z=14&#038;output=embed&#038;iwloc=near\"\n\t\t\t\t\ttitle=\"49.033634, 11.075555\"\n\t\t\t\t\taria-label=\"49.033634, 11.075555\"\n\t\t\t><\/iframe>\n\t\t<\/div>\n\t\t\t\t<\/div>\n\t\t\t\t<\/div>\n\t\t\t\t\t<\/div>\n\t\t<\/div>\n\t\t\t\t<div class=\"elementor-column elementor-col-33 elementor-top-column elementor-element elementor-element-0w0urt1\" data-id=\"0w0urt1\" data-element_type=\"column\">\n\t\t\t<div class=\"elementor-widget-wrap\">\n\t\t\t\t\t\t\t<\/div>\n\t\t<\/div>\n\t\t\t\t\t<\/div>\n\t\t<\/section>\n\t\t\t\t<\/div>\n\t\t","protected":false},"excerpt":{"rendered":"<div class=\"mh-excerpt\"><p>Verkehrsunfall auf Staatsstra\u00dfe Wei\u00dfenburg &#8211; Am Samstagmorgen, den 17.11.2018, verlor\u00a0eine 41-j\u00e4hrige PKW-Fahrerin zusammen mit ihren beiden 5- und 1-j\u00e4hrigen S\u00f6hnen &#8211; aufgrund von Fahrbahngl\u00e4tte &#8211; auf der Staatsstra\u00dfe zwischen Burgsalach und Oberhochstatt im Kurvenbereich die <a class=\"mh-excerpt-more\" href=\"https:\/\/www.region-schwabach.de\/wordpress\/unfall-auf-der-staatsstrasse-zwischen-burgsalach-und-oberhochstatt\/\" title=\"Unfall auf der Staatsstra\u00dfe zwischen Burgsalach und Oberhochstatt\">[&#8230;]<\/a><\/p>\n<\/div>","protected":false},"author":1,"featured_media":65461,"comment_status":"open","ping_status":"open","sticky":false,"template":"","format":"standard","meta":{"_cbd_carousel_blocks":"[]","footnotes":""},"categories":[15],"tags":[6593,5113,2065,1126,706,6951,981,401,713,1093,1297,334,249],"class_list":{"0":"post-65460","1":"post","2":"type-post","3":"status-publish","4":"format-standard","5":"has-post-thumbnail","7":"category-polizeimeldungen","8":"tag-17-11-2018","9":"tag-burgsalach","10":"tag-frau","11":"tag-kinder","12":"tag-oberhochstatt","13":"tag-ordnungswidigkeitenverfahren","14":"tag-polizei","15":"tag-sachschaden","16":"tag-schaden","17":"tag-staatsstrasse","18":"tag-totalschaden","19":"tag-unfall","20":"tag-weissenburg"},"_links":{"self":[{"href":"https:\/\/www.region-schwabach.de\/wordpress\/wp-json\/wp\/v2\/posts\/65460","targetHints":{"allow":["GET"]}}],"collection":[{"href":"https:\/\/www.region-schwabach.de\/wordpress\/wp-json\/wp\/v2\/posts"}],"about":[{"href":"https:\/\/www.region-schwabach.de\/wordpress\/wp-json\/wp\/v2\/types\/post"}],"author":[{"embeddable":true,"href":"https:\/\/www.region-schwabach.de\/wordpress\/wp-json\/wp\/v2\/users\/1"}],"replies":[{"embeddable":true,"href":"https:\/\/www.region-schwabach.de\/wordpress\/wp-json\/wp\/v2\/comments?post=65460"}],"version-history":[{"count":0,"href":"https:\/\/www.region-schwabach.de\/wordpress\/wp-json\/wp\/v2\/posts\/65460\/revisions"}],"wp:featuredmedia":[{"embeddable":true,"href":"https:\/\/www.region-schwabach.de\/wordpress\/wp-json\/wp\/v2\/media\/65461"}],"wp:attachment":[{"href":"https:\/\/www.region-schwabach.de\/wordpress\/wp-json\/wp\/v2\/media?parent=65460"}],"wp:term":[{"taxonomy":"category","embeddable":true,"href":"https:\/\/www.region-schwabach.de\/wordpress\/wp-json\/wp\/v2\/categories?post=65460"},{"taxonomy":"post_tag","embeddable":true,"href":"https:\/\/www.region-schwabach.de\/wordpress\/wp-json\/wp\/v2\/tags?post=65460"}],"curies":[{"name":"wp","href":"https:\/\/api.w.org\/{rel}","templated":true}]}}