{"id":65761,"date":"2018-11-22T00:04:04","date_gmt":"2018-11-21T23:04:04","guid":{"rendered":"http:\/\/www.region-schwabach.de\/wordpress\/?p=65761"},"modified":"2018-11-21T21:14:53","modified_gmt":"2018-11-21T20:14:53","slug":"buergerversammlung-in-dietersdorf-bezirk-xi","status":"publish","type":"post","link":"https:\/\/www.region-schwabach.de\/wordpress\/buergerversammlung-in-dietersdorf-bezirk-xi\/","title":{"rendered":"B\u00fcrgerversammlung in Dietersdorf &#8211; Bezirk XI"},"content":{"rendered":"\t\t<div data-elementor-type=\"wp-post\" data-elementor-id=\"65761\" class=\"elementor elementor-65761 elementor-bc-flex-widget\">\n\t\t\t\t\t\t<section class=\"elementor-section elementor-top-section elementor-element elementor-element-5436baf elementor-section-boxed elementor-section-height-default elementor-section-height-default\" data-id=\"5436baf\" data-element_type=\"section\">\n\t\t\t\t\t\t<div class=\"elementor-container elementor-column-gap-default\">\n\t\t\t\t\t<div class=\"elementor-column elementor-col-66 elementor-top-column elementor-element elementor-element-a5f5ee5\" data-id=\"a5f5ee5\" data-element_type=\"column\">\n\t\t\t<div class=\"elementor-widget-wrap elementor-element-populated\">\n\t\t\t\t\t\t<div class=\"elementor-element elementor-element-d0b0674 elementor-widget elementor-widget-text-editor\" data-id=\"d0b0674\" data-element_type=\"widget\" data-widget_type=\"text-editor.default\">\n\t\t\t\t<div class=\"elementor-widget-container\">\n\t\t\t\t\t\t\t<h3>B\u00fcrgerversammlung im\u00a0<span class=\"value\">Feuerwehrhaus<\/span><\/h3><p>Schwabach &#8211; Am Donnerstag, den 22.11.2018, findet im Feuerwehrhaus<span class=\"value\">\u00a0in der Dietersdorfer Stra\u00dfe 177 in Schwabach\u00a0<\/span>eine B\u00fcrgerversammlung f\u00fcr den Bezirk XI (Dietersdorf, Oberbaimbach, Unterbaimbach, Abgrenzung zum Bezirk XII Wolkersdorf verl\u00e4uft zwischen dem Ahornweg und dem Schlehenweg) statt. Hier haben die B\u00fcrgerinnen und B\u00fcrger zusammen mit der Stadtspitze und den Referenten die M\u00f6glichkeit, Anregungen, W\u00fcnsche und Beschwerden aus der B\u00fcrgerschaft\u00a0 zu diskutieren.<\/p><p><a href=\"https:\/\/www.schwabach.de\/de\/stadtverwaltung\/oberbuergermeister\/98-buergermeister-und-presseamt\/neues-aus-dem-buergermeister-und-presseamt\/6771-buergerversammlung-in-dietersdorf-ober-unterbaimbach.html\" target=\"_blank\" rel=\"noopener\">F\u00fcr weitere Informationen hier klicken &#8230;<\/a><\/p>\t\t\t\t\t\t<\/div>\n\t\t\t\t<\/div>\n\t\t\t\t<div class=\"elementor-element elementor-element-34ad0b5 elementor-widget elementor-widget-google_maps\" data-id=\"34ad0b5\" data-element_type=\"widget\" data-widget_type=\"google_maps.default\">\n\t\t\t\t<div class=\"elementor-widget-container\">\n\t\t\t\t\t<div class=\"elementor-custom-embed\">\n\t\t\t<iframe loading=\"lazy\"\n\t\t\t\t\tsrc=\"https:\/\/maps.google.com\/maps?q=Dietersdorfer%20Stra%C3%9Fe%20177%2C%20Schwabach%2C%20Deutschland&#038;t=m&#038;z=16&#038;output=embed&#038;iwloc=near\"\n\t\t\t\t\ttitle=\"Dietersdorfer Stra\u00dfe 177, Schwabach, Deutschland\"\n\t\t\t\t\taria-label=\"Dietersdorfer Stra\u00dfe 177, Schwabach, Deutschland\"\n\t\t\t><\/iframe>\n\t\t<\/div>\n\t\t\t\t<\/div>\n\t\t\t\t<\/div>\n\t\t\t\t\t<\/div>\n\t\t<\/div>\n\t\t\t\t<div class=\"elementor-column elementor-col-33 elementor-top-column elementor-element elementor-element-a271905\" data-id=\"a271905\" data-element_type=\"column\">\n\t\t\t<div class=\"elementor-widget-wrap elementor-element-populated\">\n\t\t\t\t\t\t<div class=\"elementor-element elementor-element-0d28b93 elementor-widget elementor-widget-image\" data-id=\"0d28b93\" data-element_type=\"widget\" data-widget_type=\"image.default\">\n\t\t\t\t<div class=\"elementor-widget-container\">\n\t\t\t\t\t\t\t\t\t\t\t\t\t<img fetchpriority=\"high\" decoding=\"async\" width=\"300\" height=\"300\" src=\"https:\/\/www.region-schwabach.de\/wordpress\/wp-content\/uploads\/2018\/04\/werbung1-300x300.png\" class=\"attachment-medium size-medium wp-image-35382\" alt=\"\" srcset=\"https:\/\/www.region-schwabach.de\/wordpress\/wp-content\/uploads\/2018\/04\/werbung1-300x300.png 300w, https:\/\/www.region-schwabach.de\/wordpress\/wp-content\/uploads\/2018\/04\/werbung1-150x150.png 150w, https:\/\/www.region-schwabach.de\/wordpress\/wp-content\/uploads\/2018\/04\/werbung1-768x768.png 768w, https:\/\/www.region-schwabach.de\/wordpress\/wp-content\/uploads\/2018\/04\/werbung1-1024x1024.png 1024w, https:\/\/www.region-schwabach.de\/wordpress\/wp-content\/uploads\/2018\/04\/werbung1.png 1200w\" sizes=\"(max-width: 300px) 100vw, 300px\" \/>\t\t\t\t\t\t\t\t\t\t\t\t\t<\/div>\n\t\t\t\t<\/div>\n\t\t\t\t\t<\/div>\n\t\t<\/div>\n\t\t\t\t\t<\/div>\n\t\t<\/section>\n\t\t\t\t<\/div>\n\t\t","protected":false},"excerpt":{"rendered":"<div class=\"mh-excerpt\"><p>B\u00fcrgerversammlung im\u00a0Feuerwehrhaus Schwabach &#8211; Am Donnerstag, den 22.11.2018, findet im Feuerwehrhaus\u00a0in der Dietersdorfer Stra\u00dfe 177 in Schwabach\u00a0eine B\u00fcrgerversammlung f\u00fcr den Bezirk XI (Dietersdorf, Oberbaimbach, Unterbaimbach, Abgrenzung zum Bezirk XII Wolkersdorf verl\u00e4uft zwischen dem Ahornweg und <a class=\"mh-excerpt-more\" href=\"https:\/\/www.region-schwabach.de\/wordpress\/buergerversammlung-in-dietersdorf-bezirk-xi\/\" title=\"B\u00fcrgerversammlung in Dietersdorf &#8211; Bezirk XI\">[&#8230;]<\/a><\/p>\n<\/div>","protected":false},"author":1,"featured_media":65762,"comment_status":"open","ping_status":"open","sticky":false,"template":"","format":"standard","meta":{"_cbd_carousel_blocks":"[]","footnotes":""},"categories":[16,1,79,61],"tags":[3137,6961,3490,3486,1545,1546,3768,3619,3491,19,6962],"class_list":{"0":"post-65761","1":"post","2":"type-post","3":"status-publish","4":"format-standard","5":"has-post-thumbnail","7":"category-aktuell","8":"category-allgemein","9":"category-politik","10":"category-rathaus","11":"tag-22-11-2018","12":"tag-bezirk-xi","13":"tag-buergermeister","14":"tag-buergerversammlung","15":"tag-dietersdorf","16":"tag-dietersdorfer-strasse","17":"tag-feuerwehrhaus","18":"tag-oberbaimbach","19":"tag-referenten","20":"tag-schwabach","21":"tag-unterbaimbach"},"_links":{"self":[{"href":"https:\/\/www.region-schwabach.de\/wordpress\/wp-json\/wp\/v2\/posts\/65761","targetHints":{"allow":["GET"]}}],"collection":[{"href":"https:\/\/www.region-schwabach.de\/wordpress\/wp-json\/wp\/v2\/posts"}],"about":[{"href":"https:\/\/www.region-schwabach.de\/wordpress\/wp-json\/wp\/v2\/types\/post"}],"author":[{"embeddable":true,"href":"https:\/\/www.region-schwabach.de\/wordpress\/wp-json\/wp\/v2\/users\/1"}],"replies":[{"embeddable":true,"href":"https:\/\/www.region-schwabach.de\/wordpress\/wp-json\/wp\/v2\/comments?post=65761"}],"version-history":[{"count":0,"href":"https:\/\/www.region-schwabach.de\/wordpress\/wp-json\/wp\/v2\/posts\/65761\/revisions"}],"wp:featuredmedia":[{"embeddable":true,"href":"https:\/\/www.region-schwabach.de\/wordpress\/wp-json\/wp\/v2\/media\/65762"}],"wp:attachment":[{"href":"https:\/\/www.region-schwabach.de\/wordpress\/wp-json\/wp\/v2\/media?parent=65761"}],"wp:term":[{"taxonomy":"category","embeddable":true,"href":"https:\/\/www.region-schwabach.de\/wordpress\/wp-json\/wp\/v2\/categories?post=65761"},{"taxonomy":"post_tag","embeddable":true,"href":"https:\/\/www.region-schwabach.de\/wordpress\/wp-json\/wp\/v2\/tags?post=65761"}],"curies":[{"name":"wp","href":"https:\/\/api.w.org\/{rel}","templated":true}]}}