{"id":65766,"date":"2018-11-20T00:05:12","date_gmt":"2018-11-19T23:05:12","guid":{"rendered":"http:\/\/www.region-schwabach.de\/wordpress\/?p=65766"},"modified":"2018-11-19T23:01:34","modified_gmt":"2018-11-19T22:01:34","slug":"ob-thuerauf-dankt-helga-schmitt-bussinger-fuer-engagement-im-landtag","status":"publish","type":"post","link":"https:\/\/www.region-schwabach.de\/wordpress\/ob-thuerauf-dankt-helga-schmitt-bussinger-fuer-engagement-im-landtag\/","title":{"rendered":"OB Th\u00fcrauf dankt Helga Schmitt-Bussinger f\u00fcr Engagement im Landtag"},"content":{"rendered":"\t\t<div data-elementor-type=\"wp-post\" data-elementor-id=\"65766\" class=\"elementor elementor-65766 elementor-bc-flex-widget\">\n\t\t\t\t\t\t<section class=\"elementor-section elementor-top-section elementor-element elementor-element-678181b elementor-section-boxed elementor-section-height-default elementor-section-height-default\" data-id=\"678181b\" data-element_type=\"section\">\n\t\t\t\t\t\t<div class=\"elementor-container elementor-column-gap-default\">\n\t\t\t\t\t<div class=\"elementor-column elementor-col-66 elementor-top-column elementor-element elementor-element-6b34026\" data-id=\"6b34026\" data-element_type=\"column\">\n\t\t\t<div class=\"elementor-widget-wrap elementor-element-populated\">\n\t\t\t\t\t\t<div class=\"elementor-element elementor-element-443ab98 elementor-widget elementor-widget-text-editor\" data-id=\"443ab98\" data-element_type=\"widget\" data-widget_type=\"text-editor.default\">\n\t\t\t\t<div class=\"elementor-widget-container\">\n\t\t\t\t\t\t\t<h3>Helga Schmitt-Bussinger nicht mehr im Landtag:<br \/>Weiterhin politisch engagiert f\u00fcr Schwabach<\/h3><p><span style=\"font-size: 12pt;\">Schwabach &#8211; 20 Jahre lang war die Schwabacherin Helga Schmitt-Bussinger Abgeordnete\u00a0f\u00fcr N\u00fcrnberg-S\u00fcd und Schwabach im Bayerischen Landtag. Bei der Landtagswahl\u00a02018 hat sie nicht mehr f\u00fcr die SPD kandidiert. <\/span><\/p><h3>Danksagung von Oberb\u00fcrgermeister Matthias Th\u00fcrauf<\/h3><p><span style=\"font-size: 12pt;\">Schwabachs Oberb\u00fcrgermeister\u00a0Matthias Th\u00fcrauf hat die engagierte Politikerin nun zu einem\u00a0Gedankenaustausch ins Rathaus eingeladen und ihr dabei f\u00fcr die vielen Jahre\u00a0des Engagements auf Landesebene gedankt.<\/span><\/p><h3>Zahlreiche Schwerpunkte f\u00fcr Arbeit als Landtagsabgeordnete<\/h3><p><span style=\"font-size: 12pt;\">Schwerpunkte ihrer Arbeit als\u00a0Landtagsabgeordnete waren unter anderem die finanzielle Ausstattung der\u00a0bayerischen Kommunen, innere Sicherheit, Bildungspolitik und die Gleichstellung\u00a0von Frauen und M\u00e4nnern. <\/span><\/p><h3>Letztes i-T\u00fcpfelchen der Arbeit leider nicht mehr erreicht<\/h3><p><span style=\"font-size: 12pt;\">\u201e Mein Herzensanliegen konnte ich leider\u00a0nicht mehr auf den Weg bringen, n\u00e4mlich dass Schwabach endlich\u00a0Hochschulstandort wird\u201c, so Schmitt-Bussinger. F\u00fcr diese wichtige Aufgabe\u00a0w\u00fcnschte sie OB Th\u00fcrauf eine gl\u00fcckliche Hand.<\/span><\/p><h3>Streitbare und tatkr\u00e4ftige Politikerin<\/h3><p><span style=\"font-size: 12pt;\">\u201eIch habe Sie immer als in der Sache streitbare und tatkr\u00e4ftige Politikerin\u00a0wahrgenommen\u201c, so der Oberb\u00fcrgermeister. \u201eDie Zusammenarbeit mit Ihnen\u00a0war und ist stets von Fairness und Sachlichkeit gepr\u00e4gt.\u201c\u00a0Helga Schmitt-Bussinger geh\u00f6rt auch dem Schwabacher Stadtrat seit \u00fcber 30 Jahren an.<\/span><\/p><p><span style=\"font-size: 12pt;\"><strong>Foto:<\/strong> Mit einem Blumenstrau\u00df bedankte sich Oberb\u00fcrgermeister Matthias<\/span><br \/><span style=\"font-size: 12pt;\">Th\u00fcrauf bei Helga Schmitt-Bussinger f\u00fcr die gute Zusammenarbeit.<\/span><\/p>\t\t\t\t\t\t<\/div>\n\t\t\t\t<\/div>\n\t\t\t\t<div class=\"elementor-element elementor-element-a29781d elementor-widget-divider--view-line elementor-widget elementor-widget-divider\" data-id=\"a29781d\" data-element_type=\"widget\" data-widget_type=\"divider.default\">\n\t\t\t\t<div class=\"elementor-widget-container\">\n\t\t\t\t\t<div class=\"elementor-divider\">\n\t\t\t<span class=\"elementor-divider-separator\">\n\t\t\t\t\t\t<\/span>\n\t\t<\/div>\n\t\t\t\t<\/div>\n\t\t\t\t<\/div>\n\t\t\t\t<div class=\"elementor-element elementor-element-2a05a02 elementor-widget elementor-widget-google_maps\" data-id=\"2a05a02\" data-element_type=\"widget\" data-widget_type=\"google_maps.default\">\n\t\t\t\t<div class=\"elementor-widget-container\">\n\t\t\t\t\t<div class=\"elementor-custom-embed\">\n\t\t\t<iframe loading=\"lazy\"\n\t\t\t\t\tsrc=\"https:\/\/maps.google.com\/maps?q=K%C3%B6nigsplatz%201%2C%20Schwabach%2C%20Deutschland&#038;t=m&#038;z=17&#038;output=embed&#038;iwloc=near\"\n\t\t\t\t\ttitle=\"K\u00f6nigsplatz 1, Schwabach, Deutschland\"\n\t\t\t\t\taria-label=\"K\u00f6nigsplatz 1, Schwabach, Deutschland\"\n\t\t\t><\/iframe>\n\t\t<\/div>\n\t\t\t\t<\/div>\n\t\t\t\t<\/div>\n\t\t\t\t\t<\/div>\n\t\t<\/div>\n\t\t\t\t<div class=\"elementor-column elementor-col-33 elementor-top-column elementor-element elementor-element-f645137\" data-id=\"f645137\" data-element_type=\"column\">\n\t\t\t<div class=\"elementor-widget-wrap\">\n\t\t\t\t\t\t\t<\/div>\n\t\t<\/div>\n\t\t\t\t\t<\/div>\n\t\t<\/section>\n\t\t\t\t<\/div>\n\t\t","protected":false},"excerpt":{"rendered":"<div class=\"mh-excerpt\"><p>Helga Schmitt-Bussinger nicht mehr im Landtag:Weiterhin politisch engagiert f\u00fcr Schwabach Schwabach &#8211; 20 Jahre lang war die Schwabacherin Helga Schmitt-Bussinger Abgeordnete\u00a0f\u00fcr N\u00fcrnberg-S\u00fcd und Schwabach im Bayerischen Landtag. Bei der Landtagswahl\u00a02018 hat sie nicht mehr f\u00fcr <a class=\"mh-excerpt-more\" href=\"https:\/\/www.region-schwabach.de\/wordpress\/ob-thuerauf-dankt-helga-schmitt-bussinger-fuer-engagement-im-landtag\/\" title=\"OB Th\u00fcrauf dankt Helga Schmitt-Bussinger f\u00fcr Engagement im Landtag\">[&#8230;]<\/a><\/p>\n<\/div>","protected":false},"author":1,"featured_media":65767,"comment_status":"open","ping_status":"open","sticky":false,"template":"","format":"standard","meta":{"_cbd_carousel_blocks":"[]","footnotes":""},"categories":[16,79,61,46],"tags":[6967,6966,6965,6964,6963,3953,5712,1480,19,6968],"class_list":{"0":"post-65766","1":"post","2":"type-post","3":"status-publish","4":"format-standard","5":"has-post-thumbnail","7":"category-aktuell","8":"category-politik","9":"category-rathaus","10":"category-verbaende","11":"tag-abgeordnete","12":"tag-bayerischen-landtag","13":"tag-engagement","14":"tag-helga-schmitt-bussinger","15":"tag-landtag","16":"tag-november-2018","17":"tag-ob-thuerauf","18":"tag-rathaus","19":"tag-schwabach","20":"tag-spd"},"_links":{"self":[{"href":"https:\/\/www.region-schwabach.de\/wordpress\/wp-json\/wp\/v2\/posts\/65766","targetHints":{"allow":["GET"]}}],"collection":[{"href":"https:\/\/www.region-schwabach.de\/wordpress\/wp-json\/wp\/v2\/posts"}],"about":[{"href":"https:\/\/www.region-schwabach.de\/wordpress\/wp-json\/wp\/v2\/types\/post"}],"author":[{"embeddable":true,"href":"https:\/\/www.region-schwabach.de\/wordpress\/wp-json\/wp\/v2\/users\/1"}],"replies":[{"embeddable":true,"href":"https:\/\/www.region-schwabach.de\/wordpress\/wp-json\/wp\/v2\/comments?post=65766"}],"version-history":[{"count":0,"href":"https:\/\/www.region-schwabach.de\/wordpress\/wp-json\/wp\/v2\/posts\/65766\/revisions"}],"wp:featuredmedia":[{"embeddable":true,"href":"https:\/\/www.region-schwabach.de\/wordpress\/wp-json\/wp\/v2\/media\/65767"}],"wp:attachment":[{"href":"https:\/\/www.region-schwabach.de\/wordpress\/wp-json\/wp\/v2\/media?parent=65766"}],"wp:term":[{"taxonomy":"category","embeddable":true,"href":"https:\/\/www.region-schwabach.de\/wordpress\/wp-json\/wp\/v2\/categories?post=65766"},{"taxonomy":"post_tag","embeddable":true,"href":"https:\/\/www.region-schwabach.de\/wordpress\/wp-json\/wp\/v2\/tags?post=65766"}],"curies":[{"name":"wp","href":"https:\/\/api.w.org\/{rel}","templated":true}]}}