{"id":65770,"date":"2018-11-20T00:04:23","date_gmt":"2018-11-19T23:04:23","guid":{"rendered":"http:\/\/www.region-schwabach.de\/wordpress\/?p=65770"},"modified":"2018-11-19T23:01:06","modified_gmt":"2018-11-19T22:01:06","slug":"20-jahre-schwung-in-schwabach-geburtstagsfeier-mit-preisverleihung","status":"publish","type":"post","link":"https:\/\/www.region-schwabach.de\/wordpress\/20-jahre-schwung-in-schwabach-geburtstagsfeier-mit-preisverleihung\/","title":{"rendered":"20 Jahre SCHWUNG in Schwabach: Geburtstagsfeier mit Preisverleihung"},"content":{"rendered":"\t\t<div data-elementor-type=\"wp-post\" data-elementor-id=\"65770\" class=\"elementor elementor-65770 elementor-bc-flex-widget\">\n\t\t\t\t\t\t<section class=\"elementor-section elementor-top-section elementor-element elementor-element-678181b elementor-section-boxed elementor-section-height-default elementor-section-height-default\" data-id=\"678181b\" data-element_type=\"section\">\n\t\t\t\t\t\t<div class=\"elementor-container elementor-column-gap-default\">\n\t\t\t\t\t<div class=\"elementor-column elementor-col-66 elementor-top-column elementor-element elementor-element-6b34026\" data-id=\"6b34026\" data-element_type=\"column\">\n\t\t\t<div class=\"elementor-widget-wrap elementor-element-populated\">\n\t\t\t\t\t\t<div class=\"elementor-element elementor-element-443ab98 elementor-widget elementor-widget-text-editor\" data-id=\"443ab98\" data-element_type=\"widget\" data-widget_type=\"text-editor.default\">\n\t\t\t\t<div class=\"elementor-widget-container\">\n\t\t\t\t\t\t\t<h3><strong>20 Jahre glanzvolle Gr\u00fcnderzeiten im SCHWUNG:<br \/>G\u00fcnzel &amp; G\u00fcnzel erhalten den Goldenen Startblock<\/strong><\/h3><p><span style=\"font-size: 12pt;\">Schwabach &#8211;\u00a0Manchmal ist doch alles Gold, was gl\u00e4nzt. \u201eDas SCHWUNG hat sich von 1997 bis heute zu einem verl\u00e4sslichen Motor der Wirtschaft in Schwabach entwickelt. 103 erfolgreiche Ausgr\u00fcndungen, eine Auslastung von derzeit fast 90 Prozent und \u00fcber 380 neue Arbeitspl\u00e4tze &#8211; die Bilanz kann sich sehen lassen. Das SCHWUNG steht heute hervorragend da, hat ein kompetentes Team und wird auch in Zukunft mit guten Ideen und Konzepten Menschen erfolgreich in die Selbstst\u00e4ndigkeit begleiten\u201c, so Oberb\u00fcrgermeister Matthias Th\u00fcrauf am 15. November bei der Begr\u00fc\u00dfung der rund 80 G\u00e4ste im Unternehmens Gr\u00fcnderzentrum Schwung. Neben aktuellen und ehemaligen SCHWUNG-Mietern und Mitarbeitern waren G\u00e4ste aus Politik und Stadtverwaltung, Wirtschaft, Handwerk und den Gr\u00fcndernetzwerken gekommen, um den 20. Geburtstag schwungvoll und mit einem besonderen Programmpunkt zu feiern. Mit dabei auch diejenigen, die sich in den Anfangsjahren um die Geschicke des SCHWUNG gek\u00fcmmert haben, darunter Altoberb\u00fcrgermeister Hartwig Reimann, der ehemalige Stadtk\u00e4mmerer Richard Schwager und der langj\u00e4hrige Gesch\u00e4ftsf\u00fchrer Alfred Dornisch.<\/span><\/p><h3><strong>Das SCHWUNG: Starthelfer seit 1998<\/strong><\/h3><p><span style=\"font-size: 12pt;\">Gesch\u00e4ftsf\u00fchrer Michael Gei\u00dfend\u00f6rfer, seit 2013 im Amt, gab einen Einblick in die 20-j\u00e4hrige Geschichte des Gr\u00fcnderzentrums und lie\u00df die zahlreichen Meilensteine Revue passieren. Nachdem der Ministerrat in M\u00fcnchen 1995 Schwabach den Zuschlag f\u00fcr eines von 21 bayerischen Gr\u00fcnderzentren gegeben hatte und im Sommer drauf der Bewilligungsbescheid der Regierung von Mittelfranken vorlag, ging alles sehr schnell. Baugenehmigung im\u00a0 Juli 1996, Baubeginn im Oktober 1996, Grundsteinlegung im April 2017, Erstbezug im November 1997, feierliche Er\u00f6ffnung im M\u00e4rz 1998. Ein Jahr sp\u00e4ter bereits lag die Auslastung bei rund 90 Prozent. Zum Zehnj\u00e4hrigen konstatiert das SCHWUNG schon 286 Arbeitspl\u00e4tze und 55 erfolgreiche Firmengr\u00fcndungen. 2013 liegt der Umsatz der im SCHWUNG ans\u00e4ssigen Firmen bei 22,45 Millionen Euro &#8211; Ende 2017 sind es 220 Millionen Euro. \u201eDie Zahlen belegen, dass sich das bestehende Konzept bew\u00e4hrt hat\u201c, so Michael Gei\u00dfend\u00f6rfer. \u201eUnser Rundumservice f\u00fcr angehende Selbstst\u00e4ndige wird immer noch nachgefragt. Ich bin sicher, das Gr\u00fcnderzentrum wird auch in Zukunft ein wichtiger Standortfaktor f\u00fcr Schwabach und die Region bleiben. Wir sind fit f\u00fcr die kommenden 20 Jahre.\u201c<\/span><\/p><h3>Ein paar aktuelle Zahlen (von den Anf\u00e4ngen bis zum 31.12.2017)<\/h3><ul><li><span style=\"font-size: 12pt;\">\u00fcber 930 externe Gr\u00fcnderberatungen<\/span><\/li><li><span style=\"font-size: 12pt;\">385 neue Arbeitspl\u00e4tze geschaffen<\/span><\/li><li><span style=\"font-size: 12pt;\">103 erfolgreiche Ausgr\u00fcndungen mit 310 Besch\u00e4ftigten<\/span><\/li><li><span style=\"font-size: 12pt;\">220 Millionen Euro Gesamtumsatz der Mieter<\/span><\/li><li><span style=\"font-size: 12pt;\">Unterst\u00fctzung von Investitionen in H\u00f6he von rund 63,5 Mio Euro durch die Vermittlung von Zusch\u00fcssen und zinsverbilligten Darlehen<\/span><\/li><li><span style=\"font-size: 12pt;\">Zusch\u00fcsse der Stadt Schwabach zum Defizitausgleich in H\u00f6he von rund 1,6 Mio. Euro<\/span><\/li><li><span style=\"font-size: 12pt;\">aktuelle Auslastung (Stand 31.10.2018) bei 89 Prozent, 29 eingemietete Firmen<\/span><\/li><\/ul><p><span style=\"font-size: 12pt;\">Kein Erfolg ohne die Menschen, die sich daf\u00fcr einsetzen: Michael Gei\u00dfend\u00f6rfer nutzte den Abend, seinem Team einen herzlichen Dank auszusprechen, insbesondere nat\u00fcrlich Prokuristin Ursula Sch\u00f6nberger, die vom ersten Tag an dabei war und das SCHWUNG kennt wie keine Zweite.<\/span><\/p><h3><strong>G\u00fcnzel &amp; G\u00fcnzel: w\u00fcrdige Preistr\u00e4ger des Goldenen Startblocks<\/strong><\/h3><p><span style=\"font-size: 12pt;\">Seit 2003 ist die Stadt Schwabach alleinige Gesellschafterin des Gr\u00fcnderzentrums. \u201eIn dieser Zeit hatte mein Vorg\u00e4nger Alfred Dornisch die Idee, besonders erfolgreiche Ausgr\u00fcnder mit einem goldenen Startblock auszuzeichnen\u201c, so Gei\u00dfend\u00f6rfer weiter. Die Troph\u00e4e, quasi der \u201eSCHWUNG-Oscar, ist ein extra angefertigter und vergoldeter Startblock aus Metall &#8211; ein Symbol f\u00fcr den erfolgreichen Start in die Selbstst\u00e4ndigkeit. Bislang wurde er dreimal verliehen. Kriterien bei der Auswahl bilden neben der Nachhaltigkeit und Innovationen der Gesch\u00e4ftsidee das kontinuierliche Wachstum, die erfolgreiche Ausgr\u00fcndung und die Schaffung von Arbeitspl\u00e4tzen sowie eine enge Verbundenheit zur Gr\u00fcnderszene. Erster Preistr\u00e4ger war 2004 die Genesis GmbH, es folgten die B.O.S. Franken Security GmbH (2006) und die nasdo AG (2011).<\/span><\/p><p><span style=\"font-size: 12pt;\">In diesem Jahr wird der Goldene Startblock an die G\u00fcnzel &amp; G\u00fcnzel Steuerberatungsgesellschaft GmbH verliehen &#8211; bis 2016 im SCHWUNG beheimatet. F\u00fcr Manfred G\u00fcnzel war es keine Frage, den Start in die Selbstst\u00e4ndigkeit vom SCHWUNG aus zu wagen. Der gelernte Steuerfachangestellte, Steuerberater und Bilanzbuchhalter zog im April 2006 ein. Das B\u00fcro mit der Nummer 24 wurde neuer Mittelpunkt seiner beruflichen Karriere. Ein Zimmer mit Weitblick, wie er sagt. Schon zwei Jahre nach Unternehmensgr\u00fcndung stellte er eine erste Mitarbeiterin ein und mietete ein zweites B\u00fcro dazu. 2009 steigt Manfred G\u00fcnzels Ehefrau Christina als Berufstr\u00e4gerin und Gesellschafterin ein, das Wachstum setzt sich fort. \u201eIch kann mich gut an das erste Treffen mit Manfred G\u00fcnzel erinnern\u201c, so Dornisch. \u201eEr war sehr zur\u00fcckhaltend und brauchte ein bisschen Unterst\u00fctzung. Mir war aber schnell klar, dass er alles f\u00fcr einen erfolgreichen Schritt in die Selbstst\u00e4ndigkeit im Gep\u00e4ck hatte. Ich habe ihm gesagt, dass er in zehn Jahren zehn Mitarbeiter habe &#8211; und lag damit richtig.\u201c In seiner Laudatio w\u00fcrdigte er die G\u00fcnzels f\u00fcr ihr kontinuierliches Engagement und das vorbildliche Wachstum. \u201e2010 mussten wir die G\u00fcnzels in den ersten Stock umsiedeln\u201c, so Dornisch. \u201eDort konnten sie weitere B\u00fcros mieten und mit neuen Angestellten ihr Portfolio erweitern.\u201c 2016 reicht der Platz nicht mehr; die G\u00fcnzel &amp; G\u00fcnzel GmbH Steuerberatungsgesellschaft zieht in die Wiesenstra\u00dfe um. Aktuell gehen hier neun Fachangestellte und zwei Azubis ihrer Arbeit nach.<\/span><\/p><p><span style=\"font-size: 12pt;\">\u201eWir freuen uns sehr \u00fcber den Goldenen Startblock und f\u00fchlen uns geehrt\u201c, so Manfred G\u00fcnzel. \u201eDas SCHWUNG war f\u00fcr uns von Beginn an ein Wachstumsmotor. Telefon- und Postservice, Besprechungsr\u00e4ume, Seminare und Netzwerken \u2013 darum muss man sich nicht selbst k\u00fcmmern.\u201c Besonders h\u00e4tten sie auch von den vielen Kontakten und den Beratungsangeboten profitiert. \u201eIn einem Gr\u00fcnderzentrum ergeben sich fruchtbare Synergien. Wir bleiben dem SCHWUNG, dem Team um Michael Gei\u00dfend\u00f6rfer und unseren ehemaligen B\u00fcro-Nachbarn in Zukunft weiter verbunden.\u201c<\/span><\/p><p><span style=\"font-size: 12pt;\"><strong>Bildunterzeile:<\/strong> SCHWUNG-Gesch\u00e4ftsf\u00fchrer Michael Gei\u00dfend\u00f6rfer, Manfred und Christina G\u00fcnzel, Oberb\u00fcrgermeister Matthias Th\u00fcrauf und Alfred Dornisch.<\/span><\/p>\t\t\t\t\t\t<\/div>\n\t\t\t\t<\/div>\n\t\t\t\t<div class=\"elementor-element elementor-element-a29781d elementor-widget-divider--view-line elementor-widget elementor-widget-divider\" data-id=\"a29781d\" data-element_type=\"widget\" data-widget_type=\"divider.default\">\n\t\t\t\t<div class=\"elementor-widget-container\">\n\t\t\t\t\t<div class=\"elementor-divider\">\n\t\t\t<span class=\"elementor-divider-separator\">\n\t\t\t\t\t\t<\/span>\n\t\t<\/div>\n\t\t\t\t<\/div>\n\t\t\t\t<\/div>\n\t\t\t\t<div class=\"elementor-element elementor-element-2a05a02 elementor-widget elementor-widget-google_maps\" data-id=\"2a05a02\" data-element_type=\"widget\" data-widget_type=\"google_maps.default\">\n\t\t\t\t<div class=\"elementor-widget-container\">\n\t\t\t\t\t<div class=\"elementor-custom-embed\">\n\t\t\t<iframe loading=\"lazy\"\n\t\t\t\t\tsrc=\"https:\/\/maps.google.com\/maps?q=O%27Brien-Stra%C3%9Fe%202%2C%20Schwabach%2C%20Deutschland&#038;t=m&#038;z=17&#038;output=embed&#038;iwloc=near\"\n\t\t\t\t\ttitle=\"O&#039;Brien-Stra\u00dfe 2, Schwabach, Deutschland\"\n\t\t\t\t\taria-label=\"O&#039;Brien-Stra\u00dfe 2, Schwabach, Deutschland\"\n\t\t\t><\/iframe>\n\t\t<\/div>\n\t\t\t\t<\/div>\n\t\t\t\t<\/div>\n\t\t\t\t\t<\/div>\n\t\t<\/div>\n\t\t\t\t<div class=\"elementor-column elementor-col-33 elementor-top-column elementor-element elementor-element-f645137\" data-id=\"f645137\" data-element_type=\"column\">\n\t\t\t<div class=\"elementor-widget-wrap\">\n\t\t\t\t\t\t\t<\/div>\n\t\t<\/div>\n\t\t\t\t\t<\/div>\n\t\t<\/section>\n\t\t\t\t<\/div>\n\t\t","protected":false},"excerpt":{"rendered":"<div class=\"mh-excerpt\"><p>20 Jahre glanzvolle Gr\u00fcnderzeiten im SCHWUNG: G\u00fcnzel &amp; G\u00fcnzel erhalten den Goldenen Startblock Schwabach &#8211;\u00a0Manchmal ist doch alles Gold, was gl\u00e4nzt. \u201eDas SCHWUNG hat sich von 1997 bis heute zu einem verl\u00e4sslichen Motor der Wirtschaft <a class=\"mh-excerpt-more\" href=\"https:\/\/www.region-schwabach.de\/wordpress\/20-jahre-schwung-in-schwabach-geburtstagsfeier-mit-preisverleihung\/\" title=\"20 Jahre SCHWUNG in Schwabach: Geburtstagsfeier mit Preisverleihung\">[&#8230;]<\/a><\/p>\n<\/div>","protected":false},"author":1,"featured_media":65771,"comment_status":"open","ping_status":"open","sticky":false,"template":"","format":"standard","meta":{"_cbd_carousel_blocks":"[]","footnotes":""},"categories":[16,79,61,46],"tags":[6969,6977,6970,6974,6972,6976,5420,6975,3953,3799,5712,6973,6971,1480,19,3649],"class_list":{"0":"post-65770","1":"post","2":"type-post","3":"status-publish","4":"format-standard","5":"has-post-thumbnail","7":"category-aktuell","8":"category-politik","9":"category-rathaus","10":"category-verbaende","11":"tag-20-jahre","12":"tag-alfred-dornisch","13":"tag-geburtstagsfeier","14":"tag-goldener-startblocks","15":"tag-guenzel-guenzel","16":"tag-manfred-und-christina-guenzel","17":"tag-matthias-thuerauf","18":"tag-michael-geissendoerfer","19":"tag-november-2018","20":"tag-obrien-strasse","21":"tag-ob-thuerauf","22":"tag-preistraeger","23":"tag-preisverleihung","24":"tag-rathaus","25":"tag-schwabach","26":"tag-schwung"},"_links":{"self":[{"href":"https:\/\/www.region-schwabach.de\/wordpress\/wp-json\/wp\/v2\/posts\/65770","targetHints":{"allow":["GET"]}}],"collection":[{"href":"https:\/\/www.region-schwabach.de\/wordpress\/wp-json\/wp\/v2\/posts"}],"about":[{"href":"https:\/\/www.region-schwabach.de\/wordpress\/wp-json\/wp\/v2\/types\/post"}],"author":[{"embeddable":true,"href":"https:\/\/www.region-schwabach.de\/wordpress\/wp-json\/wp\/v2\/users\/1"}],"replies":[{"embeddable":true,"href":"https:\/\/www.region-schwabach.de\/wordpress\/wp-json\/wp\/v2\/comments?post=65770"}],"version-history":[{"count":0,"href":"https:\/\/www.region-schwabach.de\/wordpress\/wp-json\/wp\/v2\/posts\/65770\/revisions"}],"wp:featuredmedia":[{"embeddable":true,"href":"https:\/\/www.region-schwabach.de\/wordpress\/wp-json\/wp\/v2\/media\/65771"}],"wp:attachment":[{"href":"https:\/\/www.region-schwabach.de\/wordpress\/wp-json\/wp\/v2\/media?parent=65770"}],"wp:term":[{"taxonomy":"category","embeddable":true,"href":"https:\/\/www.region-schwabach.de\/wordpress\/wp-json\/wp\/v2\/categories?post=65770"},{"taxonomy":"post_tag","embeddable":true,"href":"https:\/\/www.region-schwabach.de\/wordpress\/wp-json\/wp\/v2\/tags?post=65770"}],"curies":[{"name":"wp","href":"https:\/\/api.w.org\/{rel}","templated":true}]}}