{"id":65790,"date":"2018-11-20T11:19:33","date_gmt":"2018-11-20T10:19:33","guid":{"rendered":"http:\/\/www.region-schwabach.de\/wordpress\/?p=65790"},"modified":"2018-11-20T11:29:25","modified_gmt":"2018-11-20T10:29:25","slug":"vorfahrt-in-hilpoltstein-missachtet-3","status":"publish","type":"post","link":"https:\/\/www.region-schwabach.de\/wordpress\/vorfahrt-in-hilpoltstein-missachtet-3\/","title":{"rendered":"Vorfahrt in Hilpoltstein missachtet"},"content":{"rendered":"\t\t<div data-elementor-type=\"wp-post\" data-elementor-id=\"65790\" class=\"elementor elementor-65790 elementor-bc-flex-widget\">\n\t\t\t\t\t\t<section class=\"elementor-section elementor-top-section elementor-element elementor-element-1cuv9jr elementor-section-boxed elementor-section-height-default elementor-section-height-default\" data-id=\"1cuv9jr\" data-element_type=\"section\">\n\t\t\t\t\t\t<div class=\"elementor-container elementor-column-gap-default\">\n\t\t\t\t\t<div class=\"elementor-column elementor-col-66 elementor-top-column elementor-element elementor-element-q5zak7b\" data-id=\"q5zak7b\" data-element_type=\"column\">\n\t\t\t<div class=\"elementor-widget-wrap elementor-element-populated\">\n\t\t\t\t\t\t<div class=\"elementor-element elementor-element-763ecdd elementor-widget elementor-widget-text-editor\" data-id=\"763ecdd\" data-element_type=\"widget\" data-widget_type=\"text-editor.default\">\n\t\t\t\t<div class=\"elementor-widget-container\">\n\t\t\t\t\t\t\t<h3><strong>Vorfahrt missachtet <\/strong><\/h3><p><span style=\"font-size: 12pt;\">Hilpoltstein &#8211; Am Sonntagabend, den 18.11.2018, hielt ein 43-j\u00e4hriger Audi-Fahrer aus der Badstra\u00dfe kommend an der Einm\u00fcndung zur Johann-Friedrich-Stra\u00dfe als zweites Fahrzeug an. Nachdem der PKW vor ihm trotz eines von links kommenden 24-j\u00e4hrigen Opelfahrers in die vorfahrtsberechtigte Johann-Friedrich-Stra\u00dfe einfuhr, ging der Audifahrer f\u00e4lschlicherweise davon aus, ebenfalls vorfahrtberechtigt zu sein. <\/span><\/p><h3>Kollision im Kreuzungsbereich<\/h3><p><span style=\"font-size: 12pt;\">Beim Einfahren in den Kreuzungsbereich kam es dann zum Zusammensto\u00df mit dem wieder anfahrenden Opelfahrer. Bei der Kollision wurde gl\u00fccklicherweise niemand verletz, es entstand lediglich ein Schaden in H\u00f6he von ca. 1.000 Euro.<\/span><\/p>\t\t\t\t\t\t<\/div>\n\t\t\t\t<\/div>\n\t\t\t\t<div class=\"elementor-element elementor-element-ace1283 elementor-widget-divider--view-line elementor-widget elementor-widget-divider\" data-id=\"ace1283\" data-element_type=\"widget\" data-widget_type=\"divider.default\">\n\t\t\t\t<div class=\"elementor-widget-container\">\n\t\t\t\t\t<div class=\"elementor-divider\">\n\t\t\t<span class=\"elementor-divider-separator\">\n\t\t\t\t\t\t<\/span>\n\t\t<\/div>\n\t\t\t\t<\/div>\n\t\t\t\t<\/div>\n\t\t\t\t<div class=\"elementor-element elementor-element-1l7zbzo elementor-widget elementor-widget-google_maps\" data-id=\"1l7zbzo\" data-element_type=\"widget\" data-widget_type=\"google_maps.default\">\n\t\t\t\t<div class=\"elementor-widget-container\">\n\t\t\t\t\t<div class=\"elementor-custom-embed\">\n\t\t\t<iframe loading=\"lazy\"\n\t\t\t\t\tsrc=\"https:\/\/maps.google.com\/maps?q=49.191422%2C%2011.193633&#038;t=m&#038;z=16&#038;output=embed&#038;iwloc=near\"\n\t\t\t\t\ttitle=\"49.191422, 11.193633\"\n\t\t\t\t\taria-label=\"49.191422, 11.193633\"\n\t\t\t><\/iframe>\n\t\t<\/div>\n\t\t\t\t<\/div>\n\t\t\t\t<\/div>\n\t\t\t\t\t<\/div>\n\t\t<\/div>\n\t\t\t\t<div class=\"elementor-column elementor-col-33 elementor-top-column elementor-element elementor-element-0w0urt1\" data-id=\"0w0urt1\" data-element_type=\"column\">\n\t\t\t<div class=\"elementor-widget-wrap\">\n\t\t\t\t\t\t\t<\/div>\n\t\t<\/div>\n\t\t\t\t\t<\/div>\n\t\t<\/section>\n\t\t\t\t<\/div>\n\t\t","protected":false},"excerpt":{"rendered":"<div class=\"mh-excerpt\"><p>Vorfahrt missachtet Hilpoltstein &#8211; Am Sonntagabend, den 18.11.2018, hielt ein 43-j\u00e4hriger Audi-Fahrer aus der Badstra\u00dfe kommend an der Einm\u00fcndung zur Johann-Friedrich-Stra\u00dfe als zweites Fahrzeug an. Nachdem der PKW vor ihm trotz eines von links kommenden <a class=\"mh-excerpt-more\" href=\"https:\/\/www.region-schwabach.de\/wordpress\/vorfahrt-in-hilpoltstein-missachtet-3\/\" title=\"Vorfahrt in Hilpoltstein missachtet\">[&#8230;]<\/a><\/p>\n<\/div>","protected":false},"author":1,"featured_media":65791,"comment_status":"open","ping_status":"open","sticky":false,"template":"","format":"standard","meta":{"_cbd_carousel_blocks":"[]","footnotes":""},"categories":[15],"tags":[6594,961,4524,1674,297,1522,1540,463,981,401,713,334,1539],"class_list":{"0":"post-65790","1":"post","2":"type-post","3":"status-publish","4":"format-standard","5":"has-post-thumbnail","7":"category-polizeimeldungen","8":"tag-18-11-2018","9":"tag-audi","10":"tag-badstrasse","11":"tag-einmuendung","12":"tag-hilpoltstein","13":"tag-johann-friedrich-strasse","14":"tag-opel","15":"tag-pkw","16":"tag-polizei","17":"tag-sachschaden","18":"tag-schaden","19":"tag-unfall","20":"tag-vorfahrt-missachtet"},"_links":{"self":[{"href":"https:\/\/www.region-schwabach.de\/wordpress\/wp-json\/wp\/v2\/posts\/65790","targetHints":{"allow":["GET"]}}],"collection":[{"href":"https:\/\/www.region-schwabach.de\/wordpress\/wp-json\/wp\/v2\/posts"}],"about":[{"href":"https:\/\/www.region-schwabach.de\/wordpress\/wp-json\/wp\/v2\/types\/post"}],"author":[{"embeddable":true,"href":"https:\/\/www.region-schwabach.de\/wordpress\/wp-json\/wp\/v2\/users\/1"}],"replies":[{"embeddable":true,"href":"https:\/\/www.region-schwabach.de\/wordpress\/wp-json\/wp\/v2\/comments?post=65790"}],"version-history":[{"count":0,"href":"https:\/\/www.region-schwabach.de\/wordpress\/wp-json\/wp\/v2\/posts\/65790\/revisions"}],"wp:featuredmedia":[{"embeddable":true,"href":"https:\/\/www.region-schwabach.de\/wordpress\/wp-json\/wp\/v2\/media\/65791"}],"wp:attachment":[{"href":"https:\/\/www.region-schwabach.de\/wordpress\/wp-json\/wp\/v2\/media?parent=65790"}],"wp:term":[{"taxonomy":"category","embeddable":true,"href":"https:\/\/www.region-schwabach.de\/wordpress\/wp-json\/wp\/v2\/categories?post=65790"},{"taxonomy":"post_tag","embeddable":true,"href":"https:\/\/www.region-schwabach.de\/wordpress\/wp-json\/wp\/v2\/tags?post=65790"}],"curies":[{"name":"wp","href":"https:\/\/api.w.org\/{rel}","templated":true}]}}