{"id":65799,"date":"2018-11-21T00:03:55","date_gmt":"2018-11-20T23:03:55","guid":{"rendered":"http:\/\/www.region-schwabach.de\/wordpress\/?p=65799"},"modified":"2018-11-21T00:02:09","modified_gmt":"2018-11-20T23:02:09","slug":"1-bauabschnitt-der-friedrichstrasse-offiziell-eroeffnet","status":"publish","type":"post","link":"https:\/\/www.region-schwabach.de\/wordpress\/1-bauabschnitt-der-friedrichstrasse-offiziell-eroeffnet\/","title":{"rendered":"1. Bauabschnitt der Friedrichstra\u00dfe offiziell er\u00f6ffnet"},"content":{"rendered":"\t\t<div data-elementor-type=\"wp-post\" data-elementor-id=\"65799\" class=\"elementor elementor-65799 elementor-bc-flex-widget\">\n\t\t\t\t\t\t<section class=\"elementor-section elementor-top-section elementor-element elementor-element-678181b elementor-section-boxed elementor-section-height-default elementor-section-height-default\" data-id=\"678181b\" data-element_type=\"section\">\n\t\t\t\t\t\t<div class=\"elementor-container elementor-column-gap-default\">\n\t\t\t\t\t<div class=\"elementor-column elementor-col-66 elementor-top-column elementor-element elementor-element-6b34026\" data-id=\"6b34026\" data-element_type=\"column\">\n\t\t\t<div class=\"elementor-widget-wrap elementor-element-populated\">\n\t\t\t\t\t\t<div class=\"elementor-element elementor-element-443ab98 elementor-widget elementor-widget-text-editor\" data-id=\"443ab98\" data-element_type=\"widget\" data-widget_type=\"text-editor.default\">\n\t\t\t\t<div class=\"elementor-widget-container\">\n\t\t\t\t\t\t\t<h3>Feierliche Er\u00f6ffnung mit Beteiligten:<br \/>Erster Bauabschnitt in der Friedrichstra\u00dfe fertig<\/h3><p><span style=\"font-size: 12pt;\">Schwabach &#8211;\u00a0\u201eWir k\u00e4mpfen als Stadt Schwabach schon sehr lange damit, diesen historischen\u00a0Stra\u00dfenabschnitt in die Neuzeit zu \u00fcberf\u00fchren.\u201c Mit diesen Worten begann\u00a0Oberb\u00fcrgermeister Matthias Th\u00fcrauf seine Festrede anl\u00e4sslich der Einweihung\u00a0des ersten, fertig gestellten Bauabschnitts auf der Friedrichstra\u00dfe.\u00a0Im Mai war\u00a0mit dem Stra\u00dfenbau begonnen worden, die Bauarbeiten des ersten Abschnitts\u00a0sind ein wenig fr\u00fcher fertig geworden als vorgesehen.<\/span><\/p><h3>Neues Leben im Quartier<\/h3><p><span style=\"font-size: 12pt;\">Angesichts des frisch gepflasterten Abschnitts \u2013 und noch bei sch\u00f6nstem\u00a0Sonnenschein \u2013 konnten die G\u00e4ste der Einweihungsfeier den weiteren Worten\u00a0des OB nur zustimmen: \u201eMit diesem Stra\u00dfenbau ist eine neue Aufenthaltsqualit\u00e4t\u00a0erreicht, die wieder neues Leben in das Quartier bringen wird.\u201c <\/span><\/p><h3>Dank an Anwohner und Gesch\u00e4ftsleute f\u00fcr Geduld<\/h3><p><span style=\"font-size: 12pt;\">In\u00a0seinen Dank an alle Beteiligten und das verantwortliche Tiefbauamt schloss\u00a0OB Th\u00fcrauf auch die Anwohner und die ans\u00e4ssigen Gesch\u00e4ftsleute ein, die\u00a0bisher sehr viel Geduld und Verst\u00e4ndnis h\u00e4tten aufbringen m\u00fcssen.<\/span><\/p><h3>Die richtigen Firmen ausgew\u00e4hlt<\/h3><p><span style=\"font-size: 12pt;\">Mit dem N\u00fcrnberger Ingenieurb\u00fcro Gl\u00fcckert, dem Planungsb\u00fcro Appeltauer +\u00a0Brandl aus Schwabach sowie der Stra\u00dfenbaufirma \u201eHoller und der Steinsetzer\u201c\u00a0aus Tanna, so OB Th\u00fcrauf weiter, habe man Firmen gefunden, die einen sehr\u00a0guten Weg der Ausf\u00fchrung gew\u00e4hlt h\u00e4tten. Dem schloss sich auch Stadtbaurat\u00a0Ricus Kerckhoff an, der auch noch einmal daran erinnerte, dass der Beginn der\u00a0Ma\u00dfnahme sich zweimal verz\u00f6gert hatte.<\/span><\/p><h3>Auch Verkehrsberuhigung erreicht<\/h3><p><span style=\"font-size: 12pt;\">Der neue Stra\u00dfenabschnitt besteht nun aus ges\u00e4gtem Pflaster, das sich\u00a0harmonisch in die historische Altstadtgasse einf\u00fcgt. Geh- und Stra\u00dfenbereich\u00a0sind nicht mehr voneinander getrennt, neue Baumk\u00fcbel und markierte\u00a0Parkpl\u00e4tze f\u00fchren zu einer Verkehrsberuhigung.<\/span><\/p><p><span style=\"font-size: 12pt;\"><strong>Foto:<\/strong> J\u00fcrgen Hutzler vom Ingenieur-B\u00fcro Gl\u00fcckert, Christina Greiner,<\/span><br \/><span style=\"font-size: 12pt;\">Bauleiterin des st\u00e4dtischen Tiefbauamts, Oberb\u00fcrgermeister Matthias Th\u00fcrauf,<\/span><br \/><span style=\"font-size: 12pt;\">Stadtbaurat Ricus Kerckhoff, J\u00fcrgen Barthel, Leiter des Tiefbauamts, Silvano<\/span><br \/><span style=\"font-size: 12pt;\">Holler von der Firma \u201eHoller und der Steinsetzer\u201c und J\u00f6rg-Peter Appeltauer<\/span><br \/><span style=\"font-size: 12pt;\">des Planungsb\u00fcros Appeltauer + Brandl schneiden bei der Er\u00f6ffnung das rote<\/span><br \/><span style=\"font-size: 12pt;\">Band durch.<\/span><\/p>\t\t\t\t\t\t<\/div>\n\t\t\t\t<\/div>\n\t\t\t\t<div class=\"elementor-element elementor-element-0c834d7 elementor-widget-divider--view-line elementor-widget elementor-widget-divider\" data-id=\"0c834d7\" data-element_type=\"widget\" data-widget_type=\"divider.default\">\n\t\t\t\t<div class=\"elementor-widget-container\">\n\t\t\t\t\t<div class=\"elementor-divider\">\n\t\t\t<span class=\"elementor-divider-separator\">\n\t\t\t\t\t\t<\/span>\n\t\t<\/div>\n\t\t\t\t<\/div>\n\t\t\t\t<\/div>\n\t\t\t\t<div class=\"elementor-element elementor-element-325f51f elementor-widget elementor-widget-google_maps\" data-id=\"325f51f\" data-element_type=\"widget\" data-widget_type=\"google_maps.default\">\n\t\t\t\t<div class=\"elementor-widget-container\">\n\t\t\t\t\t<div class=\"elementor-custom-embed\">\n\t\t\t<iframe loading=\"lazy\"\n\t\t\t\t\tsrc=\"https:\/\/maps.google.com\/maps?q=Friedrichstra%C3%9Fe%2C%20Schwabach%2C%20Deutschland&#038;t=m&#038;z=17&#038;output=embed&#038;iwloc=near\"\n\t\t\t\t\ttitle=\"Friedrichstra\u00dfe, Schwabach, Deutschland\"\n\t\t\t\t\taria-label=\"Friedrichstra\u00dfe, Schwabach, Deutschland\"\n\t\t\t><\/iframe>\n\t\t<\/div>\n\t\t\t\t<\/div>\n\t\t\t\t<\/div>\n\t\t\t\t\t<\/div>\n\t\t<\/div>\n\t\t\t\t<div class=\"elementor-column elementor-col-33 elementor-top-column elementor-element elementor-element-f645137\" data-id=\"f645137\" data-element_type=\"column\">\n\t\t\t<div class=\"elementor-widget-wrap\">\n\t\t\t\t\t\t\t<\/div>\n\t\t<\/div>\n\t\t\t\t\t<\/div>\n\t\t<\/section>\n\t\t\t\t<\/div>\n\t\t","protected":false},"excerpt":{"rendered":"<div class=\"mh-excerpt\"><p>Feierliche Er\u00f6ffnung mit Beteiligten: Erster Bauabschnitt in der Friedrichstra\u00dfe fertig Schwabach &#8211;\u00a0\u201eWir k\u00e4mpfen als Stadt Schwabach schon sehr lange damit, diesen historischen\u00a0Stra\u00dfenabschnitt in die Neuzeit zu \u00fcberf\u00fchren.\u201c Mit diesen Worten begann\u00a0Oberb\u00fcrgermeister Matthias Th\u00fcrauf seine Festrede <a class=\"mh-excerpt-more\" href=\"https:\/\/www.region-schwabach.de\/wordpress\/1-bauabschnitt-der-friedrichstrasse-offiziell-eroeffnet\/\" title=\"1. Bauabschnitt der Friedrichstra\u00dfe offiziell er\u00f6ffnet\">[&#8230;]<\/a><\/p>\n<\/div>","protected":false},"author":1,"featured_media":65800,"comment_status":"open","ping_status":"open","sticky":false,"template":"","format":"standard","meta":{"_cbd_carousel_blocks":"[]","footnotes":""},"categories":[16,78,61,14],"tags":[6989,6983,6592,526,6985,3550,6984,1054,6986,6987,6990,1480,19,3151,6988,4976],"class_list":{"0":"post-65799","1":"post","2":"type-post","3":"status-publish","4":"format-standard","5":"has-post-thumbnail","7":"category-aktuell","8":"category-handel-und-wirtschaft","9":"category-rathaus","10":"category-verkehrsinfos","11":"tag-holler-und-der-steinsetzer","12":"tag-1-bauabschnitt","13":"tag-16-11-2018","14":"tag-baustelle","15":"tag-einweihung","16":"tag-eroeffnung","17":"tag-festrede","18":"tag-friedrichstrasse","19":"tag-ingenieur-buero-glueckert","20":"tag-oberbuergermeister-matthias-thuerauf","21":"tag-planungsbuero-appeltauer-brandl","22":"tag-rathaus","23":"tag-schwabach","24":"tag-stadt-schwabach","25":"tag-stadtbaurat-ricus-kerckhoff","26":"tag-tiefbauamt"},"_links":{"self":[{"href":"https:\/\/www.region-schwabach.de\/wordpress\/wp-json\/wp\/v2\/posts\/65799","targetHints":{"allow":["GET"]}}],"collection":[{"href":"https:\/\/www.region-schwabach.de\/wordpress\/wp-json\/wp\/v2\/posts"}],"about":[{"href":"https:\/\/www.region-schwabach.de\/wordpress\/wp-json\/wp\/v2\/types\/post"}],"author":[{"embeddable":true,"href":"https:\/\/www.region-schwabach.de\/wordpress\/wp-json\/wp\/v2\/users\/1"}],"replies":[{"embeddable":true,"href":"https:\/\/www.region-schwabach.de\/wordpress\/wp-json\/wp\/v2\/comments?post=65799"}],"version-history":[{"count":0,"href":"https:\/\/www.region-schwabach.de\/wordpress\/wp-json\/wp\/v2\/posts\/65799\/revisions"}],"wp:featuredmedia":[{"embeddable":true,"href":"https:\/\/www.region-schwabach.de\/wordpress\/wp-json\/wp\/v2\/media\/65800"}],"wp:attachment":[{"href":"https:\/\/www.region-schwabach.de\/wordpress\/wp-json\/wp\/v2\/media?parent=65799"}],"wp:term":[{"taxonomy":"category","embeddable":true,"href":"https:\/\/www.region-schwabach.de\/wordpress\/wp-json\/wp\/v2\/categories?post=65799"},{"taxonomy":"post_tag","embeddable":true,"href":"https:\/\/www.region-schwabach.de\/wordpress\/wp-json\/wp\/v2\/tags?post=65799"}],"curies":[{"name":"wp","href":"https:\/\/api.w.org\/{rel}","templated":true}]}}