{"id":65922,"date":"2018-11-21T00:02:28","date_gmt":"2018-11-20T23:02:28","guid":{"rendered":"http:\/\/www.region-schwabach.de\/wordpress\/?p=65922"},"modified":"2018-11-21T00:01:44","modified_gmt":"2018-11-20T23:01:44","slug":"weitere-siebener-in-schwabach-vereidigt","status":"publish","type":"post","link":"https:\/\/www.region-schwabach.de\/wordpress\/weitere-siebener-in-schwabach-vereidigt\/","title":{"rendered":"Weitere Siebener in Schwabach vereidigt"},"content":{"rendered":"\t\t<div data-elementor-type=\"wp-post\" data-elementor-id=\"65922\" class=\"elementor elementor-65922 elementor-bc-flex-widget\">\n\t\t\t\t\t\t<section class=\"elementor-section elementor-top-section elementor-element elementor-element-678181b elementor-section-boxed elementor-section-height-default elementor-section-height-default\" data-id=\"678181b\" data-element_type=\"section\">\n\t\t\t\t\t\t<div class=\"elementor-container elementor-column-gap-default\">\n\t\t\t\t\t<div class=\"elementor-column elementor-col-66 elementor-top-column elementor-element elementor-element-6b34026\" data-id=\"6b34026\" data-element_type=\"column\">\n\t\t\t<div class=\"elementor-widget-wrap elementor-element-populated\">\n\t\t\t\t\t\t<div class=\"elementor-element elementor-element-443ab98 elementor-widget elementor-widget-text-editor\" data-id=\"443ab98\" data-element_type=\"widget\" data-widget_type=\"text-editor.default\">\n\t\t\t\t<div class=\"elementor-widget-container\">\n\t\t\t\t\t\t\t<h3>Insgesamt nun 17 Feldgeschworene f\u00fcr Schwabach:<br \/>Weitere Siebener vereidigt<\/h3><p><span style=\"font-size: 12pt;\">Schwabach &#8211;\u00a0Vier Siebener konnte die Stadt Schwabach neu gewinnen, Oberb\u00fcrgermeister\u00a0Matthias Th\u00fcrauf hat diese nun vereidigt. \u201eIch freue mich, dass Sie sich f\u00fcr\u00a0dieses historische Ehrenamt einsetzen\u201c, dankte er Walter und Andre St\u00fcrmer,\u00a0Valentin Prohaska und Daniel Adel. <\/span><\/p><h3>Siebener oder Feldgeschworene<\/h3><p><span style=\"font-size: 12pt;\">Siebener \u2013 heute meist Feldgeschworene\u00a0genannt \u2013 sind H\u00fcter von Grenzen und Abmarkungen im Stadtgebiet und\u00a0werden bei Vermessungen hinzugezogen. Sie setzen Grenzsteine und bringen\u00a0Vermessungspunkte an. <\/span><\/p><h3>Uralte Tradition<\/h3><p><span style=\"font-size: 12pt;\">Siebener gibt es schon seit \u00fcber 500 Jahren im\u00a0Freistaat. 2016 wurde das Feldgeschworenenwesen in die Liste des\u00a0immateriellen UNESCO-Kulturerbes aufgenommen.\u00a0Siebener hie\u00dfen die\u00a0Feldgeschworenen urspr\u00fcnglich, weil je Gemeinde sieben ehrenwerte B\u00fcrger\u00a0betraut waren.<\/span><\/p><h3>Ca. 70 Vermessungen j\u00e4hrlich in Schwabach<\/h3><p><span style=\"font-size: 12pt;\">Etwa 70 Vermessungen werden j\u00e4hrlich im Stadtgebiet Schwabach durchgef\u00fchrt.\u00a0Bei jeder m\u00fcssen zwei Feldgeschworene anwesend sein. \u201eWir haben\u00a0nun insgesamt 17 Personen, die dieses Ehrenamt ausf\u00fchren\u201c, erl\u00e4utert<\/span><br \/><span style=\"font-size: 12pt;\">Matthias Duschka, der zust\u00e4ndige Sachbearbeiter im Stadtplanungsamt.\u00a0\u201eEinige sind aus gesundheitlichen Gr\u00fcnden nicht mehr einsetzbar. Deshalb\u00a0freuen wir uns, dass nun vier weitere Schwabacher B\u00fcrger sich bereit erkl\u00e4rt\u00a0haben, als Siebener t\u00e4tig zu werden.\u201c<\/span><\/p><h3>Vereidigte m\u00fcssen Geheimnis \u201ezeitlebens\u201c bewahren<\/h3><p><span style=\"font-size: 12pt;\">Beim Eid der neuen Feldgeschworenen war auch Siebener-Obmann Reinhard\u00a0Fleischmann im Goldenen Saal dabei, er weiht die vier in das so genannte\u00a0Siebener-Geheimnis ein. Beim Eid mussten die vier vor Oberb\u00fcrgermeister\u00a0Th\u00fcrauf schw\u00f6ren, dass sie dieses Geheimnis \u201ezeitlebens\u201c bewahren.<\/span><\/p><p><span style=\"font-size: 12pt;\"><strong>Foto:<\/strong> (von links) Walter St\u00fcrmer, Oberb\u00fcrgermeister Matthias Th\u00fcrauf, Andre\u00a0St\u00fcrmer, Matthias Duschka vom Stadtplanungsamt, Valentin Prohaska,\u00a0Obmann Reinhard Fleischmann, Daniel Adel, Baureferent Ricus Kerckhoff<\/span><\/p>\t\t\t\t\t\t<\/div>\n\t\t\t\t<\/div>\n\t\t\t\t<div class=\"elementor-element elementor-element-a29781d elementor-widget-divider--view-line elementor-widget elementor-widget-divider\" data-id=\"a29781d\" data-element_type=\"widget\" data-widget_type=\"divider.default\">\n\t\t\t\t<div class=\"elementor-widget-container\">\n\t\t\t\t\t<div class=\"elementor-divider\">\n\t\t\t<span class=\"elementor-divider-separator\">\n\t\t\t\t\t\t<\/span>\n\t\t<\/div>\n\t\t\t\t<\/div>\n\t\t\t\t<\/div>\n\t\t\t\t<div class=\"elementor-element elementor-element-2a05a02 elementor-widget elementor-widget-google_maps\" data-id=\"2a05a02\" data-element_type=\"widget\" data-widget_type=\"google_maps.default\">\n\t\t\t\t<div class=\"elementor-widget-container\">\n\t\t\t\t\t<div class=\"elementor-custom-embed\">\n\t\t\t<iframe loading=\"lazy\"\n\t\t\t\t\tsrc=\"https:\/\/maps.google.com\/maps?q=K%C3%B6nigsplatz%201%2C%20Schwabach%2C%20Deutschland&#038;t=m&#038;z=17&#038;output=embed&#038;iwloc=near\"\n\t\t\t\t\ttitle=\"K\u00f6nigsplatz 1, Schwabach, Deutschland\"\n\t\t\t\t\taria-label=\"K\u00f6nigsplatz 1, Schwabach, Deutschland\"\n\t\t\t><\/iframe>\n\t\t<\/div>\n\t\t\t\t<\/div>\n\t\t\t\t<\/div>\n\t\t\t\t\t<\/div>\n\t\t<\/div>\n\t\t\t\t<div class=\"elementor-column elementor-col-33 elementor-top-column elementor-element elementor-element-f645137\" data-id=\"f645137\" data-element_type=\"column\">\n\t\t\t<div class=\"elementor-widget-wrap\">\n\t\t\t\t\t\t\t<\/div>\n\t\t<\/div>\n\t\t\t\t\t<\/div>\n\t\t<\/section>\n\t\t\t\t<\/div>\n\t\t","protected":false},"excerpt":{"rendered":"<div class=\"mh-excerpt\"><p>Insgesamt nun 17 Feldgeschworene f\u00fcr Schwabach:Weitere Siebener vereidigt Schwabach &#8211;\u00a0Vier Siebener konnte die Stadt Schwabach neu gewinnen, Oberb\u00fcrgermeister\u00a0Matthias Th\u00fcrauf hat diese nun vereidigt. \u201eIch freue mich, dass Sie sich f\u00fcr\u00a0dieses historische Ehrenamt einsetzen\u201c, dankte er <a class=\"mh-excerpt-more\" href=\"https:\/\/www.region-schwabach.de\/wordpress\/weitere-siebener-in-schwabach-vereidigt\/\" title=\"Weitere Siebener in Schwabach vereidigt\">[&#8230;]<\/a><\/p>\n<\/div>","protected":false},"author":1,"featured_media":65923,"comment_status":"open","ping_status":"open","sticky":false,"template":"","format":"standard","meta":{"_cbd_carousel_blocks":"[]","footnotes":""},"categories":[16,79,61,203],"tags":[6591,6994,6992,6995,3953,5712,1480,19,6991,3151,6993],"class_list":{"0":"post-65922","1":"post","2":"type-post","3":"status-publish","4":"format-standard","5":"has-post-thumbnail","7":"category-aktuell","8":"category-politik","9":"category-rathaus","10":"category-umwelt-nachrichten","11":"tag-15-11-2018","12":"tag-ehrenamt","13":"tag-feldgeschworene","14":"tag-hueter-von-grenzen-und-abmarkungen-im-stadtgebiet","15":"tag-november-2018","16":"tag-ob-thuerauf","17":"tag-rathaus","18":"tag-schwabach","19":"tag-siebener","20":"tag-stadt-schwabach","21":"tag-vereidigung"},"_links":{"self":[{"href":"https:\/\/www.region-schwabach.de\/wordpress\/wp-json\/wp\/v2\/posts\/65922","targetHints":{"allow":["GET"]}}],"collection":[{"href":"https:\/\/www.region-schwabach.de\/wordpress\/wp-json\/wp\/v2\/posts"}],"about":[{"href":"https:\/\/www.region-schwabach.de\/wordpress\/wp-json\/wp\/v2\/types\/post"}],"author":[{"embeddable":true,"href":"https:\/\/www.region-schwabach.de\/wordpress\/wp-json\/wp\/v2\/users\/1"}],"replies":[{"embeddable":true,"href":"https:\/\/www.region-schwabach.de\/wordpress\/wp-json\/wp\/v2\/comments?post=65922"}],"version-history":[{"count":0,"href":"https:\/\/www.region-schwabach.de\/wordpress\/wp-json\/wp\/v2\/posts\/65922\/revisions"}],"wp:featuredmedia":[{"embeddable":true,"href":"https:\/\/www.region-schwabach.de\/wordpress\/wp-json\/wp\/v2\/media\/65923"}],"wp:attachment":[{"href":"https:\/\/www.region-schwabach.de\/wordpress\/wp-json\/wp\/v2\/media?parent=65922"}],"wp:term":[{"taxonomy":"category","embeddable":true,"href":"https:\/\/www.region-schwabach.de\/wordpress\/wp-json\/wp\/v2\/categories?post=65922"},{"taxonomy":"post_tag","embeddable":true,"href":"https:\/\/www.region-schwabach.de\/wordpress\/wp-json\/wp\/v2\/tags?post=65922"}],"curies":[{"name":"wp","href":"https:\/\/api.w.org\/{rel}","templated":true}]}}