{"id":65926,"date":"2018-11-22T00:05:39","date_gmt":"2018-11-21T23:05:39","guid":{"rendered":"http:\/\/www.region-schwabach.de\/wordpress\/?p=65926"},"modified":"2018-12-07T15:48:58","modified_gmt":"2018-12-07T14:48:58","slug":"nepo-fitz-22-november-2018","status":"publish","type":"post","link":"https:\/\/www.region-schwabach.de\/wordpress\/nepo-fitz-22-november-2018\/","title":{"rendered":"Nepo Fitz &#8211; 22. November 2018"},"content":{"rendered":"\t\t<div data-elementor-type=\"wp-post\" data-elementor-id=\"65926\" class=\"elementor elementor-65926 elementor-bc-flex-widget\">\n\t\t\t\t\t\t<section class=\"elementor-section elementor-top-section elementor-element elementor-element-678181b elementor-section-boxed elementor-section-height-default elementor-section-height-default\" data-id=\"678181b\" data-element_type=\"section\">\n\t\t\t\t\t\t<div class=\"elementor-container elementor-column-gap-default\">\n\t\t\t\t\t<div class=\"elementor-column elementor-col-66 elementor-top-column elementor-element elementor-element-6b34026\" data-id=\"6b34026\" data-element_type=\"column\">\n\t\t\t<div class=\"elementor-widget-wrap elementor-element-populated\">\n\t\t\t\t\t\t<div class=\"elementor-element elementor-element-443ab98 elementor-widget elementor-widget-text-editor\" data-id=\"443ab98\" data-element_type=\"widget\" data-widget_type=\"text-editor.default\">\n\t\t\t\t<div class=\"elementor-widget-container\">\n\t\t\t\t\t\t\t<h3 class=\"entry-title\">Nepo Fitz &#8211; Sau Mensch<br \/>Donnerstag, 22. November 2018, 20.00 Uhr<\/h3><p><span style=\"font-size: 12pt;\">Schwabach &#8211;\u00a0Am Donnerstag, den 22.11.2018, tritt Nepo Fitz mit seinem Programm \u201eSau Mensch\u201c&#8220;\u00a0um 20.00 Uhr in der Galerie Gaswerk, N\u00f6rdliche Ringstra\u00dfe 9, Schwabach auf.<\/span><\/p><p><span style=\"font-size: 12pt;\">Der Name Fitz ist eine Institution.\u00a0Der 35-j\u00e4hrige erweist sich als weiteres<\/span><br \/><span style=\"font-size: 12pt;\">Multitalent der M\u00fcnchner K\u00fcnstlerfamilie.<\/span><\/p><p><span style=\"font-size: 12pt;\">F\u00fcr sein K\u00f6nnen r\u00e4umte er bereits\u00a0zehn Kleinkunstpreise ab: Angefangen\u00a0beim Passauer Scharfrichterbeil (2008)\u00a0und der \u201eGoldenen Wei\u00dfwurscht\u201c\u00a0(2008) \u00fcber den Stuttgarter Besen und\u00a0den Swiss Comedy Award (2010).<\/span><\/p><p><span style=\"font-size: 12pt;\">Dem TV-Publikum ist er unter anderem aus\u00a0Kabarettshows wie \u201eSchlachthof\u201c, \u201eSp\u00e4tschicht\u201c\u00a0oder \u201eNightwash\u201c bekannt,\u00a0sowie als Schauspieler in Episonenrollen\u00a0in \u201eSoko\u201c , \u201eM\u00fcnchen Sieben\u201c, \u201eHubert\u00a0und Staller\u201c, \u201eRosenheim Cops\u201c oder\u00a0\u201eKommisar Pascha \u2013 Bierleichen\u201c.<\/span><\/p><p><span style=\"font-size: 12pt;\">Eintritt: 17,- Euro<\/span><\/p><h3>Infos:<\/h3><p><span style=\"font-size: 12pt;\"><strong>Kartenbestellungen:<\/strong><\/span><\/p><ul style=\"list-style-type: disc;\"><li><span style=\"font-size: 12pt;\">Telefon: 09122 &#8211; 93 78 82<\/span><\/li><li><span style=\"font-size: 12pt;\">E-Mail: h.kehrbach@kehrbach.de<\/span><\/li><\/ul><p><span style=\"font-size: 12pt;\">Platzreservierung erfolgt nach Bezahlung der Karte.\u00a0Abholung reservierter Karten ist m\u00f6glich im Planwerk Kehrbach,\u00a0N\u00f6rdliche Ringstr. 9, 91126 Schwabach.<\/span><\/p><p><span style=\"font-size: 12pt;\"><strong>\u00d6ffnungszeiten: <\/strong><\/span><\/p><ul style=\"list-style-type: disc;\"><li><span style=\"font-size: 12pt;\">Montag &#8211; Donnerstag von 8.00 &#8211; 17.30<\/span><\/li><li><span style=\"font-size: 12pt;\">Freitag von 8.00 &#8211; 14.30<\/span><\/li><\/ul><h3><span style=\"font-size: 12pt;\">Weiterf\u00fchrende Links:<\/span><\/h3><p><span style=\"font-size: 12pt;\"><a href=\"https:\/\/www.galerie-gaswerk.de\/\" target=\"_blank\" rel=\"noopener\">Hier geht&#8217;s zur Homepage der Galerie Gaswerk &#8230;<\/a><\/span><\/p><p><span style=\"font-size: 12pt;\"><a href=\"https:\/\/www.galerie-gaswerk.de\/pdf_blaetterkatalog\/index.html\" target=\"_blank\" rel=\"noopener\">Hier k\u00f6nnen Sie das aktuelle Programmheft online durchbl\u00e4ttern &#8230;<\/a><\/span><\/p><p><span style=\"font-size: 12pt;\"><a href=\"http:\/\/www.galerie-gaswerk.de\/Galerie-Gaswerk_Programm_2_2018_online.pdf\" target=\"_blank\" rel=\"noopener\">Und hier gibt&#8217;s das Programmheft zum Download &#8230;<\/a><\/span><\/p>\t\t\t\t\t\t<\/div>\n\t\t\t\t<\/div>\n\t\t\t\t<div class=\"elementor-element elementor-element-a29781d elementor-widget-divider--view-line elementor-widget elementor-widget-divider\" data-id=\"a29781d\" data-element_type=\"widget\" data-widget_type=\"divider.default\">\n\t\t\t\t<div class=\"elementor-widget-container\">\n\t\t\t\t\t<div class=\"elementor-divider\">\n\t\t\t<span class=\"elementor-divider-separator\">\n\t\t\t\t\t\t<\/span>\n\t\t<\/div>\n\t\t\t\t<\/div>\n\t\t\t\t<\/div>\n\t\t\t\t<div class=\"elementor-element elementor-element-2a05a02 elementor-widget elementor-widget-google_maps\" data-id=\"2a05a02\" data-element_type=\"widget\" data-widget_type=\"google_maps.default\">\n\t\t\t\t<div class=\"elementor-widget-container\">\n\t\t\t\t\t<div class=\"elementor-custom-embed\">\n\t\t\t<iframe loading=\"lazy\"\n\t\t\t\t\tsrc=\"https:\/\/maps.google.com\/maps?q=N%C3%B6rdliche%20Ringstra%C3%9Fe%209%2C%20Schwabach%2C%20Deutschland&#038;t=m&#038;z=17&#038;output=embed&#038;iwloc=near\"\n\t\t\t\t\ttitle=\"N\u00f6rdliche Ringstra\u00dfe 9, Schwabach, Deutschland\"\n\t\t\t\t\taria-label=\"N\u00f6rdliche Ringstra\u00dfe 9, Schwabach, Deutschland\"\n\t\t\t><\/iframe>\n\t\t<\/div>\n\t\t\t\t<\/div>\n\t\t\t\t<\/div>\n\t\t\t\t\t<\/div>\n\t\t<\/div>\n\t\t\t\t<div class=\"elementor-column elementor-col-33 elementor-top-column elementor-element elementor-element-f645137\" data-id=\"f645137\" data-element_type=\"column\">\n\t\t\t<div class=\"elementor-widget-wrap\">\n\t\t\t\t\t\t\t<\/div>\n\t\t<\/div>\n\t\t\t\t\t<\/div>\n\t\t<\/section>\n\t\t\t\t<\/div>\n\t\t","protected":false},"excerpt":{"rendered":"<div class=\"mh-excerpt\"><p>Nepo Fitz &#8211; Sau MenschDonnerstag, 22. November 2018, 20.00 Uhr Schwabach &#8211;\u00a0Am Donnerstag, den 22.11.2018, tritt Nepo Fitz mit seinem Programm \u201eSau Mensch\u201c&#8220;\u00a0um 20.00 Uhr in der Galerie Gaswerk, N\u00f6rdliche Ringstra\u00dfe 9, Schwabach auf. Der <a class=\"mh-excerpt-more\" href=\"https:\/\/www.region-schwabach.de\/wordpress\/nepo-fitz-22-november-2018\/\" title=\"Nepo Fitz &#8211; 22. November 2018\">[&#8230;]<\/a><\/p>\n<\/div>","protected":false},"author":1,"featured_media":65927,"comment_status":"open","ping_status":"open","sticky":false,"template":"","format":"standard","meta":{"_cbd_carousel_blocks":"[]","footnotes":""},"categories":[16,287,231],"tags":[3137,4801,6716,785,6717,19],"class_list":{"0":"post-65926","1":"post","2":"type-post","3":"status-publish","4":"format-standard","5":"has-post-thumbnail","7":"category-aktuell","8":"category-jugend-und-familie","9":"category-veranstaltungsnews","10":"tag-22-11-2018","11":"tag-galerie-gaswerk","12":"tag-nepo-fitz","13":"tag-noerdliche-ringstrasse","14":"tag-saumensch","15":"tag-schwabach"},"_links":{"self":[{"href":"https:\/\/www.region-schwabach.de\/wordpress\/wp-json\/wp\/v2\/posts\/65926","targetHints":{"allow":["GET"]}}],"collection":[{"href":"https:\/\/www.region-schwabach.de\/wordpress\/wp-json\/wp\/v2\/posts"}],"about":[{"href":"https:\/\/www.region-schwabach.de\/wordpress\/wp-json\/wp\/v2\/types\/post"}],"author":[{"embeddable":true,"href":"https:\/\/www.region-schwabach.de\/wordpress\/wp-json\/wp\/v2\/users\/1"}],"replies":[{"embeddable":true,"href":"https:\/\/www.region-schwabach.de\/wordpress\/wp-json\/wp\/v2\/comments?post=65926"}],"version-history":[{"count":0,"href":"https:\/\/www.region-schwabach.de\/wordpress\/wp-json\/wp\/v2\/posts\/65926\/revisions"}],"wp:featuredmedia":[{"embeddable":true,"href":"https:\/\/www.region-schwabach.de\/wordpress\/wp-json\/wp\/v2\/media\/65927"}],"wp:attachment":[{"href":"https:\/\/www.region-schwabach.de\/wordpress\/wp-json\/wp\/v2\/media?parent=65926"}],"wp:term":[{"taxonomy":"category","embeddable":true,"href":"https:\/\/www.region-schwabach.de\/wordpress\/wp-json\/wp\/v2\/categories?post=65926"},{"taxonomy":"post_tag","embeddable":true,"href":"https:\/\/www.region-schwabach.de\/wordpress\/wp-json\/wp\/v2\/tags?post=65926"}],"curies":[{"name":"wp","href":"https:\/\/api.w.org\/{rel}","templated":true}]}}