{"id":65979,"date":"2018-11-21T13:47:57","date_gmt":"2018-11-21T12:47:57","guid":{"rendered":"http:\/\/www.region-schwabach.de\/wordpress\/?p=65979"},"modified":"2018-11-21T13:51:35","modified_gmt":"2018-11-21T12:51:35","slug":"haftbefehl-in-roth-vollzogen","status":"publish","type":"post","link":"https:\/\/www.region-schwabach.de\/wordpress\/haftbefehl-in-roth-vollzogen\/","title":{"rendered":"Haftbefehl in Roth vollzogen"},"content":{"rendered":"\t\t<div data-elementor-type=\"wp-post\" data-elementor-id=\"65979\" class=\"elementor elementor-65979 elementor-bc-flex-widget\">\n\t\t\t\t\t\t<section class=\"elementor-section elementor-top-section elementor-element elementor-element-tlus4ia elementor-section-boxed elementor-section-height-default elementor-section-height-default\" data-id=\"tlus4ia\" data-element_type=\"section\">\n\t\t\t\t\t\t<div class=\"elementor-container elementor-column-gap-default\">\n\t\t\t\t\t<div class=\"elementor-column elementor-col-66 elementor-top-column elementor-element elementor-element-sphcucl\" data-id=\"sphcucl\" data-element_type=\"column\">\n\t\t\t<div class=\"elementor-widget-wrap elementor-element-populated\">\n\t\t\t\t\t\t<div class=\"elementor-element elementor-element-4f2h2af elementor-widget elementor-widget-text-editor\" data-id=\"4f2h2af\" data-element_type=\"widget\" data-widget_type=\"text-editor.default\">\n\t\t\t\t<div class=\"elementor-widget-container\">\n\t\t\t\t\t\t\t<h3><strong>Haftbefehl vollzogen<\/strong><\/h3><p><span style=\"font-size: 12pt;\">Heideck &#8211; Am Dienstag, den 20.11.2018, wurde ein 24 J\u00e4hriger in einem Rother Ortsteil verhaftet, weil er noch eine Restfreiheitsstrafe von 230 Tage\u00a0wegen K\u00f6rperverletzung zu verb\u00fc\u00dfen hat. Der junge Mann wurde in die Justizvollzugsanstalt nach N\u00fcrnberg gebracht, wo er nun wohl Weihnachten und den Jahreswechsel in der Haftanstalt verbringen wird.\u00a0<\/span><\/p>\t\t\t\t\t\t<\/div>\n\t\t\t\t<\/div>\n\t\t\t\t<div class=\"elementor-element elementor-element-39c5f74 elementor-widget elementor-widget-google_maps\" data-id=\"39c5f74\" data-element_type=\"widget\" data-widget_type=\"google_maps.default\">\n\t\t\t\t<div class=\"elementor-widget-container\">\n\t\t\t\t\t<div class=\"elementor-custom-embed\">\n\t\t\t<iframe loading=\"lazy\"\n\t\t\t\t\tsrc=\"https:\/\/maps.google.com\/maps?q=roth%2C%20Deutschland&#038;t=m&#038;z=14&#038;output=embed&#038;iwloc=near\"\n\t\t\t\t\ttitle=\"roth, Deutschland\"\n\t\t\t\t\taria-label=\"roth, Deutschland\"\n\t\t\t><\/iframe>\n\t\t<\/div>\n\t\t\t\t<\/div>\n\t\t\t\t<\/div>\n\t\t\t\t\t<\/div>\n\t\t<\/div>\n\t\t\t\t<div class=\"elementor-column elementor-col-33 elementor-top-column elementor-element elementor-element-flkv3o5\" data-id=\"flkv3o5\" data-element_type=\"column\">\n\t\t\t<div class=\"elementor-widget-wrap\">\n\t\t\t\t\t\t\t<\/div>\n\t\t<\/div>\n\t\t\t\t\t<\/div>\n\t\t<\/section>\n\t\t\t\t<\/div>\n\t\t","protected":false},"excerpt":{"rendered":"<div class=\"mh-excerpt\"><p>Haftbefehl vollzogen Heideck &#8211; Am Dienstag, den 20.11.2018, wurde ein 24 J\u00e4hriger in einem Rother Ortsteil verhaftet, weil er noch eine Restfreiheitsstrafe von 230 Tage\u00a0wegen K\u00f6rperverletzung zu verb\u00fc\u00dfen hat. Der junge Mann wurde in die <a class=\"mh-excerpt-more\" href=\"https:\/\/www.region-schwabach.de\/wordpress\/haftbefehl-in-roth-vollzogen\/\" title=\"Haftbefehl in Roth vollzogen\">[&#8230;]<\/a><\/p>\n<\/div>","protected":false},"author":1,"featured_media":65980,"comment_status":"open","ping_status":"open","sticky":false,"template":"","format":"standard","meta":{"_cbd_carousel_blocks":"[]","footnotes":""},"categories":[15],"tags":[6596,43,5108,515,35,1455,7022,32,3817],"class_list":{"0":"post-65979","1":"post","2":"type-post","3":"status-publish","4":"format-standard","5":"has-post-thumbnail","7":"category-polizeimeldungen","8":"tag-20-11-2018","9":"tag-festnahme","10":"tag-justizvollzugsanstalt","11":"tag-koerperverletzung","12":"tag-nuernberg","13":"tag-ortsteil","14":"tag-restfreiheitsstrafe","15":"tag-roth","16":"tag-verhaftung"},"_links":{"self":[{"href":"https:\/\/www.region-schwabach.de\/wordpress\/wp-json\/wp\/v2\/posts\/65979","targetHints":{"allow":["GET"]}}],"collection":[{"href":"https:\/\/www.region-schwabach.de\/wordpress\/wp-json\/wp\/v2\/posts"}],"about":[{"href":"https:\/\/www.region-schwabach.de\/wordpress\/wp-json\/wp\/v2\/types\/post"}],"author":[{"embeddable":true,"href":"https:\/\/www.region-schwabach.de\/wordpress\/wp-json\/wp\/v2\/users\/1"}],"replies":[{"embeddable":true,"href":"https:\/\/www.region-schwabach.de\/wordpress\/wp-json\/wp\/v2\/comments?post=65979"}],"version-history":[{"count":0,"href":"https:\/\/www.region-schwabach.de\/wordpress\/wp-json\/wp\/v2\/posts\/65979\/revisions"}],"wp:featuredmedia":[{"embeddable":true,"href":"https:\/\/www.region-schwabach.de\/wordpress\/wp-json\/wp\/v2\/media\/65980"}],"wp:attachment":[{"href":"https:\/\/www.region-schwabach.de\/wordpress\/wp-json\/wp\/v2\/media?parent=65979"}],"wp:term":[{"taxonomy":"category","embeddable":true,"href":"https:\/\/www.region-schwabach.de\/wordpress\/wp-json\/wp\/v2\/categories?post=65979"},{"taxonomy":"post_tag","embeddable":true,"href":"https:\/\/www.region-schwabach.de\/wordpress\/wp-json\/wp\/v2\/tags?post=65979"}],"curies":[{"name":"wp","href":"https:\/\/api.w.org\/{rel}","templated":true}]}}