{"id":66000,"date":"2018-11-22T09:26:48","date_gmt":"2018-11-22T08:26:48","guid":{"rendered":"http:\/\/www.region-schwabach.de\/wordpress\/?p=66000"},"modified":"2018-11-22T10:11:19","modified_gmt":"2018-11-22T09:11:19","slug":"garage-in-allersberg-in-brand-geraten","status":"publish","type":"post","link":"https:\/\/www.region-schwabach.de\/wordpress\/garage-in-allersberg-in-brand-geraten\/","title":{"rendered":"Garage in Allersberg in Brand geraten"},"content":{"rendered":"\t\t<div data-elementor-type=\"wp-post\" data-elementor-id=\"66000\" class=\"elementor elementor-66000 elementor-bc-flex-widget\">\n\t\t\t\t\t\t<section class=\"elementor-section elementor-top-section elementor-element elementor-element-tlus4ia elementor-section-boxed elementor-section-height-default elementor-section-height-default\" data-id=\"tlus4ia\" data-element_type=\"section\">\n\t\t\t\t\t\t<div class=\"elementor-container elementor-column-gap-default\">\n\t\t\t\t\t<div class=\"elementor-column elementor-col-66 elementor-top-column elementor-element elementor-element-sphcucl\" data-id=\"sphcucl\" data-element_type=\"column\">\n\t\t\t<div class=\"elementor-widget-wrap elementor-element-populated\">\n\t\t\t\t\t\t<div class=\"elementor-element elementor-element-4f2h2af elementor-widget elementor-widget-text-editor\" data-id=\"4f2h2af\" data-element_type=\"widget\" data-widget_type=\"text-editor.default\">\n\t\t\t\t<div class=\"elementor-widget-container\">\n\t\t\t\t\t\t\t<h3><strong>Kerzengie\u00dfen in Garage mit Folgen<\/strong><\/h3><p><span style=\"font-size: 12pt;\">Allersberg &#8211; Am Mittwochnachmittag, den 21.11.2018, besch\u00e4ftigte sich ein 18 J\u00e4hriger in der Garage seiner Eltern gerade mit Kerzengie\u00dfen, indem Kerzenwachs in einem Topf erhitzte, als er nur kurz ins Haus ging, und den Topf mit Kerzenwachs verga\u00df.<\/span><\/p><h3>H\u00f6he des Schadens noch nicht bekannt<\/h3><p><span style=\"font-size: 12pt;\">Als er kurz darauf bemerkte, da\u00df die Garage in Brand geraten war, verst\u00e4ndigte er die Feuerwehr, die durch ihr schnelles Eingreifen Schlimmeres verhindert konnte. Die H\u00f6he des Sachschadens ist noch nicht bekannt, jedoch wird von mehreren Tausend Euro ausgegangen, Personen kamen gl\u00fccklicherweise nicht zu schaden.<\/span><\/p>\t\t\t\t\t\t<\/div>\n\t\t\t\t<\/div>\n\t\t\t\t<div class=\"elementor-element elementor-element-39c5f74 elementor-widget elementor-widget-google_maps\" data-id=\"39c5f74\" data-element_type=\"widget\" data-widget_type=\"google_maps.default\">\n\t\t\t\t<div class=\"elementor-widget-container\">\n\t\t\t\t\t<div class=\"elementor-custom-embed\">\n\t\t\t<iframe loading=\"lazy\"\n\t\t\t\t\tsrc=\"https:\/\/maps.google.com\/maps?q=Allersberg%2C%20Deutschland&#038;t=m&#038;z=15&#038;output=embed&#038;iwloc=near\"\n\t\t\t\t\ttitle=\"Allersberg, Deutschland\"\n\t\t\t\t\taria-label=\"Allersberg, Deutschland\"\n\t\t\t><\/iframe>\n\t\t<\/div>\n\t\t\t\t<\/div>\n\t\t\t\t<\/div>\n\t\t\t\t\t<\/div>\n\t\t<\/div>\n\t\t\t\t<div class=\"elementor-column elementor-col-33 elementor-top-column elementor-element elementor-element-flkv3o5\" data-id=\"flkv3o5\" data-element_type=\"column\">\n\t\t\t<div class=\"elementor-widget-wrap\">\n\t\t\t\t\t\t\t<\/div>\n\t\t<\/div>\n\t\t\t\t\t<\/div>\n\t\t<\/section>\n\t\t\t\t<\/div>\n\t\t","protected":false},"excerpt":{"rendered":"<div class=\"mh-excerpt\"><p>Kerzengie\u00dfen in Garage mit Folgen Allersberg &#8211; Am Mittwochnachmittag, den 21.11.2018, besch\u00e4ftigte sich ein 18 J\u00e4hriger in der Garage seiner Eltern gerade mit Kerzengie\u00dfen, indem Kerzenwachs in einem Topf erhitzte, als er nur kurz ins <a class=\"mh-excerpt-more\" href=\"https:\/\/www.region-schwabach.de\/wordpress\/garage-in-allersberg-in-brand-geraten\/\" title=\"Garage in Allersberg in Brand geraten\">[&#8230;]<\/a><\/p>\n<\/div>","protected":false},"author":1,"featured_media":66005,"comment_status":"open","ping_status":"open","sticky":false,"template":"","format":"standard","meta":{"_cbd_carousel_blocks":"[]","footnotes":""},"categories":[15],"tags":[6597,556,293,543,296,1607,297,7037,7038,981,401,713,6389],"class_list":{"0":"post-66000","1":"post","2":"type-post","3":"status-publish","4":"format-standard","5":"has-post-thumbnail","7":"category-polizeimeldungen","8":"tag-21-11-2018","9":"tag-allersberg","10":"tag-brand","11":"tag-feuer","12":"tag-feuerwehr","13":"tag-garage","14":"tag-hilpoltstein","15":"tag-kerzen","16":"tag-kerzenwachs","17":"tag-polizei","18":"tag-sachschaden","19":"tag-schaden","20":"tag-topf"},"_links":{"self":[{"href":"https:\/\/www.region-schwabach.de\/wordpress\/wp-json\/wp\/v2\/posts\/66000","targetHints":{"allow":["GET"]}}],"collection":[{"href":"https:\/\/www.region-schwabach.de\/wordpress\/wp-json\/wp\/v2\/posts"}],"about":[{"href":"https:\/\/www.region-schwabach.de\/wordpress\/wp-json\/wp\/v2\/types\/post"}],"author":[{"embeddable":true,"href":"https:\/\/www.region-schwabach.de\/wordpress\/wp-json\/wp\/v2\/users\/1"}],"replies":[{"embeddable":true,"href":"https:\/\/www.region-schwabach.de\/wordpress\/wp-json\/wp\/v2\/comments?post=66000"}],"version-history":[{"count":0,"href":"https:\/\/www.region-schwabach.de\/wordpress\/wp-json\/wp\/v2\/posts\/66000\/revisions"}],"wp:featuredmedia":[{"embeddable":true,"href":"https:\/\/www.region-schwabach.de\/wordpress\/wp-json\/wp\/v2\/media\/66005"}],"wp:attachment":[{"href":"https:\/\/www.region-schwabach.de\/wordpress\/wp-json\/wp\/v2\/media?parent=66000"}],"wp:term":[{"taxonomy":"category","embeddable":true,"href":"https:\/\/www.region-schwabach.de\/wordpress\/wp-json\/wp\/v2\/categories?post=66000"},{"taxonomy":"post_tag","embeddable":true,"href":"https:\/\/www.region-schwabach.de\/wordpress\/wp-json\/wp\/v2\/tags?post=66000"}],"curies":[{"name":"wp","href":"https:\/\/api.w.org\/{rel}","templated":true}]}}