{"id":66004,"date":"2018-11-22T10:03:00","date_gmt":"2018-11-22T09:03:00","guid":{"rendered":"http:\/\/www.region-schwabach.de\/wordpress\/?p=66004"},"modified":"2018-11-22T10:05:33","modified_gmt":"2018-11-22T09:05:33","slug":"rollerfahrer-in-schwabach-uebersehen","status":"publish","type":"post","link":"https:\/\/www.region-schwabach.de\/wordpress\/rollerfahrer-in-schwabach-uebersehen\/","title":{"rendered":"Rollerfahrer in Schwabach \u00fcbersehen"},"content":{"rendered":"\t\t<div data-elementor-type=\"wp-post\" data-elementor-id=\"66004\" class=\"elementor elementor-66004 elementor-bc-flex-widget\">\n\t\t\t\t\t\t<section class=\"elementor-section elementor-top-section elementor-element elementor-element-tlus4ia elementor-section-boxed elementor-section-height-default elementor-section-height-default\" data-id=\"tlus4ia\" data-element_type=\"section\">\n\t\t\t\t\t\t<div class=\"elementor-container elementor-column-gap-default\">\n\t\t\t\t\t<div class=\"elementor-column elementor-col-66 elementor-top-column elementor-element elementor-element-sphcucl\" data-id=\"sphcucl\" data-element_type=\"column\">\n\t\t\t<div class=\"elementor-widget-wrap elementor-element-populated\">\n\t\t\t\t\t\t<div class=\"elementor-element elementor-element-4f2h2af elementor-widget elementor-widget-text-editor\" data-id=\"4f2h2af\" data-element_type=\"widget\" data-widget_type=\"text-editor.default\">\n\t\t\t\t<div class=\"elementor-widget-container\">\n\t\t\t\t\t\t\t<h3><strong>Pkw \u00fcbersieht Rollerfahrer beim Abbiegen<\/strong><\/h3><p><span style=\"font-size: 12pt;\">Schwabach &#8211; Am Mittwochnachmittag, den 21.11.2018, wollte ein Toyotafahrer\u00a0kurz nach 17.00 Uhr von der Konrad-Adenauer-Stra\u00dfe nach links in die Kettelerstra\u00dfe abbiegen, als er dabei einen\u00a0entgegenkommenden Rollerfahrer \u00fcbersah, und heftig mit diesem zusammenstie\u00df.<\/span><\/p><h3>Rollerfahrer gl\u00fccklicherweise nur leicht verletzt<\/h3><p><span style=\"font-size: 12pt;\">Bei der Kollision entstand an dem Roller ein Totalschaden, und auch der PKW wurde im Frontbereich massiv besch\u00e4digt, w\u00e4hrend der Rollerfahrer gl\u00fccklicherweise bei dem Unfall nur relativ leicht verletzt wurde, und mit Verdacht auf R\u00fcckenprellungen ins Krankenhaus gebracht wurde. Der PKW-Fahrer blieb unverletzt, gegen ihn wurde jedoch ein Ermittlungsverfahren wegen fahrl\u00e4ssiger K\u00f6rperverletzung eingeleitet.<\/span><\/p>\t\t\t\t\t\t<\/div>\n\t\t\t\t<\/div>\n\t\t\t\t<div class=\"elementor-element elementor-element-39c5f74 elementor-widget elementor-widget-google_maps\" data-id=\"39c5f74\" data-element_type=\"widget\" data-widget_type=\"google_maps.default\">\n\t\t\t\t<div class=\"elementor-widget-container\">\n\t\t\t\t\t<div class=\"elementor-custom-embed\">\n\t\t\t<iframe loading=\"lazy\"\n\t\t\t\t\tsrc=\"https:\/\/maps.google.com\/maps?q=49.318347%2C%2011.027733&#038;t=m&#038;z=16&#038;output=embed&#038;iwloc=near\"\n\t\t\t\t\ttitle=\"49.318347, 11.027733\"\n\t\t\t\t\taria-label=\"49.318347, 11.027733\"\n\t\t\t><\/iframe>\n\t\t<\/div>\n\t\t\t\t<\/div>\n\t\t\t\t<\/div>\n\t\t\t\t\t<\/div>\n\t\t<\/div>\n\t\t\t\t<div class=\"elementor-column elementor-col-33 elementor-top-column elementor-element elementor-element-flkv3o5\" data-id=\"flkv3o5\" data-element_type=\"column\">\n\t\t\t<div class=\"elementor-widget-wrap\">\n\t\t\t\t\t\t\t<\/div>\n\t\t<\/div>\n\t\t\t\t\t<\/div>\n\t\t<\/section>\n\t\t\t\t<\/div>\n\t\t","protected":false},"excerpt":{"rendered":"<div class=\"mh-excerpt\"><p>Pkw \u00fcbersieht Rollerfahrer beim Abbiegen Schwabach &#8211; Am Mittwochnachmittag, den 21.11.2018, wollte ein Toyotafahrer\u00a0kurz nach 17.00 Uhr von der Konrad-Adenauer-Stra\u00dfe nach links in die Kettelerstra\u00dfe abbiegen, als er dabei einen\u00a0entgegenkommenden Rollerfahrer \u00fcbersah, und heftig mit <a class=\"mh-excerpt-more\" href=\"https:\/\/www.region-schwabach.de\/wordpress\/rollerfahrer-in-schwabach-uebersehen\/\" title=\"Rollerfahrer in Schwabach \u00fcbersehen\">[&#8230;]<\/a><\/p>\n<\/div>","protected":false},"author":1,"featured_media":66001,"comment_status":"open","ping_status":"open","sticky":false,"template":"","format":"standard","meta":{"_cbd_carousel_blocks":"[]","footnotes":""},"categories":[15],"tags":[6597,1519,5301,6845,7035,1697,2104,1856,1375,463,877,7036,401,713,1297,1547,334],"class_list":{"0":"post-66004","1":"post","2":"type-post","3":"status-publish","4":"format-standard","5":"has-post-thumbnail","7":"category-polizeimeldungen","8":"tag-21-11-2018","9":"tag-ermittlungsverfahren","10":"tag-fahrlaessige-koerperverletzung","11":"tag-frontbereich","12":"tag-kettelerstrasse","13":"tag-kleinwagen","14":"tag-konrad-adenauer-strasse","15":"tag-krankenhaus","16":"tag-leicht-verletzt","17":"tag-pkw","18":"tag-roller","19":"tag-rueckenprellung","20":"tag-sachschaden","21":"tag-schaden","22":"tag-totalschaden","23":"tag-toyota","24":"tag-unfall"},"_links":{"self":[{"href":"https:\/\/www.region-schwabach.de\/wordpress\/wp-json\/wp\/v2\/posts\/66004","targetHints":{"allow":["GET"]}}],"collection":[{"href":"https:\/\/www.region-schwabach.de\/wordpress\/wp-json\/wp\/v2\/posts"}],"about":[{"href":"https:\/\/www.region-schwabach.de\/wordpress\/wp-json\/wp\/v2\/types\/post"}],"author":[{"embeddable":true,"href":"https:\/\/www.region-schwabach.de\/wordpress\/wp-json\/wp\/v2\/users\/1"}],"replies":[{"embeddable":true,"href":"https:\/\/www.region-schwabach.de\/wordpress\/wp-json\/wp\/v2\/comments?post=66004"}],"version-history":[{"count":0,"href":"https:\/\/www.region-schwabach.de\/wordpress\/wp-json\/wp\/v2\/posts\/66004\/revisions"}],"wp:featuredmedia":[{"embeddable":true,"href":"https:\/\/www.region-schwabach.de\/wordpress\/wp-json\/wp\/v2\/media\/66001"}],"wp:attachment":[{"href":"https:\/\/www.region-schwabach.de\/wordpress\/wp-json\/wp\/v2\/media?parent=66004"}],"wp:term":[{"taxonomy":"category","embeddable":true,"href":"https:\/\/www.region-schwabach.de\/wordpress\/wp-json\/wp\/v2\/categories?post=66004"},{"taxonomy":"post_tag","embeddable":true,"href":"https:\/\/www.region-schwabach.de\/wordpress\/wp-json\/wp\/v2\/tags?post=66004"}],"curies":[{"name":"wp","href":"https:\/\/api.w.org\/{rel}","templated":true}]}}