{"id":66040,"date":"2018-11-23T12:59:09","date_gmt":"2018-11-23T11:59:09","guid":{"rendered":"http:\/\/www.region-schwabach.de\/wordpress\/?p=66040"},"modified":"2018-11-30T11:06:55","modified_gmt":"2018-11-30T10:06:55","slug":"pkw-und-radfahrer-in-roth-in-alkoholisiert-unterwegs","status":"publish","type":"post","link":"https:\/\/www.region-schwabach.de\/wordpress\/pkw-und-radfahrer-in-roth-in-alkoholisiert-unterwegs\/","title":{"rendered":"PKW- und Radfahrer in Roth in alkoholisiert unterwegs"},"content":{"rendered":"\t\t<div data-elementor-type=\"wp-post\" data-elementor-id=\"66040\" class=\"elementor elementor-66040 elementor-bc-flex-widget\">\n\t\t\t\t\t\t<section class=\"elementor-section elementor-top-section elementor-element elementor-element-tlus4ia elementor-section-boxed elementor-section-height-default elementor-section-height-default\" data-id=\"tlus4ia\" data-element_type=\"section\">\n\t\t\t\t\t\t<div class=\"elementor-container elementor-column-gap-default\">\n\t\t\t\t\t<div class=\"elementor-column elementor-col-66 elementor-top-column elementor-element elementor-element-sphcucl\" data-id=\"sphcucl\" data-element_type=\"column\">\n\t\t\t<div class=\"elementor-widget-wrap elementor-element-populated\">\n\t\t\t\t\t\t<div class=\"elementor-element elementor-element-4f2h2af elementor-widget elementor-widget-text-editor\" data-id=\"4f2h2af\" data-element_type=\"widget\" data-widget_type=\"text-editor.default\">\n\t\t\t\t<div class=\"elementor-widget-container\">\n\t\t\t\t\t\t\t<h3><strong>Alkoholisierte Verkehrsteilnehmer unterwegs<\/strong><\/h3><p><span style=\"font-size: 12pt;\">Roth &#8211; Am Donnerstagabend, den 22.11.2018, wurde e<span style=\"font-family: Arial, sans-serif; text-align: justify;\">in 51-j\u00e4hriger PKW-Fahrer in Roth einer Verkehrskontrolle unterzogen, in deren Verlauf die Beamten bemerkten, da\u00df der Fahrer\u00a0<\/span>erheblich alkoholisiert war. Diesen Verdacht best\u00e4tigte dann auch ein durchgef\u00fchrter Alkholtest, der einen Wert von deutlich \u00fcber 1,1 Promille ergab. Deshalb wurde eine Blutentnahme veranlasst, der F\u00fchrerschein umgehend sichergestellt, und ein Verfahrens wegen Trunkenheit im Stra\u00dfenverkehr eingeleitet.<\/span><\/p><p><span style=\"font-size: 12pt;\">Roth &#8211; Am Freitagmorgen, den 23.11.2018, bemerkte eine Polizeistreife in der N\u00fcrnberger Stra\u00dfe in Roth einen 28-j\u00e4hrigen Radfahrer, der durch einen sehr unsicheren Fahrstil auffiel. Auch dieser Zweiradfahrer war stark alkoholisiert, wie das Ergebnis eines Alkoholtests mit weit \u00fcber 2 Promille zeigte. Auch hier wurde eine Blutentnahme veranlasst, und ein Strafverfahren eingeleitet. Da sich\u00a0 der junge Mann aber partout nicht mehr beruhigen lie\u00df &#8211; er leidet offenbar an einer psychischen St\u00f6rung &#8211; mu\u00dfte\u00a0 er anschlie\u00dfend in eine Fachklinik nach Ansbach eingeliefert werden.<\/span><\/p>\t\t\t\t\t\t<\/div>\n\t\t\t\t<\/div>\n\t\t\t\t<div class=\"elementor-element elementor-element-39c5f74 elementor-widget elementor-widget-google_maps\" data-id=\"39c5f74\" data-element_type=\"widget\" data-widget_type=\"google_maps.default\">\n\t\t\t\t<div class=\"elementor-widget-container\">\n\t\t\t\t\t<div class=\"elementor-custom-embed\">\n\t\t\t<iframe loading=\"lazy\"\n\t\t\t\t\tsrc=\"https:\/\/maps.google.com\/maps?q=Roth%2C%20Deutschland&#038;t=m&#038;z=15&#038;output=embed&#038;iwloc=near\"\n\t\t\t\t\ttitle=\"Roth, Deutschland\"\n\t\t\t\t\taria-label=\"Roth, Deutschland\"\n\t\t\t><\/iframe>\n\t\t<\/div>\n\t\t\t\t<\/div>\n\t\t\t\t<\/div>\n\t\t\t\t<div class=\"elementor-element elementor-element-f6d3081 elementor-widget elementor-widget-google_maps\" data-id=\"f6d3081\" data-element_type=\"widget\" data-widget_type=\"google_maps.default\">\n\t\t\t\t<div class=\"elementor-widget-container\">\n\t\t\t\t\t<div class=\"elementor-custom-embed\">\n\t\t\t<iframe loading=\"lazy\"\n\t\t\t\t\tsrc=\"https:\/\/maps.google.com\/maps?q=N%C3%BCrnberger%20Stra%C3%9Fe%2C%20Roth%2C%20Deutschland&#038;t=m&#038;z=15&#038;output=embed&#038;iwloc=near\"\n\t\t\t\t\ttitle=\"N\u00fcrnberger Stra\u00dfe, Roth, Deutschland\"\n\t\t\t\t\taria-label=\"N\u00fcrnberger Stra\u00dfe, Roth, Deutschland\"\n\t\t\t><\/iframe>\n\t\t<\/div>\n\t\t\t\t<\/div>\n\t\t\t\t<\/div>\n\t\t\t\t\t<\/div>\n\t\t<\/div>\n\t\t\t\t<div class=\"elementor-column elementor-col-33 elementor-top-column elementor-element elementor-element-flkv3o5\" data-id=\"flkv3o5\" data-element_type=\"column\">\n\t\t\t<div class=\"elementor-widget-wrap\">\n\t\t\t\t\t\t\t<\/div>\n\t\t<\/div>\n\t\t\t\t\t<\/div>\n\t\t<\/section>\n\t\t\t\t<\/div>\n\t\t","protected":false},"excerpt":{"rendered":"<div class=\"mh-excerpt\"><p>Alkoholisierte Verkehrsteilnehmer unterwegs Roth &#8211; Am Donnerstagabend, den 22.11.2018, wurde ein 51-j\u00e4hriger PKW-Fahrer in Roth einer Verkehrskontrolle unterzogen, in deren Verlauf die Beamten bemerkten, da\u00df der Fahrer\u00a0erheblich alkoholisiert war. Diesen Verdacht best\u00e4tigte dann auch ein <a class=\"mh-excerpt-more\" href=\"https:\/\/www.region-schwabach.de\/wordpress\/pkw-und-radfahrer-in-roth-in-alkoholisiert-unterwegs\/\" title=\"PKW- und Radfahrer in Roth in alkoholisiert unterwegs\">[&#8230;]<\/a><\/p>\n<\/div>","protected":false},"author":1,"featured_media":66041,"comment_status":"open","ping_status":"open","sticky":false,"template":"","format":"standard","meta":{"_cbd_carousel_blocks":"[]","footnotes":""},"categories":[15],"tags":[3137,6598,1637,1820,1636,1018,3978,1847,464,463,769,32,7048,39],"class_list":{"0":"post-66040","1":"post","2":"type-post","3":"status-publish","4":"format-standard","5":"has-post-thumbnail","7":"category-polizeimeldungen","8":"tag-22-11-2018","9":"tag-23-11-2018","10":"tag-alkoholgeruch","11":"tag-alkoholtest","12":"tag-blutentnahme","13":"tag-fahrverbot","14":"tag-fuehrerschein-sichergestellt","15":"tag-geldstrafe","16":"tag-nuernberger-strasse","17":"tag-pkw","18":"tag-radfahrer","19":"tag-roth","20":"tag-rother-westen","21":"tag-verkehrskontrolle"},"_links":{"self":[{"href":"https:\/\/www.region-schwabach.de\/wordpress\/wp-json\/wp\/v2\/posts\/66040","targetHints":{"allow":["GET"]}}],"collection":[{"href":"https:\/\/www.region-schwabach.de\/wordpress\/wp-json\/wp\/v2\/posts"}],"about":[{"href":"https:\/\/www.region-schwabach.de\/wordpress\/wp-json\/wp\/v2\/types\/post"}],"author":[{"embeddable":true,"href":"https:\/\/www.region-schwabach.de\/wordpress\/wp-json\/wp\/v2\/users\/1"}],"replies":[{"embeddable":true,"href":"https:\/\/www.region-schwabach.de\/wordpress\/wp-json\/wp\/v2\/comments?post=66040"}],"version-history":[{"count":0,"href":"https:\/\/www.region-schwabach.de\/wordpress\/wp-json\/wp\/v2\/posts\/66040\/revisions"}],"wp:featuredmedia":[{"embeddable":true,"href":"https:\/\/www.region-schwabach.de\/wordpress\/wp-json\/wp\/v2\/media\/66041"}],"wp:attachment":[{"href":"https:\/\/www.region-schwabach.de\/wordpress\/wp-json\/wp\/v2\/media?parent=66040"}],"wp:term":[{"taxonomy":"category","embeddable":true,"href":"https:\/\/www.region-schwabach.de\/wordpress\/wp-json\/wp\/v2\/categories?post=66040"},{"taxonomy":"post_tag","embeddable":true,"href":"https:\/\/www.region-schwabach.de\/wordpress\/wp-json\/wp\/v2\/tags?post=66040"}],"curies":[{"name":"wp","href":"https:\/\/api.w.org\/{rel}","templated":true}]}}