{"id":66047,"date":"2018-11-23T13:58:03","date_gmt":"2018-11-23T12:58:03","guid":{"rendered":"http:\/\/www.region-schwabach.de\/wordpress\/?p=66047"},"modified":"2018-11-24T09:47:04","modified_gmt":"2018-11-24T08:47:04","slug":"strasse-bei-belmbrach-durch-oel-verunreinigt","status":"publish","type":"post","link":"https:\/\/www.region-schwabach.de\/wordpress\/strasse-bei-belmbrach-durch-oel-verunreinigt\/","title":{"rendered":"Stra\u00dfe bei Belmbrach durch \u00d6l verunreinigt"},"content":{"rendered":"\t\t<div data-elementor-type=\"wp-post\" data-elementor-id=\"66047\" class=\"elementor elementor-66047 elementor-bc-flex-widget\">\n\t\t\t\t\t\t<section class=\"elementor-section elementor-top-section elementor-element elementor-element-tlus4ia elementor-section-boxed elementor-section-height-default elementor-section-height-default\" data-id=\"tlus4ia\" data-element_type=\"section\">\n\t\t\t\t\t\t<div class=\"elementor-container elementor-column-gap-default\">\n\t\t\t\t\t<div class=\"elementor-column elementor-col-66 elementor-top-column elementor-element elementor-element-sphcucl\" data-id=\"sphcucl\" data-element_type=\"column\">\n\t\t\t<div class=\"elementor-widget-wrap elementor-element-populated\">\n\t\t\t\t\t\t<div class=\"elementor-element elementor-element-4f2h2af elementor-widget elementor-widget-text-editor\" data-id=\"4f2h2af\" data-element_type=\"widget\" data-widget_type=\"text-editor.default\">\n\t\t\t\t<div class=\"elementor-widget-container\">\n\t\t\t\t\t\t\t<h3><strong>Erst Kurve, dann Schaden untersch\u00e4tzt<\/strong><\/h3><p><span style=\"font-size: 12pt;\"><span style=\"font-family: georgia, palatino, serif;\">Roth &#8211; Am Donnerstagabend, den 22.11.2018, wollte\u00a0<\/span>eine 44-j\u00e4hrige Hyundai-Fahrerin an der Anschlussstelle Belmbrach von N\u00fcrnberg kommend von der B2 abfahren, als sie in der scharfen Rechtskurve geradeaus fuhr, und dabei eine rot\/wei\u00dfe Richtungstafel sowie einen Leitpfosten umfuhr. <\/span><\/p><h3>Unterboden und die \u00d6lwanne aufgerissen<\/h3><p><span style=\"font-size: 12pt;\">Bei diesem Man\u00f6ver riss sie sich den Unterboden und die \u00d6lwanne am PKW auf, und machte sich &#8211; ohne den \u00d6lverlust zu bemerken &#8211; \u00fcber die Belmbracher und M\u00fcnchener Stra\u00dfe auf den Weg zur Polizei. Durch den \u00d6lverlust verunreinigte sie die Fahrbahn erheblich, weshalb die Feuerwehr ausr\u00fccken mu\u00dfte, um die \u00d6lspur zu beseitigen.\u00a0<\/span><\/p>\t\t\t\t\t\t<\/div>\n\t\t\t\t<\/div>\n\t\t\t\t<div class=\"elementor-element elementor-element-39c5f74 elementor-widget elementor-widget-google_maps\" data-id=\"39c5f74\" data-element_type=\"widget\" data-widget_type=\"google_maps.default\">\n\t\t\t\t<div class=\"elementor-widget-container\">\n\t\t\t\t\t<div class=\"elementor-custom-embed\">\n\t\t\t<iframe loading=\"lazy\"\n\t\t\t\t\tsrc=\"https:\/\/maps.google.com\/maps?q=Belmbrach%2C%20Roth%2C%20Deutschland&#038;t=m&#038;z=14&#038;output=embed&#038;iwloc=near\"\n\t\t\t\t\ttitle=\"Belmbrach, Roth, Deutschland\"\n\t\t\t\t\taria-label=\"Belmbrach, Roth, Deutschland\"\n\t\t\t><\/iframe>\n\t\t<\/div>\n\t\t\t\t<\/div>\n\t\t\t\t<\/div>\n\t\t\t\t\t<\/div>\n\t\t<\/div>\n\t\t\t\t<div class=\"elementor-column elementor-col-33 elementor-top-column elementor-element elementor-element-flkv3o5\" data-id=\"flkv3o5\" data-element_type=\"column\">\n\t\t\t<div class=\"elementor-widget-wrap\">\n\t\t\t\t\t\t\t<\/div>\n\t\t<\/div>\n\t\t\t\t\t<\/div>\n\t\t<\/section>\n\t\t\t\t<\/div>\n\t\t","protected":false},"excerpt":{"rendered":"<div class=\"mh-excerpt\"><p>Erst Kurve, dann Schaden untersch\u00e4tzt Roth &#8211; Am Donnerstagabend, den 22.11.2018, wollte\u00a0eine 44-j\u00e4hrige Hyundai-Fahrerin an der Anschlussstelle Belmbrach von N\u00fcrnberg kommend von der B2 abfahren, als sie in der scharfen Rechtskurve geradeaus fuhr, und dabei <a class=\"mh-excerpt-more\" href=\"https:\/\/www.region-schwabach.de\/wordpress\/strasse-bei-belmbrach-durch-oel-verunreinigt\/\" title=\"Stra\u00dfe bei Belmbrach durch \u00d6l verunreinigt\">[&#8230;]<\/a><\/p>\n<\/div>","protected":false},"author":1,"featured_media":66048,"comment_status":"open","ping_status":"open","sticky":false,"template":"","format":"standard","meta":{"_cbd_carousel_blocks":"[]","footnotes":""},"categories":[15],"tags":[3137,1840,429,1419,1517,296,807,6450,860,6116,6117,7050,463,7051,32,401,713,7049],"class_list":{"0":"post-66047","1":"post","2":"type-post","3":"status-publish","4":"format-standard","5":"has-post-thumbnail","7":"category-polizeimeldungen","8":"tag-22-11-2018","9":"tag-ausfahrt","10":"tag-b2","11":"tag-belmbrach","12":"tag-belmbracher-strasse","13":"tag-feuerwehr","14":"tag-hyundai","15":"tag-leitpfosten","16":"tag-muenchener-strasse","17":"tag-oel","18":"tag-oelspur","19":"tag-oelwanne","20":"tag-pkw","21":"tag-richtungstafel","22":"tag-roth","23":"tag-sachschaden","24":"tag-schaden","25":"tag-unterboden"},"_links":{"self":[{"href":"https:\/\/www.region-schwabach.de\/wordpress\/wp-json\/wp\/v2\/posts\/66047","targetHints":{"allow":["GET"]}}],"collection":[{"href":"https:\/\/www.region-schwabach.de\/wordpress\/wp-json\/wp\/v2\/posts"}],"about":[{"href":"https:\/\/www.region-schwabach.de\/wordpress\/wp-json\/wp\/v2\/types\/post"}],"author":[{"embeddable":true,"href":"https:\/\/www.region-schwabach.de\/wordpress\/wp-json\/wp\/v2\/users\/1"}],"replies":[{"embeddable":true,"href":"https:\/\/www.region-schwabach.de\/wordpress\/wp-json\/wp\/v2\/comments?post=66047"}],"version-history":[{"count":0,"href":"https:\/\/www.region-schwabach.de\/wordpress\/wp-json\/wp\/v2\/posts\/66047\/revisions"}],"wp:featuredmedia":[{"embeddable":true,"href":"https:\/\/www.region-schwabach.de\/wordpress\/wp-json\/wp\/v2\/media\/66048"}],"wp:attachment":[{"href":"https:\/\/www.region-schwabach.de\/wordpress\/wp-json\/wp\/v2\/media?parent=66047"}],"wp:term":[{"taxonomy":"category","embeddable":true,"href":"https:\/\/www.region-schwabach.de\/wordpress\/wp-json\/wp\/v2\/categories?post=66047"},{"taxonomy":"post_tag","embeddable":true,"href":"https:\/\/www.region-schwabach.de\/wordpress\/wp-json\/wp\/v2\/tags?post=66047"}],"curies":[{"name":"wp","href":"https:\/\/api.w.org\/{rel}","templated":true}]}}