{"id":66120,"date":"2018-11-24T10:27:13","date_gmt":"2018-11-24T09:27:13","guid":{"rendered":"http:\/\/www.region-schwabach.de\/wordpress\/?p=66120"},"modified":"2018-11-24T11:05:33","modified_gmt":"2018-11-24T10:05:33","slug":"pkw-fahrer-in-roth-fluechtet-vor-polizei","status":"publish","type":"post","link":"https:\/\/www.region-schwabach.de\/wordpress\/pkw-fahrer-in-roth-fluechtet-vor-polizei\/","title":{"rendered":"PKW-Fahrer in Roth fl\u00fcchtet vor Polizei"},"content":{"rendered":"\t\t<div data-elementor-type=\"wp-post\" data-elementor-id=\"66120\" class=\"elementor elementor-66120 elementor-bc-flex-widget\">\n\t\t\t\t\t\t<section class=\"elementor-section elementor-top-section elementor-element elementor-element-1cuv9jr elementor-section-boxed elementor-section-height-default elementor-section-height-default\" data-id=\"1cuv9jr\" data-element_type=\"section\">\n\t\t\t\t\t\t<div class=\"elementor-container elementor-column-gap-default\">\n\t\t\t\t\t<div class=\"elementor-column elementor-col-66 elementor-top-column elementor-element elementor-element-q5zak7b\" data-id=\"q5zak7b\" data-element_type=\"column\">\n\t\t\t<div class=\"elementor-widget-wrap elementor-element-populated\">\n\t\t\t\t\t\t<div class=\"elementor-element elementor-element-763ecdd elementor-widget elementor-widget-text-editor\" data-id=\"763ecdd\" data-element_type=\"widget\" data-widget_type=\"text-editor.default\">\n\t\t\t\t<div class=\"elementor-widget-container\">\n\t\t\t\t\t\t\t<h3><strong>Gef\u00e4hrliche Flucht<\/strong><\/h3><p><span style=\"font-size: 12pt;\">Roth &#8211; In der Nacht von Freitag, den 23.11.2018, auf Samstag, den 24.11.2018, wollte eine Streifenbesatzung den Fahrer eines blauen Opel-Corsa in Roth kurz nach Mitternacht einer Verkehrskontrolle unterziehen. Der Fahrer ignorierte jedoch alle Anhaltesignale, und fuhr dabei in \u00e4u\u00dferst verkehrsgef\u00e4hrdender Art durch Roth, wobei er auch mehrere bislang unbekannte Fahrzeugf\u00fchrer gef\u00e4hrdete, bevor das Fahrzeug letztdlich gestellt, und der jugendliche Fahrer festgenommen werden konnte. Zeugen der Fahrweise, insbesondere die Fahrzeugf\u00fchrer, die abbremsen und ausweichen mu\u00dften, werden gebeten sich bei der Polizei in Roth unter der Telefonnummer 09171-9744-0 zu melden.<\/span><\/p>\t\t\t\t\t\t<\/div>\n\t\t\t\t<\/div>\n\t\t\t\t<div class=\"elementor-element elementor-element-ace1283 elementor-widget-divider--view-line elementor-widget elementor-widget-divider\" data-id=\"ace1283\" data-element_type=\"widget\" data-widget_type=\"divider.default\">\n\t\t\t\t<div class=\"elementor-widget-container\">\n\t\t\t\t\t<div class=\"elementor-divider\">\n\t\t\t<span class=\"elementor-divider-separator\">\n\t\t\t\t\t\t<\/span>\n\t\t<\/div>\n\t\t\t\t<\/div>\n\t\t\t\t<\/div>\n\t\t\t\t<div class=\"elementor-element elementor-element-1l7zbzo elementor-widget elementor-widget-google_maps\" data-id=\"1l7zbzo\" data-element_type=\"widget\" data-widget_type=\"google_maps.default\">\n\t\t\t\t<div class=\"elementor-widget-container\">\n\t\t\t\t\t<div class=\"elementor-custom-embed\">\n\t\t\t<iframe loading=\"lazy\"\n\t\t\t\t\tsrc=\"https:\/\/maps.google.com\/maps?q=Roth%2C%20Deutschland&#038;t=m&#038;z=13&#038;output=embed&#038;iwloc=near\"\n\t\t\t\t\ttitle=\"Roth, Deutschland\"\n\t\t\t\t\taria-label=\"Roth, Deutschland\"\n\t\t\t><\/iframe>\n\t\t<\/div>\n\t\t\t\t<\/div>\n\t\t\t\t<\/div>\n\t\t\t\t\t<\/div>\n\t\t<\/div>\n\t\t\t\t<div class=\"elementor-column elementor-col-33 elementor-top-column elementor-element elementor-element-0w0urt1\" data-id=\"0w0urt1\" data-element_type=\"column\">\n\t\t\t<div class=\"elementor-widget-wrap\">\n\t\t\t\t\t\t\t<\/div>\n\t\t<\/div>\n\t\t\t\t\t<\/div>\n\t\t<\/section>\n\t\t\t\t<\/div>\n\t\t","protected":false},"excerpt":{"rendered":"<div class=\"mh-excerpt\"><p>Gef\u00e4hrliche Flucht Roth &#8211; In der Nacht von Freitag, den 23.11.2018, auf Samstag, den 24.11.2018, wollte eine Streifenbesatzung den Fahrer eines blauen Opel-Corsa in Roth kurz nach Mitternacht einer Verkehrskontrolle unterziehen. Der Fahrer ignorierte jedoch <a class=\"mh-excerpt-more\" href=\"https:\/\/www.region-schwabach.de\/wordpress\/pkw-fahrer-in-roth-fluechtet-vor-polizei\/\" title=\"PKW-Fahrer in Roth fl\u00fcchtet vor Polizei\">[&#8230;]<\/a><\/p>\n<\/div>","protected":false},"author":1,"featured_media":66121,"comment_status":"open","ping_status":"open","sticky":false,"template":"","format":"standard","meta":{"_cbd_carousel_blocks":"[]","footnotes":""},"categories":[15],"tags":[6598,6599,7056,7055,43,764,7057,562,463,981,32,39],"class_list":{"0":"post-66120","1":"post","2":"type-post","3":"status-publish","4":"format-standard","5":"has-post-thumbnail","7":"category-polizeimeldungen","8":"tag-23-11-2018","9":"tag-24-11-2018","10":"tag-andere-fahrzeugfuehrer-gefaehrdet","11":"tag-anhaltesignale","12":"tag-festnahme","13":"tag-flucht","14":"tag-jugendlicher-fahrer","15":"tag-opel-corsa","16":"tag-pkw","17":"tag-polizei","18":"tag-roth","19":"tag-verkehrskontrolle"},"_links":{"self":[{"href":"https:\/\/www.region-schwabach.de\/wordpress\/wp-json\/wp\/v2\/posts\/66120","targetHints":{"allow":["GET"]}}],"collection":[{"href":"https:\/\/www.region-schwabach.de\/wordpress\/wp-json\/wp\/v2\/posts"}],"about":[{"href":"https:\/\/www.region-schwabach.de\/wordpress\/wp-json\/wp\/v2\/types\/post"}],"author":[{"embeddable":true,"href":"https:\/\/www.region-schwabach.de\/wordpress\/wp-json\/wp\/v2\/users\/1"}],"replies":[{"embeddable":true,"href":"https:\/\/www.region-schwabach.de\/wordpress\/wp-json\/wp\/v2\/comments?post=66120"}],"version-history":[{"count":0,"href":"https:\/\/www.region-schwabach.de\/wordpress\/wp-json\/wp\/v2\/posts\/66120\/revisions"}],"wp:featuredmedia":[{"embeddable":true,"href":"https:\/\/www.region-schwabach.de\/wordpress\/wp-json\/wp\/v2\/media\/66121"}],"wp:attachment":[{"href":"https:\/\/www.region-schwabach.de\/wordpress\/wp-json\/wp\/v2\/media?parent=66120"}],"wp:term":[{"taxonomy":"category","embeddable":true,"href":"https:\/\/www.region-schwabach.de\/wordpress\/wp-json\/wp\/v2\/categories?post=66120"},{"taxonomy":"post_tag","embeddable":true,"href":"https:\/\/www.region-schwabach.de\/wordpress\/wp-json\/wp\/v2\/tags?post=66120"}],"curies":[{"name":"wp","href":"https:\/\/api.w.org\/{rel}","templated":true}]}}