{"id":66130,"date":"2018-11-24T13:03:21","date_gmt":"2018-11-24T12:03:21","guid":{"rendered":"http:\/\/www.region-schwabach.de\/wordpress\/?p=66130"},"modified":"2018-11-24T13:08:21","modified_gmt":"2018-11-24T12:08:21","slug":"petzoldstrasse-vom-26-november-bis-30-november-2018-gesperrt-2","status":"publish","type":"post","link":"https:\/\/www.region-schwabach.de\/wordpress\/petzoldstrasse-vom-26-november-bis-30-november-2018-gesperrt-2\/","title":{"rendered":"Museumsstra\u00dfe vom 26. November bis 20. Dezember 2018 gesperrt"},"content":{"rendered":"\t\t<div data-elementor-type=\"wp-post\" data-elementor-id=\"66130\" class=\"elementor elementor-66130 elementor-bc-flex-widget\">\n\t\t\t\t\t\t<section class=\"elementor-section elementor-top-section elementor-element elementor-element-1dzeyuh elementor-section-boxed elementor-section-height-default elementor-section-height-default\" data-id=\"1dzeyuh\" data-element_type=\"section\">\n\t\t\t\t\t\t<div class=\"elementor-container elementor-column-gap-default\">\n\t\t\t\t\t<div class=\"elementor-column elementor-col-66 elementor-top-column elementor-element elementor-element-aam59ft\" data-id=\"aam59ft\" data-element_type=\"column\">\n\t\t\t<div class=\"elementor-widget-wrap elementor-element-populated\">\n\t\t\t\t\t\t<div class=\"elementor-element elementor-element-k9p1oyc elementor-widget elementor-widget-text-editor\" data-id=\"k9p1oyc\" data-element_type=\"widget\" data-widget_type=\"text-editor.default\">\n\t\t\t\t<div class=\"elementor-widget-container\">\n\t\t\t\t\t\t\t<h3>Sperrung vom 26. November bis 20. Dezember 2018 n\u00f6tig<\/h3><p><span style=\"font-size: 12pt;\">Schwabach &#8211; Von Montag, den 26.11.2018, bis Donnerstag, den 20.12.2018, kommt es in Schwabach zur Sperrung der Museumsstra\u00dfe auf H\u00f6he der Hausnummer 3.<\/span><\/p><h3><strong>Grund f\u00fcr die Sperrung\u00a0ist der R\u00fcckbaus des Fahrbahnteilers mit Neubau einer Stra\u00dfeneinengung\u00a0in diesem Bereich\u00a0<\/strong><\/h3><p><span style=\"font-size: 12pt;\">Grund der Sperrung ist der R\u00fcckbau des Fahrbahnteilers mit Neubau einer Stra\u00dfeneinengung auf H\u00f6he der Hausnummer 3.<\/span><\/p><h3>Anliegerverkehr bis zur Baustelle m\u00f6glich<\/h3><p><span style=\"font-size: 12pt;\">W\u00e4hrend der Sperrung ist die Zufahrt f\u00fcr Anlieger beidseitig bis zur Baustelle m\u00f6glich.\u00a0<\/span><\/p>\t\t\t\t\t\t<\/div>\n\t\t\t\t<\/div>\n\t\t\t\t<div class=\"elementor-element elementor-element-dc2d106 elementor-widget-divider--view-line elementor-widget elementor-widget-divider\" data-id=\"dc2d106\" data-element_type=\"widget\" data-widget_type=\"divider.default\">\n\t\t\t\t<div class=\"elementor-widget-container\">\n\t\t\t\t\t<div class=\"elementor-divider\">\n\t\t\t<span class=\"elementor-divider-separator\">\n\t\t\t\t\t\t<\/span>\n\t\t<\/div>\n\t\t\t\t<\/div>\n\t\t\t\t<\/div>\n\t\t\t\t<div class=\"elementor-element elementor-element-rf47wqh elementor-widget elementor-widget-google_maps\" data-id=\"rf47wqh\" data-element_type=\"widget\" data-widget_type=\"google_maps.default\">\n\t\t\t\t<div class=\"elementor-widget-container\">\n\t\t\t\t\t<div class=\"elementor-custom-embed\">\n\t\t\t<iframe loading=\"lazy\"\n\t\t\t\t\tsrc=\"https:\/\/maps.google.com\/maps?q=Museumsstra%C3%9Fe%203%2C%20Schwabach%2C%20Deutschland&#038;t=m&#038;z=17&#038;output=embed&#038;iwloc=near\"\n\t\t\t\t\ttitle=\"Museumsstra\u00dfe 3, Schwabach, Deutschland\"\n\t\t\t\t\taria-label=\"Museumsstra\u00dfe 3, Schwabach, Deutschland\"\n\t\t\t><\/iframe>\n\t\t<\/div>\n\t\t\t\t<\/div>\n\t\t\t\t<\/div>\n\t\t\t\t\t<\/div>\n\t\t<\/div>\n\t\t\t\t<div class=\"elementor-column elementor-col-33 elementor-top-column elementor-element elementor-element-uferl75\" data-id=\"uferl75\" data-element_type=\"column\">\n\t\t\t<div class=\"elementor-widget-wrap\">\n\t\t\t\t\t\t\t<\/div>\n\t\t<\/div>\n\t\t\t\t\t<\/div>\n\t\t<\/section>\n\t\t\t\t<\/div>\n\t\t","protected":false},"excerpt":{"rendered":"<div class=\"mh-excerpt\"><p>Sperrung vom 26. November bis 20. Dezember 2018 n\u00f6tig Schwabach &#8211; Von Montag, den 26.11.2018, bis Donnerstag, den 20.12.2018, kommt es in Schwabach zur Sperrung der Museumsstra\u00dfe auf H\u00f6he der Hausnummer 3. Grund f\u00fcr die <a class=\"mh-excerpt-more\" href=\"https:\/\/www.region-schwabach.de\/wordpress\/petzoldstrasse-vom-26-november-bis-30-november-2018-gesperrt-2\/\" title=\"Museumsstra\u00dfe vom 26. November bis 20. Dezember 2018 gesperrt\">[&#8230;]<\/a><\/p>\n<\/div>","protected":false},"author":1,"featured_media":66131,"comment_status":"open","ping_status":"open","sticky":false,"template":"template-full.php","format":"standard","meta":{"_cbd_carousel_blocks":"[]","footnotes":""},"categories":[14],"tags":[6202,6919,6920,6921,6922,6923,6924,7061,7062,7063,7064,7065,7066,2024,2025,2026,7067,7068,7069,7070,7060,6601,6602,6603,6604,6605,5061,420,7072,7071,19,276],"class_list":{"0":"post-66130","1":"post","2":"type-post","3":"status-publish","4":"format-standard","5":"has-post-thumbnail","7":"category-verkehrsinfos","8":"tag-01-12-2018","9":"tag-02-12-2018","10":"tag-03-12-2018","11":"tag-04-12-2018","12":"tag-05-12-2018","13":"tag-06-12-2018","14":"tag-07-12-2018","15":"tag-08-12-2018","16":"tag-09-12-2018","17":"tag-10-12-2018","18":"tag-11-12-2018","19":"tag-12-12-2018","20":"tag-13-12-2018","21":"tag-14-12-2018","22":"tag-15-12-2018","23":"tag-16-12-2018","24":"tag-17-12-2018","25":"tag-18-12-2018","26":"tag-19-12-2018","27":"tag-20-12-2018","28":"tag-26-november-bis-20-dezember-2018","29":"tag-26-11-2018","30":"tag-27-11-2018","31":"tag-28-11-2018","32":"tag-29-11-2018","33":"tag-30-11-2018","34":"tag-am-neuen-bau","35":"tag-museumsstrasse","36":"tag-neubau-einer-strasseneinengung","37":"tag-rueckbaus-des-fahrbahnteilers","38":"tag-schwabach","39":"tag-sperrung"},"_links":{"self":[{"href":"https:\/\/www.region-schwabach.de\/wordpress\/wp-json\/wp\/v2\/posts\/66130","targetHints":{"allow":["GET"]}}],"collection":[{"href":"https:\/\/www.region-schwabach.de\/wordpress\/wp-json\/wp\/v2\/posts"}],"about":[{"href":"https:\/\/www.region-schwabach.de\/wordpress\/wp-json\/wp\/v2\/types\/post"}],"author":[{"embeddable":true,"href":"https:\/\/www.region-schwabach.de\/wordpress\/wp-json\/wp\/v2\/users\/1"}],"replies":[{"embeddable":true,"href":"https:\/\/www.region-schwabach.de\/wordpress\/wp-json\/wp\/v2\/comments?post=66130"}],"version-history":[{"count":0,"href":"https:\/\/www.region-schwabach.de\/wordpress\/wp-json\/wp\/v2\/posts\/66130\/revisions"}],"wp:featuredmedia":[{"embeddable":true,"href":"https:\/\/www.region-schwabach.de\/wordpress\/wp-json\/wp\/v2\/media\/66131"}],"wp:attachment":[{"href":"https:\/\/www.region-schwabach.de\/wordpress\/wp-json\/wp\/v2\/media?parent=66130"}],"wp:term":[{"taxonomy":"category","embeddable":true,"href":"https:\/\/www.region-schwabach.de\/wordpress\/wp-json\/wp\/v2\/categories?post=66130"},{"taxonomy":"post_tag","embeddable":true,"href":"https:\/\/www.region-schwabach.de\/wordpress\/wp-json\/wp\/v2\/tags?post=66130"}],"curies":[{"name":"wp","href":"https:\/\/api.w.org\/{rel}","templated":true}]}}