{"id":66144,"date":"2018-11-24T14:05:31","date_gmt":"2018-11-24T13:05:31","guid":{"rendered":"http:\/\/www.region-schwabach.de\/wordpress\/?p=66144"},"modified":"2018-11-24T14:11:31","modified_gmt":"2018-11-24T13:11:31","slug":"aenderung-im-stadtverkehr-wegen-vollsperrung-der-museumsstrasse","status":"publish","type":"post","link":"https:\/\/www.region-schwabach.de\/wordpress\/aenderung-im-stadtverkehr-wegen-vollsperrung-der-museumsstrasse\/","title":{"rendered":"\u00c4nderung im Stadtverkehr wegen Vollsperrung der Museumsstra\u00dfe"},"content":{"rendered":"\t\t<div data-elementor-type=\"wp-post\" data-elementor-id=\"66144\" class=\"elementor elementor-66144 elementor-bc-flex-widget\">\n\t\t\t\t\t\t<section class=\"elementor-section elementor-top-section elementor-element elementor-element-1dzeyuh elementor-section-boxed elementor-section-height-default elementor-section-height-default\" data-id=\"1dzeyuh\" data-element_type=\"section\">\n\t\t\t\t\t\t<div class=\"elementor-container elementor-column-gap-default\">\n\t\t\t\t\t<div class=\"elementor-column elementor-col-66 elementor-top-column elementor-element elementor-element-aam59ft\" data-id=\"aam59ft\" data-element_type=\"column\">\n\t\t\t<div class=\"elementor-widget-wrap elementor-element-populated\">\n\t\t\t\t\t\t<div class=\"elementor-element elementor-element-k9p1oyc elementor-widget elementor-widget-text-editor\" data-id=\"k9p1oyc\" data-element_type=\"widget\" data-widget_type=\"text-editor.default\">\n\t\t\t\t<div class=\"elementor-widget-container\">\n\t\t\t\t\t\t\t<h3>Stadtverkehr: ge\u00e4nderte Verkehrsf\u00fchrung wegen Vollsperrung der Museumsstra\u00dfe<\/h3><p><span style=\"font-size: 12pt;\">Schwabach &#8211; Wegen der Vollsperrung der Schwabacher Museumstra\u00dfe\u00a0<\/span>von Montag, den 26. November 2018, bis Donnerstag, den 20. Dezember2018,\u00a0<span style=\"font-size: 12pt;\">kann die Haltestelle F\u00f6rderzentrum in diesem Zeitraum nicht angefahren werden. <\/span><\/p><p><span style=\"font-size: 12pt;\">Alle Verbindungen mit Endhaltestelle &#8222;F\u00f6rderzentrum&#8220; enden in dieser Zeit an der Haltestelle Museum. Alle Fahrten, die \u00fcber die Haltestelle F\u00f6rderzentrum hinaus gehen, halten an der Haltestelle Museum, wenden dann \u00fcber den Busbetriebshof in der Ansbacher Stra\u00dfe und fahren dann zur\u00fcck Richtung N\u00fcrnberger Stra\u00dfe.<\/span><\/p>\t\t\t\t\t\t<\/div>\n\t\t\t\t<\/div>\n\t\t\t\t<div class=\"elementor-element elementor-element-rf47wqh elementor-widget elementor-widget-google_maps\" data-id=\"rf47wqh\" data-element_type=\"widget\" data-widget_type=\"google_maps.default\">\n\t\t\t\t<div class=\"elementor-widget-container\">\n\t\t\t\t\t<div class=\"elementor-custom-embed\">\n\t\t\t<iframe loading=\"lazy\"\n\t\t\t\t\tsrc=\"https:\/\/maps.google.com\/maps?q=Museumsstra%C3%9Fe%203%2C%20Schwabach%2C%20Deutschland&#038;t=m&#038;z=17&#038;output=embed&#038;iwloc=near\"\n\t\t\t\t\ttitle=\"Museumsstra\u00dfe 3, Schwabach, Deutschland\"\n\t\t\t\t\taria-label=\"Museumsstra\u00dfe 3, Schwabach, Deutschland\"\n\t\t\t><\/iframe>\n\t\t<\/div>\n\t\t\t\t<\/div>\n\t\t\t\t<\/div>\n\t\t\t\t\t<\/div>\n\t\t<\/div>\n\t\t\t\t<div class=\"elementor-column elementor-col-33 elementor-top-column elementor-element elementor-element-uferl75\" data-id=\"uferl75\" data-element_type=\"column\">\n\t\t\t<div class=\"elementor-widget-wrap\">\n\t\t\t\t\t\t\t<\/div>\n\t\t<\/div>\n\t\t\t\t\t<\/div>\n\t\t<\/section>\n\t\t\t\t<\/div>\n\t\t","protected":false},"excerpt":{"rendered":"<div class=\"mh-excerpt\"><p>Stadtverkehr: ge\u00e4nderte Verkehrsf\u00fchrung wegen Vollsperrung der Museumsstra\u00dfe Schwabach &#8211; Wegen der Vollsperrung der Schwabacher Museumstra\u00dfe\u00a0von Montag, den 26. November 2018, bis Donnerstag, den 20. Dezember2018,\u00a0kann die Haltestelle F\u00f6rderzentrum in diesem Zeitraum nicht angefahren werden. Alle <a class=\"mh-excerpt-more\" href=\"https:\/\/www.region-schwabach.de\/wordpress\/aenderung-im-stadtverkehr-wegen-vollsperrung-der-museumsstrasse\/\" title=\"\u00c4nderung im Stadtverkehr wegen Vollsperrung der Museumsstra\u00dfe\">[&#8230;]<\/a><\/p>\n<\/div>","protected":false},"author":1,"featured_media":66147,"comment_status":"open","ping_status":"open","sticky":false,"template":"template-full.php","format":"standard","meta":{"_cbd_carousel_blocks":"[]","footnotes":""},"categories":[14],"tags":[6202,6919,6920,6921,6922,6923,6924,7061,7062,7063,7064,7065,7066,2024,2025,2026,7067,7068,7069,7070,6918,6601,6602,6603,6604,6605,7075,420,19,276],"class_list":{"0":"post-66144","1":"post","2":"type-post","3":"status-publish","4":"format-standard","5":"has-post-thumbnail","7":"category-verkehrsinfos","8":"tag-01-12-2018","9":"tag-02-12-2018","10":"tag-03-12-2018","11":"tag-04-12-2018","12":"tag-05-12-2018","13":"tag-06-12-2018","14":"tag-07-12-2018","15":"tag-08-12-2018","16":"tag-09-12-2018","17":"tag-10-12-2018","18":"tag-11-12-2018","19":"tag-12-12-2018","20":"tag-13-12-2018","21":"tag-14-12-2018","22":"tag-15-12-2018","23":"tag-16-12-2018","24":"tag-17-12-2018","25":"tag-18-12-2018","26":"tag-19-12-2018","27":"tag-20-12-2018","28":"tag-26-november-bis-7-dezember-2018","29":"tag-26-11-2018","30":"tag-27-11-2018","31":"tag-28-11-2018","32":"tag-29-11-2018","33":"tag-30-11-2018","34":"tag-foerderzentrum","35":"tag-museumsstrasse","36":"tag-schwabach","37":"tag-sperrung"},"_links":{"self":[{"href":"https:\/\/www.region-schwabach.de\/wordpress\/wp-json\/wp\/v2\/posts\/66144","targetHints":{"allow":["GET"]}}],"collection":[{"href":"https:\/\/www.region-schwabach.de\/wordpress\/wp-json\/wp\/v2\/posts"}],"about":[{"href":"https:\/\/www.region-schwabach.de\/wordpress\/wp-json\/wp\/v2\/types\/post"}],"author":[{"embeddable":true,"href":"https:\/\/www.region-schwabach.de\/wordpress\/wp-json\/wp\/v2\/users\/1"}],"replies":[{"embeddable":true,"href":"https:\/\/www.region-schwabach.de\/wordpress\/wp-json\/wp\/v2\/comments?post=66144"}],"version-history":[{"count":0,"href":"https:\/\/www.region-schwabach.de\/wordpress\/wp-json\/wp\/v2\/posts\/66144\/revisions"}],"wp:featuredmedia":[{"embeddable":true,"href":"https:\/\/www.region-schwabach.de\/wordpress\/wp-json\/wp\/v2\/media\/66147"}],"wp:attachment":[{"href":"https:\/\/www.region-schwabach.de\/wordpress\/wp-json\/wp\/v2\/media?parent=66144"}],"wp:term":[{"taxonomy":"category","embeddable":true,"href":"https:\/\/www.region-schwabach.de\/wordpress\/wp-json\/wp\/v2\/categories?post=66144"},{"taxonomy":"post_tag","embeddable":true,"href":"https:\/\/www.region-schwabach.de\/wordpress\/wp-json\/wp\/v2\/tags?post=66144"}],"curies":[{"name":"wp","href":"https:\/\/api.w.org\/{rel}","templated":true}]}}