{"id":66149,"date":"2018-11-24T14:38:03","date_gmt":"2018-11-24T13:38:03","guid":{"rendered":"http:\/\/www.region-schwabach.de\/wordpress\/?p=66149"},"modified":"2018-11-24T14:43:27","modified_gmt":"2018-11-24T13:43:27","slug":"54-jaehriger-hans-k-aus-georgensgmuend-wird-vermisst-oeffentlichkeitsfahndung","status":"publish","type":"post","link":"https:\/\/www.region-schwabach.de\/wordpress\/54-jaehriger-hans-k-aus-georgensgmuend-wird-vermisst-oeffentlichkeitsfahndung\/","title":{"rendered":"54-j\u00e4hriger Hans K. aus Georgensgm\u00fcnd wird vermisst &#8211; \u00d6ffentlichkeitsfahndung"},"content":{"rendered":"\t\t<div data-elementor-type=\"wp-post\" data-elementor-id=\"66149\" class=\"elementor elementor-66149 elementor-bc-flex-widget\">\n\t\t\t\t\t\t<section class=\"elementor-section elementor-top-section elementor-element elementor-element-1cuv9jr elementor-section-boxed elementor-section-height-default elementor-section-height-default\" data-id=\"1cuv9jr\" data-element_type=\"section\">\n\t\t\t\t\t\t<div class=\"elementor-container elementor-column-gap-default\">\n\t\t\t\t\t<div class=\"elementor-column elementor-col-66 elementor-top-column elementor-element elementor-element-q5zak7b\" data-id=\"q5zak7b\" data-element_type=\"column\">\n\t\t\t<div class=\"elementor-widget-wrap elementor-element-populated\">\n\t\t\t\t\t\t<div class=\"elementor-element elementor-element-763ecdd elementor-widget elementor-widget-text-editor\" data-id=\"763ecdd\" data-element_type=\"widget\" data-widget_type=\"text-editor.default\">\n\t\t\t\t<div class=\"elementor-widget-container\">\n\t\t\t\t\t\t\t<h3 class=\"inhaltUeberschriftFolgeseitenFettAbstand\">54-j\u00e4hriger Hans K. wird vermisst &#8211; \u00d6ffentlichkeitsfahndung<\/h3><p><span style=\"font-size: 12pt;\"><a href=\"http:\/\/www.region-schwabach.de\/wordpress\/wp-content\/uploads\/2018\/11\/hans_k_TSCgv.jpg\"><img fetchpriority=\"high\" decoding=\"async\" class=\"size-medium wp-image-66153 alignleft\" src=\"http:\/\/www.region-schwabach.de\/wordpress\/wp-content\/uploads\/2018\/11\/hans_k_TSCgv-214x300.jpg\" alt=\"\" width=\"214\" height=\"300\" srcset=\"https:\/\/www.region-schwabach.de\/wordpress\/wp-content\/uploads\/2018\/11\/hans_k_TSCgv-214x300.jpg 214w, https:\/\/www.region-schwabach.de\/wordpress\/wp-content\/uploads\/2018\/11\/hans_k_TSCgv.jpg 427w\" sizes=\"(max-width: 214px) 100vw, 214px\" \/><\/a>N\u00fcrnberg\/Georgensgm\u00fcnd &#8211;\u00a0 Seit gestern (23.11.18) wird der 54-j\u00e4hrige Hans K. aus Georgensgm\u00fcnd vermisst.<\/span><\/p><p><span style=\"font-size: 12pt;\">Seine Ehefrau hat ihn um 06.10 Uhr an der U-Bahn- Haltestelle Frankenstra\u00dfe abgesetzt. Seitdem ist Herr K. unerreichbar und hat sich nicht mehr gemeldet.<\/span><br \/><br \/><span style=\"font-size: 12pt;\">Herr K. ist auf medizinische Hilfe angewiesen und d\u00fcrfte sich in hilfloser Lage befinden.<\/span><br \/><br \/><span style=\"font-size: 12pt;\">Hinweise \u00fcber den Aufenthalt bitte an den Kriminaldauerdienst Mittelfranken unter der Telefonnummer 0911 2112-3333 oder jede andere Polizeidienststelle.<\/span><\/p>\t\t\t\t\t\t<\/div>\n\t\t\t\t<\/div>\n\t\t\t\t<div class=\"elementor-element elementor-element-ace1283 elementor-widget-divider--view-line elementor-widget elementor-widget-divider\" data-id=\"ace1283\" data-element_type=\"widget\" data-widget_type=\"divider.default\">\n\t\t\t\t<div class=\"elementor-widget-container\">\n\t\t\t\t\t<div class=\"elementor-divider\">\n\t\t\t<span class=\"elementor-divider-separator\">\n\t\t\t\t\t\t<\/span>\n\t\t<\/div>\n\t\t\t\t<\/div>\n\t\t\t\t<\/div>\n\t\t\t\t<div class=\"elementor-element elementor-element-1l7zbzo elementor-widget elementor-widget-google_maps\" data-id=\"1l7zbzo\" data-element_type=\"widget\" data-widget_type=\"google_maps.default\">\n\t\t\t\t<div class=\"elementor-widget-container\">\n\t\t\t\t\t<div class=\"elementor-custom-embed\">\n\t\t\t<iframe loading=\"lazy\"\n\t\t\t\t\tsrc=\"https:\/\/maps.google.com\/maps?q=Georgensgm%C3%BCnd%2C%20Deutschland&#038;t=m&#038;z=14&#038;output=embed&#038;iwloc=near\"\n\t\t\t\t\ttitle=\"Georgensgm\u00fcnd, Deutschland\"\n\t\t\t\t\taria-label=\"Georgensgm\u00fcnd, Deutschland\"\n\t\t\t><\/iframe>\n\t\t<\/div>\n\t\t\t\t<\/div>\n\t\t\t\t<\/div>\n\t\t\t\t\t<\/div>\n\t\t<\/div>\n\t\t\t\t<div class=\"elementor-column elementor-col-33 elementor-top-column elementor-element elementor-element-0w0urt1\" data-id=\"0w0urt1\" data-element_type=\"column\">\n\t\t\t<div class=\"elementor-widget-wrap\">\n\t\t\t\t\t\t\t<\/div>\n\t\t<\/div>\n\t\t\t\t\t<\/div>\n\t\t<\/section>\n\t\t\t\t<\/div>\n\t\t","protected":false},"excerpt":{"rendered":"<div class=\"mh-excerpt\"><p>54-j\u00e4hriger Hans K. wird vermisst &#8211; \u00d6ffentlichkeitsfahndung N\u00fcrnberg\/Georgensgm\u00fcnd &#8211;\u00a0 Seit gestern (23.11.18) wird der 54-j\u00e4hrige Hans K. aus Georgensgm\u00fcnd vermisst. Seine Ehefrau hat ihn um 06.10 Uhr an der U-Bahn- Haltestelle Frankenstra\u00dfe abgesetzt. Seitdem ist <a class=\"mh-excerpt-more\" href=\"https:\/\/www.region-schwabach.de\/wordpress\/54-jaehriger-hans-k-aus-georgensgmuend-wird-vermisst-oeffentlichkeitsfahndung\/\" title=\"54-j\u00e4hriger Hans K. aus Georgensgm\u00fcnd wird vermisst &#8211; \u00d6ffentlichkeitsfahndung\">[&#8230;]<\/a><\/p>\n<\/div>","protected":false},"author":1,"featured_media":66150,"comment_status":"open","ping_status":"open","sticky":false,"template":"","format":"standard","meta":{"_cbd_carousel_blocks":"[]","footnotes":""},"categories":[15],"tags":[6598,6599,527,7076,981,32],"class_list":{"0":"post-66149","1":"post","2":"type-post","3":"status-publish","4":"format-standard","5":"has-post-thumbnail","7":"category-polizeimeldungen","8":"tag-23-11-2018","9":"tag-24-11-2018","10":"tag-georgensgmuend","11":"tag-oeffentlichkeitsfahndung","12":"tag-polizei","13":"tag-roth"},"_links":{"self":[{"href":"https:\/\/www.region-schwabach.de\/wordpress\/wp-json\/wp\/v2\/posts\/66149","targetHints":{"allow":["GET"]}}],"collection":[{"href":"https:\/\/www.region-schwabach.de\/wordpress\/wp-json\/wp\/v2\/posts"}],"about":[{"href":"https:\/\/www.region-schwabach.de\/wordpress\/wp-json\/wp\/v2\/types\/post"}],"author":[{"embeddable":true,"href":"https:\/\/www.region-schwabach.de\/wordpress\/wp-json\/wp\/v2\/users\/1"}],"replies":[{"embeddable":true,"href":"https:\/\/www.region-schwabach.de\/wordpress\/wp-json\/wp\/v2\/comments?post=66149"}],"version-history":[{"count":0,"href":"https:\/\/www.region-schwabach.de\/wordpress\/wp-json\/wp\/v2\/posts\/66149\/revisions"}],"wp:featuredmedia":[{"embeddable":true,"href":"https:\/\/www.region-schwabach.de\/wordpress\/wp-json\/wp\/v2\/media\/66150"}],"wp:attachment":[{"href":"https:\/\/www.region-schwabach.de\/wordpress\/wp-json\/wp\/v2\/media?parent=66149"}],"wp:term":[{"taxonomy":"category","embeddable":true,"href":"https:\/\/www.region-schwabach.de\/wordpress\/wp-json\/wp\/v2\/categories?post=66149"},{"taxonomy":"post_tag","embeddable":true,"href":"https:\/\/www.region-schwabach.de\/wordpress\/wp-json\/wp\/v2\/tags?post=66149"}],"curies":[{"name":"wp","href":"https:\/\/api.w.org\/{rel}","templated":true}]}}