{"id":66288,"date":"2018-11-25T10:58:20","date_gmt":"2018-11-25T09:58:20","guid":{"rendered":"http:\/\/www.region-schwabach.de\/wordpress\/?p=66288"},"modified":"2018-11-28T11:02:32","modified_gmt":"2018-11-28T10:02:32","slug":"nicht-umgemeldeten-pkw-in-greding-kontrolliert","status":"publish","type":"post","link":"https:\/\/www.region-schwabach.de\/wordpress\/nicht-umgemeldeten-pkw-in-greding-kontrolliert\/","title":{"rendered":"Nicht umgemeldeten PKW in Greding kontrolliert"},"content":{"rendered":"\t\t<div data-elementor-type=\"wp-post\" data-elementor-id=\"66288\" class=\"elementor elementor-66288 elementor-bc-flex-widget\">\n\t\t\t\t\t\t<section class=\"elementor-section elementor-top-section elementor-element elementor-element-1cuv9jr elementor-section-boxed elementor-section-height-default elementor-section-height-default\" data-id=\"1cuv9jr\" data-element_type=\"section\">\n\t\t\t\t\t\t<div class=\"elementor-container elementor-column-gap-default\">\n\t\t\t\t\t<div class=\"elementor-column elementor-col-66 elementor-top-column elementor-element elementor-element-q5zak7b\" data-id=\"q5zak7b\" data-element_type=\"column\">\n\t\t\t<div class=\"elementor-widget-wrap elementor-element-populated\">\n\t\t\t\t\t\t<div class=\"elementor-element elementor-element-763ecdd elementor-widget elementor-widget-text-editor\" data-id=\"763ecdd\" data-element_type=\"widget\" data-widget_type=\"text-editor.default\">\n\t\t\t\t<div class=\"elementor-widget-container\">\n\t\t\t\t\t\t\t<h3 class=\"story-headline\">PKW nicht umgemeldet<\/h3><p><span style=\"font-size: 12pt;\">Greding &#8211;\u00a0In der Nacht von Samstag, den 24.11.2018, auf Sonntag, den 25.11.2018,\u00a0unterzogen Beamte der Polizeiinspektion Hiilpoltstein in Greding einen PKW mit rum\u00e4nischer Zulassung einer routinem\u00e4ssigen Verkehrskontrolle, bei der sich\u00a0herausstellte, dass der 18-j\u00e4hrige Fahrer &#8211; obwohl er bereits seit \u00fcber einem Jahr im Bereich von Thalm\u00e4ssing\u00a0 wohnhaft ist, und das Fahrzeug auch dauerhaft nutzt &#8211; den PKW bisher nicht umgemeldet hat. Deshalb wurde gegen ihn nun ein Ermittlungsverfahren nach dem Kraftfahrzeugsteuergesetz eingeleitet.<\/span><\/p>\t\t\t\t\t\t<\/div>\n\t\t\t\t<\/div>\n\t\t\t\t<div class=\"elementor-element elementor-element-ace1283 elementor-widget-divider--view-line elementor-widget elementor-widget-divider\" data-id=\"ace1283\" data-element_type=\"widget\" data-widget_type=\"divider.default\">\n\t\t\t\t<div class=\"elementor-widget-container\">\n\t\t\t\t\t<div class=\"elementor-divider\">\n\t\t\t<span class=\"elementor-divider-separator\">\n\t\t\t\t\t\t<\/span>\n\t\t<\/div>\n\t\t\t\t<\/div>\n\t\t\t\t<\/div>\n\t\t\t\t<div class=\"elementor-element elementor-element-1l7zbzo elementor-widget elementor-widget-google_maps\" data-id=\"1l7zbzo\" data-element_type=\"widget\" data-widget_type=\"google_maps.default\">\n\t\t\t\t<div class=\"elementor-widget-container\">\n\t\t\t\t\t<div class=\"elementor-custom-embed\">\n\t\t\t<iframe loading=\"lazy\"\n\t\t\t\t\tsrc=\"https:\/\/maps.google.com\/maps?q=Greding%2C%20Deutschland&#038;t=m&#038;z=15&#038;output=embed&#038;iwloc=near\"\n\t\t\t\t\ttitle=\"Greding, Deutschland\"\n\t\t\t\t\taria-label=\"Greding, Deutschland\"\n\t\t\t><\/iframe>\n\t\t<\/div>\n\t\t\t\t<\/div>\n\t\t\t\t<\/div>\n\t\t\t\t\t<\/div>\n\t\t<\/div>\n\t\t\t\t<div class=\"elementor-column elementor-col-33 elementor-top-column elementor-element elementor-element-0w0urt1\" data-id=\"0w0urt1\" data-element_type=\"column\">\n\t\t\t<div class=\"elementor-widget-wrap\">\n\t\t\t\t\t\t\t<\/div>\n\t\t<\/div>\n\t\t\t\t\t<\/div>\n\t\t<\/section>\n\t\t\t\t<\/div>\n\t\t","protected":false},"excerpt":{"rendered":"<div class=\"mh-excerpt\"><p>PKW nicht umgemeldet Greding &#8211;\u00a0In der Nacht von Samstag, den 24.11.2018, auf Sonntag, den 25.11.2018,\u00a0unterzogen Beamte der Polizeiinspektion Hiilpoltstein in Greding einen PKW mit rum\u00e4nischer Zulassung einer routinem\u00e4ssigen Verkehrskontrolle, bei der sich\u00a0herausstellte, dass der 18-j\u00e4hrige <a class=\"mh-excerpt-more\" href=\"https:\/\/www.region-schwabach.de\/wordpress\/nicht-umgemeldeten-pkw-in-greding-kontrolliert\/\" title=\"Nicht umgemeldeten PKW in Greding kontrolliert\">[&#8230;]<\/a><\/p>\n<\/div>","protected":false},"author":1,"featured_media":66289,"comment_status":"open","ping_status":"open","sticky":false,"template":"","format":"standard","meta":{"_cbd_carousel_blocks":"[]","footnotes":""},"categories":[15],"tags":[6599,6600,1519,1354,297,1775,7092,7090,463,981,7091,1355,2322],"class_list":{"0":"post-66288","1":"post","2":"type-post","3":"status-publish","4":"format-standard","5":"has-post-thumbnail","7":"category-polizeimeldungen","8":"tag-24-11-2018","9":"tag-25-11-2018","10":"tag-ermittlungsverfahren","11":"tag-greding","12":"tag-hilpoltstein","13":"tag-jugendlicher","14":"tag-kraftfahrzeugsteuergesetz","15":"tag-nicht-umgemeldet","16":"tag-pkw","17":"tag-polizei","18":"tag-rumaenische-zulassung","19":"tag-thalmaessing","20":"tag-zulassung"},"_links":{"self":[{"href":"https:\/\/www.region-schwabach.de\/wordpress\/wp-json\/wp\/v2\/posts\/66288","targetHints":{"allow":["GET"]}}],"collection":[{"href":"https:\/\/www.region-schwabach.de\/wordpress\/wp-json\/wp\/v2\/posts"}],"about":[{"href":"https:\/\/www.region-schwabach.de\/wordpress\/wp-json\/wp\/v2\/types\/post"}],"author":[{"embeddable":true,"href":"https:\/\/www.region-schwabach.de\/wordpress\/wp-json\/wp\/v2\/users\/1"}],"replies":[{"embeddable":true,"href":"https:\/\/www.region-schwabach.de\/wordpress\/wp-json\/wp\/v2\/comments?post=66288"}],"version-history":[{"count":0,"href":"https:\/\/www.region-schwabach.de\/wordpress\/wp-json\/wp\/v2\/posts\/66288\/revisions"}],"wp:featuredmedia":[{"embeddable":true,"href":"https:\/\/www.region-schwabach.de\/wordpress\/wp-json\/wp\/v2\/media\/66289"}],"wp:attachment":[{"href":"https:\/\/www.region-schwabach.de\/wordpress\/wp-json\/wp\/v2\/media?parent=66288"}],"wp:term":[{"taxonomy":"category","embeddable":true,"href":"https:\/\/www.region-schwabach.de\/wordpress\/wp-json\/wp\/v2\/categories?post=66288"},{"taxonomy":"post_tag","embeddable":true,"href":"https:\/\/www.region-schwabach.de\/wordpress\/wp-json\/wp\/v2\/tags?post=66288"}],"curies":[{"name":"wp","href":"https:\/\/api.w.org\/{rel}","templated":true}]}}