{"id":66292,"date":"2018-11-25T11:08:55","date_gmt":"2018-11-25T10:08:55","guid":{"rendered":"http:\/\/www.region-schwabach.de\/wordpress\/?p=66292"},"modified":"2018-11-25T11:14:37","modified_gmt":"2018-11-25T10:14:37","slug":"rollerfahrer-ohne-fuehrerschein-in-thalmaessing","status":"publish","type":"post","link":"https:\/\/www.region-schwabach.de\/wordpress\/rollerfahrer-ohne-fuehrerschein-in-thalmaessing\/","title":{"rendered":"Rollerfahrer ohne F\u00fchrerschein in Thalm\u00e4ssing"},"content":{"rendered":"\t\t<div data-elementor-type=\"wp-post\" data-elementor-id=\"66292\" class=\"elementor elementor-66292 elementor-bc-flex-widget\">\n\t\t\t\t\t\t<section class=\"elementor-section elementor-top-section elementor-element elementor-element-1cuv9jr elementor-section-boxed elementor-section-height-default elementor-section-height-default\" data-id=\"1cuv9jr\" data-element_type=\"section\">\n\t\t\t\t\t\t<div class=\"elementor-container elementor-column-gap-default\">\n\t\t\t\t\t<div class=\"elementor-column elementor-col-66 elementor-top-column elementor-element elementor-element-q5zak7b\" data-id=\"q5zak7b\" data-element_type=\"column\">\n\t\t\t<div class=\"elementor-widget-wrap elementor-element-populated\">\n\t\t\t\t\t\t<div class=\"elementor-element elementor-element-763ecdd elementor-widget elementor-widget-text-editor\" data-id=\"763ecdd\" data-element_type=\"widget\" data-widget_type=\"text-editor.default\">\n\t\t\t\t<div class=\"elementor-widget-container\">\n\t\t\t\t\t\t\t<h3 class=\"story-headline\">Rollerfahrer ohne F\u00fchrerschein<\/h3><p><span style=\"font-size: 12pt;\">Thalm\u00e4ssing &#8211;\u00a0Am Samstag, den 24.11.2018, kontrollierten\u00a0Beamte der Polizeiinspektion Hilpoltstein in Thalm\u00e4ssing einen 22-j\u00e4hrigen Rollerfahrer, der mit seinem Fahrzeug relativ flott unterwegs war.<\/span><\/p><h3>Keine g\u00fcltige Fahrerlaubnis<\/h3><p><span style=\"font-size: 12pt;\">Dabei stellte sich dann heraus, da\u00df der Fahrer lediglich in Besitz einer Mofapr\u00fcfbescheinigung ist, jedoch keine g\u00fcltige Fahrerlaubnis f\u00fcr das gef\u00fchrte Fahrzeug besitzt, weshalb ihn nun eine Anzeige wegen Fahrens ohne Fahrerlaubnis erwartet.<\/span><\/p><p>\u00a0<\/p>\t\t\t\t\t\t<\/div>\n\t\t\t\t<\/div>\n\t\t\t\t<div class=\"elementor-element elementor-element-ace1283 elementor-widget-divider--view-line elementor-widget elementor-widget-divider\" data-id=\"ace1283\" data-element_type=\"widget\" data-widget_type=\"divider.default\">\n\t\t\t\t<div class=\"elementor-widget-container\">\n\t\t\t\t\t<div class=\"elementor-divider\">\n\t\t\t<span class=\"elementor-divider-separator\">\n\t\t\t\t\t\t<\/span>\n\t\t<\/div>\n\t\t\t\t<\/div>\n\t\t\t\t<\/div>\n\t\t\t\t<div class=\"elementor-element elementor-element-1l7zbzo elementor-widget elementor-widget-google_maps\" data-id=\"1l7zbzo\" data-element_type=\"widget\" data-widget_type=\"google_maps.default\">\n\t\t\t\t<div class=\"elementor-widget-container\">\n\t\t\t\t\t<div class=\"elementor-custom-embed\">\n\t\t\t<iframe loading=\"lazy\"\n\t\t\t\t\tsrc=\"https:\/\/maps.google.com\/maps?q=Thalm%C3%A4ssing%2C%20Deutschland&#038;t=m&#038;z=15&#038;output=embed&#038;iwloc=near\"\n\t\t\t\t\ttitle=\"Thalm\u00e4ssing, Deutschland\"\n\t\t\t\t\taria-label=\"Thalm\u00e4ssing, Deutschland\"\n\t\t\t><\/iframe>\n\t\t<\/div>\n\t\t\t\t<\/div>\n\t\t\t\t<\/div>\n\t\t\t\t\t<\/div>\n\t\t<\/div>\n\t\t\t\t<div class=\"elementor-column elementor-col-33 elementor-top-column elementor-element elementor-element-0w0urt1\" data-id=\"0w0urt1\" data-element_type=\"column\">\n\t\t\t<div class=\"elementor-widget-wrap\">\n\t\t\t\t\t\t\t<\/div>\n\t\t<\/div>\n\t\t\t\t\t<\/div>\n\t\t<\/section>\n\t\t\t\t<\/div>\n\t\t","protected":false},"excerpt":{"rendered":"<div class=\"mh-excerpt\"><p>Rollerfahrer ohne F\u00fchrerschein Thalm\u00e4ssing &#8211;\u00a0Am Samstag, den 24.11.2018, kontrollierten\u00a0Beamte der Polizeiinspektion Hilpoltstein in Thalm\u00e4ssing einen 22-j\u00e4hrigen Rollerfahrer, der mit seinem Fahrzeug relativ flott unterwegs war. Keine g\u00fcltige Fahrerlaubnis Dabei stellte sich dann heraus, da\u00df der <a class=\"mh-excerpt-more\" href=\"https:\/\/www.region-schwabach.de\/wordpress\/rollerfahrer-ohne-fuehrerschein-in-thalmaessing\/\" title=\"Rollerfahrer ohne F\u00fchrerschein in Thalm\u00e4ssing\">[&#8230;]<\/a><\/p>\n<\/div>","protected":false},"author":1,"featured_media":66293,"comment_status":"open","ping_status":"open","sticky":false,"template":"","format":"standard","meta":{"_cbd_carousel_blocks":"[]","footnotes":""},"categories":[15],"tags":[6599,1301,592,297,2292,7093,463,981,877,1355],"class_list":{"0":"post-66292","1":"post","2":"type-post","3":"status-publish","4":"format-standard","5":"has-post-thumbnail","7":"category-polizeimeldungen","8":"tag-24-11-2018","9":"tag-anzeige","10":"tag-fahren-ohne-fahrerlaubnis","11":"tag-hilpoltstein","12":"tag-kontrolle","13":"tag-mofapruefbescheinigung","14":"tag-pkw","15":"tag-polizei","16":"tag-roller","17":"tag-thalmaessing"},"_links":{"self":[{"href":"https:\/\/www.region-schwabach.de\/wordpress\/wp-json\/wp\/v2\/posts\/66292","targetHints":{"allow":["GET"]}}],"collection":[{"href":"https:\/\/www.region-schwabach.de\/wordpress\/wp-json\/wp\/v2\/posts"}],"about":[{"href":"https:\/\/www.region-schwabach.de\/wordpress\/wp-json\/wp\/v2\/types\/post"}],"author":[{"embeddable":true,"href":"https:\/\/www.region-schwabach.de\/wordpress\/wp-json\/wp\/v2\/users\/1"}],"replies":[{"embeddable":true,"href":"https:\/\/www.region-schwabach.de\/wordpress\/wp-json\/wp\/v2\/comments?post=66292"}],"version-history":[{"count":0,"href":"https:\/\/www.region-schwabach.de\/wordpress\/wp-json\/wp\/v2\/posts\/66292\/revisions"}],"wp:featuredmedia":[{"embeddable":true,"href":"https:\/\/www.region-schwabach.de\/wordpress\/wp-json\/wp\/v2\/media\/66293"}],"wp:attachment":[{"href":"https:\/\/www.region-schwabach.de\/wordpress\/wp-json\/wp\/v2\/media?parent=66292"}],"wp:term":[{"taxonomy":"category","embeddable":true,"href":"https:\/\/www.region-schwabach.de\/wordpress\/wp-json\/wp\/v2\/categories?post=66292"},{"taxonomy":"post_tag","embeddable":true,"href":"https:\/\/www.region-schwabach.de\/wordpress\/wp-json\/wp\/v2\/tags?post=66292"}],"curies":[{"name":"wp","href":"https:\/\/api.w.org\/{rel}","templated":true}]}}