{"id":66314,"date":"2018-11-25T17:58:33","date_gmt":"2018-11-25T16:58:33","guid":{"rendered":"http:\/\/www.region-schwabach.de\/wordpress\/?p=66314"},"modified":"2018-11-25T18:02:33","modified_gmt":"2018-11-25T17:02:33","slug":"einbrecher-in-gunzenhausen-festgenommen","status":"publish","type":"post","link":"https:\/\/www.region-schwabach.de\/wordpress\/einbrecher-in-gunzenhausen-festgenommen\/","title":{"rendered":"Einbrecher in Heidenheim festgenommen"},"content":{"rendered":"\t\t<div data-elementor-type=\"wp-post\" data-elementor-id=\"66314\" class=\"elementor elementor-66314 elementor-bc-flex-widget\">\n\t\t\t\t\t\t<section class=\"elementor-section elementor-top-section elementor-element elementor-element-1cuv9jr elementor-section-boxed elementor-section-height-default elementor-section-height-default\" data-id=\"1cuv9jr\" data-element_type=\"section\">\n\t\t\t\t\t\t<div class=\"elementor-container elementor-column-gap-default\">\n\t\t\t\t\t<div class=\"elementor-column elementor-col-66 elementor-top-column elementor-element elementor-element-q5zak7b\" data-id=\"q5zak7b\" data-element_type=\"column\">\n\t\t\t<div class=\"elementor-widget-wrap elementor-element-populated\">\n\t\t\t\t\t\t<div class=\"elementor-element elementor-element-763ecdd elementor-widget elementor-widget-text-editor\" data-id=\"763ecdd\" data-element_type=\"widget\" data-widget_type=\"text-editor.default\">\n\t\t\t\t<div class=\"elementor-widget-container\">\n\t\t\t\t\t\t\t<h3 class=\"story-headline\">Einbrecher auf frischer Tat festgenommen<\/h3><p><span style=\"font-size: 12pt;\">Gunzenhausen (ots) &#8211; Am Freitagabend (23.11.18) gelang es, drei tatverd\u00e4chtige Einbrecher kurz nach einem Einbruch in ein Haus in Heidenheim (Lkrs Wei\u00dfenburg-Gunzenhausen) festzunehmen.<\/span><\/p><p><span style=\"font-size: 12pt;\">Gegen 18:15 Uhr h\u00f6rte ein Zeuge an einem Einfamilienhaus Glas splittern und bemerkte unbekannte Personen, die das Haus betraten. Kurze Zeit sp\u00e4ter verlie\u00dfen die mutma\u00dflichen Einbrecher das Haus und fl\u00fcchteten in einem BMW. Der Zeuge konnte sich das Kennzeichen notieren und verst\u00e4ndigte die Polizei.<\/span><\/p><p><span style=\"font-size: 12pt;\">Nach kurzer Fahndung konnte der gesuchte BMW mit drei Tatverd\u00e4chtigen im Alter von 21, 23 und 36 in Tatortn\u00e4he von mehreren Streifen angehalten und die M\u00e4nner festgenommen werden. Im Fahrzeug befand sich Diebesgut aus dem Anwesen.<\/span><\/p><p><span style=\"font-size: 12pt;\">Das Trio wurde zur PI gebracht und das Fahrzeug sichergestellt. Die Ansbacher Staatsanwaltschaft stellte Haftantrag gegen alle drei Tatverd\u00e4chtigen.<\/span><\/p><p><strong><span style=\"font-size: 12pt;\">Rainer Seebauer<\/span><\/strong><\/p><p><span style=\"font-size: 12pt;\">Original-Content von Polizeipr\u00e4sidium Mittelfranken<\/span><\/p>\t\t\t\t\t\t<\/div>\n\t\t\t\t<\/div>\n\t\t\t\t<div class=\"elementor-element elementor-element-ace1283 elementor-widget-divider--view-line elementor-widget elementor-widget-divider\" data-id=\"ace1283\" data-element_type=\"widget\" data-widget_type=\"divider.default\">\n\t\t\t\t<div class=\"elementor-widget-container\">\n\t\t\t\t\t<div class=\"elementor-divider\">\n\t\t\t<span class=\"elementor-divider-separator\">\n\t\t\t\t\t\t<\/span>\n\t\t<\/div>\n\t\t\t\t<\/div>\n\t\t\t\t<\/div>\n\t\t\t\t<div class=\"elementor-element elementor-element-1l7zbzo elementor-widget elementor-widget-google_maps\" data-id=\"1l7zbzo\" data-element_type=\"widget\" data-widget_type=\"google_maps.default\">\n\t\t\t\t<div class=\"elementor-widget-container\">\n\t\t\t\t\t<div class=\"elementor-custom-embed\">\n\t\t\t<iframe loading=\"lazy\"\n\t\t\t\t\tsrc=\"https:\/\/maps.google.com\/maps?q=Heidenheim%2C%20Gunzenhausen%2C%20Deutschland&#038;t=m&#038;z=15&#038;output=embed&#038;iwloc=near\"\n\t\t\t\t\ttitle=\"Heidenheim, Gunzenhausen, Deutschland\"\n\t\t\t\t\taria-label=\"Heidenheim, Gunzenhausen, Deutschland\"\n\t\t\t><\/iframe>\n\t\t<\/div>\n\t\t\t\t<\/div>\n\t\t\t\t<\/div>\n\t\t\t\t\t<\/div>\n\t\t<\/div>\n\t\t\t\t<div class=\"elementor-column elementor-col-33 elementor-top-column elementor-element elementor-element-0w0urt1\" data-id=\"0w0urt1\" data-element_type=\"column\">\n\t\t\t<div class=\"elementor-widget-wrap\">\n\t\t\t\t\t\t\t<\/div>\n\t\t<\/div>\n\t\t\t\t\t<\/div>\n\t\t<\/section>\n\t\t\t\t<\/div>\n\t\t","protected":false},"excerpt":{"rendered":"<div class=\"mh-excerpt\"><p>Einbrecher auf frischer Tat festgenommen Gunzenhausen (ots) &#8211; Am Freitagabend (23.11.18) gelang es, drei tatverd\u00e4chtige Einbrecher kurz nach einem Einbruch in ein Haus in Heidenheim (Lkrs Wei\u00dfenburg-Gunzenhausen) festzunehmen. Gegen 18:15 Uhr h\u00f6rte ein Zeuge an <a class=\"mh-excerpt-more\" href=\"https:\/\/www.region-schwabach.de\/wordpress\/einbrecher-in-gunzenhausen-festgenommen\/\" title=\"Einbrecher in Heidenheim festgenommen\">[&#8230;]<\/a><\/p>\n<\/div>","protected":false},"author":1,"featured_media":66317,"comment_status":"open","ping_status":"open","sticky":false,"template":"","format":"standard","meta":{"_cbd_carousel_blocks":"[]","footnotes":""},"categories":[15],"tags":[6598,1597,7099,331,217,597,728,43,7098,1043,7097,463,981,249],"class_list":{"0":"post-66314","1":"post","2":"type-post","3":"status-publish","4":"format-standard","5":"has-post-thumbnail","7":"category-polizeimeldungen","8":"tag-23-11-2018","9":"tag-bmw","10":"tag-drei-tatverdaechtige","11":"tag-einbrecher","12":"tag-einbruch","13":"tag-einfamilienhaus","14":"tag-fahndung","15":"tag-festnahme","16":"tag-glas","17":"tag-gunzenhausen","18":"tag-heidenheim","19":"tag-pkw","20":"tag-polizei","21":"tag-weissenburg"},"_links":{"self":[{"href":"https:\/\/www.region-schwabach.de\/wordpress\/wp-json\/wp\/v2\/posts\/66314","targetHints":{"allow":["GET"]}}],"collection":[{"href":"https:\/\/www.region-schwabach.de\/wordpress\/wp-json\/wp\/v2\/posts"}],"about":[{"href":"https:\/\/www.region-schwabach.de\/wordpress\/wp-json\/wp\/v2\/types\/post"}],"author":[{"embeddable":true,"href":"https:\/\/www.region-schwabach.de\/wordpress\/wp-json\/wp\/v2\/users\/1"}],"replies":[{"embeddable":true,"href":"https:\/\/www.region-schwabach.de\/wordpress\/wp-json\/wp\/v2\/comments?post=66314"}],"version-history":[{"count":0,"href":"https:\/\/www.region-schwabach.de\/wordpress\/wp-json\/wp\/v2\/posts\/66314\/revisions"}],"wp:featuredmedia":[{"embeddable":true,"href":"https:\/\/www.region-schwabach.de\/wordpress\/wp-json\/wp\/v2\/media\/66317"}],"wp:attachment":[{"href":"https:\/\/www.region-schwabach.de\/wordpress\/wp-json\/wp\/v2\/media?parent=66314"}],"wp:term":[{"taxonomy":"category","embeddable":true,"href":"https:\/\/www.region-schwabach.de\/wordpress\/wp-json\/wp\/v2\/categories?post=66314"},{"taxonomy":"post_tag","embeddable":true,"href":"https:\/\/www.region-schwabach.de\/wordpress\/wp-json\/wp\/v2\/tags?post=66314"}],"curies":[{"name":"wp","href":"https:\/\/api.w.org\/{rel}","templated":true}]}}