{"id":66445,"date":"2018-11-26T12:59:16","date_gmt":"2018-11-26T11:59:16","guid":{"rendered":"http:\/\/www.region-schwabach.de\/wordpress\/?p=66445"},"modified":"2018-11-26T13:06:55","modified_gmt":"2018-11-26T12:06:55","slug":"waehrend-fussballspiel-in-heideck-bestohlen","status":"publish","type":"post","link":"https:\/\/www.region-schwabach.de\/wordpress\/waehrend-fussballspiel-in-heideck-bestohlen\/","title":{"rendered":"W\u00e4hrend Fu\u00dfballspiel in Heideck bestohlen"},"content":{"rendered":"\t\t<div data-elementor-type=\"wp-post\" data-elementor-id=\"66445\" class=\"elementor elementor-66445 elementor-bc-flex-widget\">\n\t\t\t\t\t\t<section class=\"elementor-section elementor-top-section elementor-element elementor-element-1cuv9jr elementor-section-boxed elementor-section-height-default elementor-section-height-default\" data-id=\"1cuv9jr\" data-element_type=\"section\">\n\t\t\t\t\t\t<div class=\"elementor-container elementor-column-gap-default\">\n\t\t\t\t\t<div class=\"elementor-column elementor-col-66 elementor-top-column elementor-element elementor-element-q5zak7b\" data-id=\"q5zak7b\" data-element_type=\"column\">\n\t\t\t<div class=\"elementor-widget-wrap elementor-element-populated\">\n\t\t\t\t\t\t<div class=\"elementor-element elementor-element-763ecdd elementor-widget elementor-widget-text-editor\" data-id=\"763ecdd\" data-element_type=\"widget\" data-widget_type=\"text-editor.default\">\n\t\t\t\t<div class=\"elementor-widget-container\">\n\t\t\t\t\t\t\t<h3 class=\"story-headline\"><strong>W\u00e4hrend Fu\u00dfballspiel bestohlen<\/strong><\/h3><p><span style=\"font-size: 12pt;\">Heideck &#8211; Am Sonntagmittag, den 24.11.2018, war ein dreister Dieb in der\u00a0Zeit zwischen 13.10 Uhr und 13.45 Uhr im Sportheim in der Liebenst\u00e4dter Stra\u00dfe in Heideck aktiv, der w\u00e4hrend des laufenden Fu\u00dfballspiels die Autoschl\u00fcssel von vier Spielern aus der Umkleidekabine an sich nahm.<\/span><\/p><h3>Bargeld aus Autos gestohlen<\/h3><p><span style=\"font-size: 12pt;\">Anschlie\u00dfend \u00f6ffnete der T\u00e4ter auf dem Parkplatz die entsprechenden Autos, und entwendete aus diesen Bargeld in H\u00f6he von insgesamt 105 Euro. Danach verschloss er die PKW wieder, und legte auch die Autoschl\u00fcssel wieder an ihren Platz zur\u00fcck.<\/span><\/p><h3>Polizei bittet um Mithilfe<\/h3><p><span style=\"font-size: 12pt;\">Personen, die verd\u00e4chtige Beobachtungen gemacht haben, werden gebeten, diese der Polizei in Hilpoltstein unter der Rufnummer 09174-4789-0 mitzuteilen.<\/span><\/p>\t\t\t\t\t\t<\/div>\n\t\t\t\t<\/div>\n\t\t\t\t<div class=\"elementor-element elementor-element-ace1283 elementor-widget-divider--view-line elementor-widget elementor-widget-divider\" data-id=\"ace1283\" data-element_type=\"widget\" data-widget_type=\"divider.default\">\n\t\t\t\t<div class=\"elementor-widget-container\">\n\t\t\t\t\t<div class=\"elementor-divider\">\n\t\t\t<span class=\"elementor-divider-separator\">\n\t\t\t\t\t\t<\/span>\n\t\t<\/div>\n\t\t\t\t<\/div>\n\t\t\t\t<\/div>\n\t\t\t\t<div class=\"elementor-element elementor-element-1l7zbzo elementor-widget elementor-widget-google_maps\" data-id=\"1l7zbzo\" data-element_type=\"widget\" data-widget_type=\"google_maps.default\">\n\t\t\t\t<div class=\"elementor-widget-container\">\n\t\t\t\t\t<div class=\"elementor-custom-embed\">\n\t\t\t<iframe loading=\"lazy\"\n\t\t\t\t\tsrc=\"https:\/\/maps.google.com\/maps?q=Liebenst%C3%A4dter%20Stra%C3%9Fe%2C%20Heideck%2C%20Deutschland&#038;t=m&#038;z=16&#038;output=embed&#038;iwloc=near\"\n\t\t\t\t\ttitle=\"Liebenst\u00e4dter Stra\u00dfe, Heideck, Deutschland\"\n\t\t\t\t\taria-label=\"Liebenst\u00e4dter Stra\u00dfe, Heideck, Deutschland\"\n\t\t\t><\/iframe>\n\t\t<\/div>\n\t\t\t\t<\/div>\n\t\t\t\t<\/div>\n\t\t\t\t\t<\/div>\n\t\t<\/div>\n\t\t\t\t<div class=\"elementor-column elementor-col-33 elementor-top-column elementor-element elementor-element-0w0urt1\" data-id=\"0w0urt1\" data-element_type=\"column\">\n\t\t\t<div class=\"elementor-widget-wrap\">\n\t\t\t\t\t\t\t<\/div>\n\t\t<\/div>\n\t\t\t\t\t<\/div>\n\t\t<\/section>\n\t\t\t\t<\/div>\n\t\t","protected":false},"excerpt":{"rendered":"<div class=\"mh-excerpt\"><p>W\u00e4hrend Fu\u00dfballspiel bestohlen Heideck &#8211; Am Sonntagmittag, den 24.11.2018, war ein dreister Dieb in der\u00a0Zeit zwischen 13.10 Uhr und 13.45 Uhr im Sportheim in der Liebenst\u00e4dter Stra\u00dfe in Heideck aktiv, der w\u00e4hrend des laufenden Fu\u00dfballspiels <a class=\"mh-excerpt-more\" href=\"https:\/\/www.region-schwabach.de\/wordpress\/waehrend-fussballspiel-in-heideck-bestohlen\/\" title=\"W\u00e4hrend Fu\u00dfballspiel in Heideck bestohlen\">[&#8230;]<\/a><\/p>\n<\/div>","protected":false},"author":1,"featured_media":66446,"comment_status":"open","ping_status":"open","sticky":false,"template":"","format":"standard","meta":{"_cbd_carousel_blocks":"[]","footnotes":""},"categories":[15],"tags":[6601,7104,629,30,5634,596,297,3381,981,713,4419,1453],"class_list":{"0":"post-66445","1":"post","2":"type-post","3":"status-publish","4":"format-standard","5":"has-post-thumbnail","7":"category-polizeimeldungen","8":"tag-26-11-2018","9":"tag-autoschluessel","10":"tag-bargeld","11":"tag-diebstahl","12":"tag-fussballspiel","13":"tag-heideck","14":"tag-hilpoltstein","15":"tag-liebenstaedter-strasse","16":"tag-polizei","17":"tag-schaden","18":"tag-sportheim","19":"tag-umkleidekabine"},"_links":{"self":[{"href":"https:\/\/www.region-schwabach.de\/wordpress\/wp-json\/wp\/v2\/posts\/66445","targetHints":{"allow":["GET"]}}],"collection":[{"href":"https:\/\/www.region-schwabach.de\/wordpress\/wp-json\/wp\/v2\/posts"}],"about":[{"href":"https:\/\/www.region-schwabach.de\/wordpress\/wp-json\/wp\/v2\/types\/post"}],"author":[{"embeddable":true,"href":"https:\/\/www.region-schwabach.de\/wordpress\/wp-json\/wp\/v2\/users\/1"}],"replies":[{"embeddable":true,"href":"https:\/\/www.region-schwabach.de\/wordpress\/wp-json\/wp\/v2\/comments?post=66445"}],"version-history":[{"count":0,"href":"https:\/\/www.region-schwabach.de\/wordpress\/wp-json\/wp\/v2\/posts\/66445\/revisions"}],"wp:featuredmedia":[{"embeddable":true,"href":"https:\/\/www.region-schwabach.de\/wordpress\/wp-json\/wp\/v2\/media\/66446"}],"wp:attachment":[{"href":"https:\/\/www.region-schwabach.de\/wordpress\/wp-json\/wp\/v2\/media?parent=66445"}],"wp:term":[{"taxonomy":"category","embeddable":true,"href":"https:\/\/www.region-schwabach.de\/wordpress\/wp-json\/wp\/v2\/categories?post=66445"},{"taxonomy":"post_tag","embeddable":true,"href":"https:\/\/www.region-schwabach.de\/wordpress\/wp-json\/wp\/v2\/tags?post=66445"}],"curies":[{"name":"wp","href":"https:\/\/api.w.org\/{rel}","templated":true}]}}