{"id":66449,"date":"2018-11-26T13:28:58","date_gmt":"2018-11-26T12:28:58","guid":{"rendered":"http:\/\/www.region-schwabach.de\/wordpress\/?p=66449"},"modified":"2018-11-26T13:46:53","modified_gmt":"2018-11-26T12:46:53","slug":"schwerer-verkehrsunfall-in-kleinschwarzenlohe","status":"publish","type":"post","link":"https:\/\/www.region-schwabach.de\/wordpress\/schwerer-verkehrsunfall-in-kleinschwarzenlohe\/","title":{"rendered":"Schwerer Verkehrsunfall in Kleinschwarzenlohe"},"content":{"rendered":"\t\t<div data-elementor-type=\"wp-post\" data-elementor-id=\"66449\" class=\"elementor elementor-66449 elementor-bc-flex-widget\">\n\t\t\t\t\t\t<section class=\"elementor-section elementor-top-section elementor-element elementor-element-1cuv9jr elementor-section-boxed elementor-section-height-default elementor-section-height-default\" data-id=\"1cuv9jr\" data-element_type=\"section\">\n\t\t\t\t\t\t<div class=\"elementor-container elementor-column-gap-default\">\n\t\t\t\t\t<div class=\"elementor-column elementor-col-66 elementor-top-column elementor-element elementor-element-q5zak7b\" data-id=\"q5zak7b\" data-element_type=\"column\">\n\t\t\t<div class=\"elementor-widget-wrap elementor-element-populated\">\n\t\t\t\t\t\t<div class=\"elementor-element elementor-element-763ecdd elementor-widget elementor-widget-text-editor\" data-id=\"763ecdd\" data-element_type=\"widget\" data-widget_type=\"text-editor.default\">\n\t\t\t\t<div class=\"elementor-widget-container\">\n\t\t\t\t\t\t\t<h3 class=\"story-headline\"><strong>PKWw-Fahrerin rammt abbiegenden Autofahrer &#8211; 4 Personen verletzt<\/strong><\/h3><p><span style=\"font-size: 12pt;\">Wendelstein &#8211; Am Samstagnachmittag, den 24.11.2018, kam es im\u00a0Wendelsteiner Ortsteil Kleinschwarzenlohe in der Rangaustra\u00dfe gegen 14.00 Uhr zu einem schweren Unfall, als ein 67 -j\u00e4hriger PKW-Fahrer seine Fahrt verlangsamte, um nach Durchlass des Gegenverkehrs nach links in sein Anwesen abzubiegen.<\/span><\/p><h3>Abremsman\u00f6ver zu sp\u00e4t erkannt<\/h3><p><span style=\"font-size: 12pt;\">Dieses Abbremsman\u00f6ver bemerkte eine hinter ihm fahrende 63-j\u00e4hrige Autofahrerin jedoch zu sp\u00e4t, und fuhr nahezu ungebremst auf, wodurch die jeweils mit 2 Personen besetzten Fahrzeuge erheblich besch\u00e4digt wurden.<\/span><\/p><h3>Rettungshubschrauber im Einsatz<\/h3><p><span style=\"font-size: 12pt;\">Alle vier Fahrzeuginsassen wurden bei dem Unfall verletzt, zwei verletzte Insassen mu\u00dften von der Feuerwehr aus dem Fahrzeug geschnitten werden, von denen einer mit dem Rettungshubschrauber in eine Spezialklinik nach Regensburg geflogen wurde. Die 63-j\u00e4hrige Unfallverursacherin erwartet nun ein Strafverfahren wegen fahrl\u00e4ssiger K\u00f6rperverletzung.<\/span><\/p>\t\t\t\t\t\t<\/div>\n\t\t\t\t<\/div>\n\t\t\t\t<div class=\"elementor-element elementor-element-ace1283 elementor-widget-divider--view-line elementor-widget elementor-widget-divider\" data-id=\"ace1283\" data-element_type=\"widget\" data-widget_type=\"divider.default\">\n\t\t\t\t<div class=\"elementor-widget-container\">\n\t\t\t\t\t<div class=\"elementor-divider\">\n\t\t\t<span class=\"elementor-divider-separator\">\n\t\t\t\t\t\t<\/span>\n\t\t<\/div>\n\t\t\t\t<\/div>\n\t\t\t\t<\/div>\n\t\t\t\t<div class=\"elementor-element elementor-element-1l7zbzo elementor-widget elementor-widget-google_maps\" data-id=\"1l7zbzo\" data-element_type=\"widget\" data-widget_type=\"google_maps.default\">\n\t\t\t\t<div class=\"elementor-widget-container\">\n\t\t\t\t\t<div class=\"elementor-custom-embed\">\n\t\t\t<iframe loading=\"lazy\"\n\t\t\t\t\tsrc=\"https:\/\/maps.google.com\/maps?q=Rangaustra%C3%9Fe%2C%20Wendelstein%2C%20Deutschland&#038;t=m&#038;z=16&#038;output=embed&#038;iwloc=near\"\n\t\t\t\t\ttitle=\"Rangaustra\u00dfe, Wendelstein, Deutschland\"\n\t\t\t\t\taria-label=\"Rangaustra\u00dfe, Wendelstein, Deutschland\"\n\t\t\t><\/iframe>\n\t\t<\/div>\n\t\t\t\t<\/div>\n\t\t\t\t<\/div>\n\t\t\t\t\t<\/div>\n\t\t<\/div>\n\t\t\t\t<div class=\"elementor-column elementor-col-33 elementor-top-column elementor-element elementor-element-0w0urt1\" data-id=\"0w0urt1\" data-element_type=\"column\">\n\t\t\t<div class=\"elementor-widget-wrap\">\n\t\t\t\t\t\t\t<\/div>\n\t\t<\/div>\n\t\t\t\t\t<\/div>\n\t\t<\/section>\n\t\t\t\t<\/div>\n\t\t","protected":false},"excerpt":{"rendered":"<div class=\"mh-excerpt\"><p>PKWw-Fahrerin rammt abbiegenden Autofahrer &#8211; 4 Personen verletzt Wendelstein &#8211; Am Samstagnachmittag, den 24.11.2018, kam es im\u00a0Wendelsteiner Ortsteil Kleinschwarzenlohe in der Rangaustra\u00dfe gegen 14.00 Uhr zu einem schweren Unfall, als ein 67 -j\u00e4hriger PKW-Fahrer seine <a class=\"mh-excerpt-more\" href=\"https:\/\/www.region-schwabach.de\/wordpress\/schwerer-verkehrsunfall-in-kleinschwarzenlohe\/\" title=\"Schwerer Verkehrsunfall in Kleinschwarzenlohe\">[&#8230;]<\/a><\/p>\n<\/div>","protected":false},"author":1,"featured_media":66450,"comment_status":"open","ping_status":"open","sticky":false,"template":"","format":"standard","meta":{"_cbd_carousel_blocks":"[]","footnotes":""},"categories":[15],"tags":[6599,5301,296,555,1530,981,1860,972,401,713,19,1078,334,31],"class_list":{"0":"post-66449","1":"post","2":"type-post","3":"status-publish","4":"format-standard","5":"has-post-thumbnail","7":"category-polizeimeldungen","8":"tag-24-11-2018","9":"tag-fahrlaessige-koerperverletzung","10":"tag-feuerwehr","11":"tag-gegenverkehr","12":"tag-kleinschwarzenlohe","13":"tag-polizei","14":"tag-rangaustrasse","15":"tag-rettungshubschrauber","16":"tag-sachschaden","17":"tag-schaden","18":"tag-schwabach","19":"tag-strafverfahren","20":"tag-unfall","21":"tag-wendelstein"},"_links":{"self":[{"href":"https:\/\/www.region-schwabach.de\/wordpress\/wp-json\/wp\/v2\/posts\/66449","targetHints":{"allow":["GET"]}}],"collection":[{"href":"https:\/\/www.region-schwabach.de\/wordpress\/wp-json\/wp\/v2\/posts"}],"about":[{"href":"https:\/\/www.region-schwabach.de\/wordpress\/wp-json\/wp\/v2\/types\/post"}],"author":[{"embeddable":true,"href":"https:\/\/www.region-schwabach.de\/wordpress\/wp-json\/wp\/v2\/users\/1"}],"replies":[{"embeddable":true,"href":"https:\/\/www.region-schwabach.de\/wordpress\/wp-json\/wp\/v2\/comments?post=66449"}],"version-history":[{"count":0,"href":"https:\/\/www.region-schwabach.de\/wordpress\/wp-json\/wp\/v2\/posts\/66449\/revisions"}],"wp:featuredmedia":[{"embeddable":true,"href":"https:\/\/www.region-schwabach.de\/wordpress\/wp-json\/wp\/v2\/media\/66450"}],"wp:attachment":[{"href":"https:\/\/www.region-schwabach.de\/wordpress\/wp-json\/wp\/v2\/media?parent=66449"}],"wp:term":[{"taxonomy":"category","embeddable":true,"href":"https:\/\/www.region-schwabach.de\/wordpress\/wp-json\/wp\/v2\/categories?post=66449"},{"taxonomy":"post_tag","embeddable":true,"href":"https:\/\/www.region-schwabach.de\/wordpress\/wp-json\/wp\/v2\/tags?post=66449"}],"curies":[{"name":"wp","href":"https:\/\/api.w.org\/{rel}","templated":true}]}}