{"id":66453,"date":"2018-11-26T13:44:35","date_gmt":"2018-11-26T12:44:35","guid":{"rendered":"http:\/\/www.region-schwabach.de\/wordpress\/?p=66453"},"modified":"2018-11-26T13:54:51","modified_gmt":"2018-11-26T12:54:51","slug":"streich-in-wendelstein-geht-gehoerig-schief","status":"publish","type":"post","link":"https:\/\/www.region-schwabach.de\/wordpress\/streich-in-wendelstein-geht-gehoerig-schief\/","title":{"rendered":"Streich in Wendelstein geht geh\u00f6rig schief"},"content":{"rendered":"\t\t<div data-elementor-type=\"wp-post\" data-elementor-id=\"66453\" class=\"elementor elementor-66453 elementor-bc-flex-widget\">\n\t\t\t\t\t\t<section class=\"elementor-section elementor-top-section elementor-element elementor-element-1cuv9jr elementor-section-boxed elementor-section-height-default elementor-section-height-default\" data-id=\"1cuv9jr\" data-element_type=\"section\">\n\t\t\t\t\t\t<div class=\"elementor-container elementor-column-gap-default\">\n\t\t\t\t\t<div class=\"elementor-column elementor-col-66 elementor-top-column elementor-element elementor-element-q5zak7b\" data-id=\"q5zak7b\" data-element_type=\"column\">\n\t\t\t<div class=\"elementor-widget-wrap elementor-element-populated\">\n\t\t\t\t\t\t<div class=\"elementor-element elementor-element-763ecdd elementor-widget elementor-widget-text-editor\" data-id=\"763ecdd\" data-element_type=\"widget\" data-widget_type=\"text-editor.default\">\n\t\t\t\t<div class=\"elementor-widget-container\">\n\t\t\t\t\t\t\t<h3 class=\"story-headline\"><strong>Gr\u00fcndlich misslungener Streich besch\u00e4ftigt die Schwabacher Polizei<\/strong><\/h3><p><span style=\"font-size: 12pt;\">Wendelstein &#8211; Am Samstagnachmittag, den 24.11.2018, hatte ein 61-j\u00e4hriger P\u00e4chter in Wendelsteinn gegen 14.00 Uhr Lust auf einen Streich, und wollte die am Dachgeschoss arbeitenden Bauarbeiter, welche sich auf einem Ger\u00fcst befanden, erschrecken. <\/span><\/p><h3>Drei Meter in die Tiefe gest\u00fcrzt<\/h3><p><span style=\"font-size: 12pt;\">Hierzu \u00f6ffnete er die Baut\u00fcre, und trat auf die provisorischen Nut- und Federbretter und rief \u201eBuh\u201c! Da die Bretter jedoch nicht tragf\u00e4hig waren, fiel der Mann durch die nachgebenden Bretter ca. 3 Meter in die Tiefe, wo sich zu allem Ungl\u00fcck gerade ein weiterer Handwerker befand, weshalb der Fall des Scherzboldes ein \u201eged\u00e4mpftes Ende\u201c nahm. <\/span><\/p><h3>Strafverfahren wegen fahrl\u00e4ssiger K\u00f6rperverletzung.<\/h3><p><span style=\"font-size: 12pt;\">Gl\u00fcck f\u00fcr den Spa\u00dfvogel, der aufgrund dieses Umstandes nur leicht verletzt wurde, Pech f\u00fcr den Handwerker, der pl\u00f6tzlich &#8211; im wahrsten Sinne des Wortes &#8211; \u201eeinen Schalk (oder Schelm) im Nacken\u201c hatte. Auch dieser wurde jedoch Gott sei Dank nur leicht verletzt. Den &#8222;humorvollen&#8220; 61 J\u00e4hrigen erwartet nun ein Strafverfahren wegen fahrl\u00e4ssiger K\u00f6rperverletzung.<\/span><\/p>\t\t\t\t\t\t<\/div>\n\t\t\t\t<\/div>\n\t\t\t\t<div class=\"elementor-element elementor-element-ace1283 elementor-widget-divider--view-line elementor-widget elementor-widget-divider\" data-id=\"ace1283\" data-element_type=\"widget\" data-widget_type=\"divider.default\">\n\t\t\t\t<div class=\"elementor-widget-container\">\n\t\t\t\t\t<div class=\"elementor-divider\">\n\t\t\t<span class=\"elementor-divider-separator\">\n\t\t\t\t\t\t<\/span>\n\t\t<\/div>\n\t\t\t\t<\/div>\n\t\t\t\t<\/div>\n\t\t\t\t<div class=\"elementor-element elementor-element-1l7zbzo elementor-widget elementor-widget-google_maps\" data-id=\"1l7zbzo\" data-element_type=\"widget\" data-widget_type=\"google_maps.default\">\n\t\t\t\t<div class=\"elementor-widget-container\">\n\t\t\t\t\t<div class=\"elementor-custom-embed\">\n\t\t\t<iframe loading=\"lazy\"\n\t\t\t\t\tsrc=\"https:\/\/maps.google.com\/maps?q=Wendelstein%2C%20Deutschland&#038;t=m&#038;z=15&#038;output=embed&#038;iwloc=near\"\n\t\t\t\t\ttitle=\"Wendelstein, Deutschland\"\n\t\t\t\t\taria-label=\"Wendelstein, Deutschland\"\n\t\t\t><\/iframe>\n\t\t<\/div>\n\t\t\t\t<\/div>\n\t\t\t\t<\/div>\n\t\t\t\t\t<\/div>\n\t\t<\/div>\n\t\t\t\t<div class=\"elementor-column elementor-col-33 elementor-top-column elementor-element elementor-element-0w0urt1\" data-id=\"0w0urt1\" data-element_type=\"column\">\n\t\t\t<div class=\"elementor-widget-wrap\">\n\t\t\t\t\t\t\t<\/div>\n\t\t<\/div>\n\t\t\t\t\t<\/div>\n\t\t<\/section>\n\t\t\t\t<\/div>\n\t\t","protected":false},"excerpt":{"rendered":"<div class=\"mh-excerpt\"><p>Gr\u00fcndlich misslungener Streich besch\u00e4ftigt die Schwabacher Polizei Wendelstein &#8211; Am Samstagnachmittag, den 24.11.2018, hatte ein 61-j\u00e4hriger P\u00e4chter in Wendelsteinn gegen 14.00 Uhr Lust auf einen Streich, und wollte die am Dachgeschoss arbeitenden Bauarbeiter, welche sich <a class=\"mh-excerpt-more\" href=\"https:\/\/www.region-schwabach.de\/wordpress\/streich-in-wendelstein-geht-gehoerig-schief\/\" title=\"Streich in Wendelstein geht geh\u00f6rig schief\">[&#8230;]<\/a><\/p>\n<\/div>","protected":false},"author":1,"featured_media":66454,"comment_status":"open","ping_status":"open","sticky":false,"template":"","format":"standard","meta":{"_cbd_carousel_blocks":"[]","footnotes":""},"categories":[15],"tags":[6599,526,7105,5301,981,401,713,19,1078,7106,3707,31],"class_list":{"0":"post-66453","1":"post","2":"type-post","3":"status-publish","4":"format-standard","5":"has-post-thumbnail","7":"category-polizeimeldungen","8":"tag-24-11-2018","9":"tag-baustelle","10":"tag-dachgeschoss","11":"tag-fahrlaessige-koerperverletzung","12":"tag-polizei","13":"tag-sachschaden","14":"tag-schaden","15":"tag-schwabach","16":"tag-strafverfahren","17":"tag-streich","18":"tag-umbauarbeiten","19":"tag-wendelstein"},"_links":{"self":[{"href":"https:\/\/www.region-schwabach.de\/wordpress\/wp-json\/wp\/v2\/posts\/66453","targetHints":{"allow":["GET"]}}],"collection":[{"href":"https:\/\/www.region-schwabach.de\/wordpress\/wp-json\/wp\/v2\/posts"}],"about":[{"href":"https:\/\/www.region-schwabach.de\/wordpress\/wp-json\/wp\/v2\/types\/post"}],"author":[{"embeddable":true,"href":"https:\/\/www.region-schwabach.de\/wordpress\/wp-json\/wp\/v2\/users\/1"}],"replies":[{"embeddable":true,"href":"https:\/\/www.region-schwabach.de\/wordpress\/wp-json\/wp\/v2\/comments?post=66453"}],"version-history":[{"count":0,"href":"https:\/\/www.region-schwabach.de\/wordpress\/wp-json\/wp\/v2\/posts\/66453\/revisions"}],"wp:featuredmedia":[{"embeddable":true,"href":"https:\/\/www.region-schwabach.de\/wordpress\/wp-json\/wp\/v2\/media\/66454"}],"wp:attachment":[{"href":"https:\/\/www.region-schwabach.de\/wordpress\/wp-json\/wp\/v2\/media?parent=66453"}],"wp:term":[{"taxonomy":"category","embeddable":true,"href":"https:\/\/www.region-schwabach.de\/wordpress\/wp-json\/wp\/v2\/categories?post=66453"},{"taxonomy":"post_tag","embeddable":true,"href":"https:\/\/www.region-schwabach.de\/wordpress\/wp-json\/wp\/v2\/tags?post=66453"}],"curies":[{"name":"wp","href":"https:\/\/api.w.org\/{rel}","templated":true}]}}