{"id":66666,"date":"2018-11-27T12:01:48","date_gmt":"2018-11-27T11:01:48","guid":{"rendered":"http:\/\/www.region-schwabach.de\/wordpress\/?p=66666"},"modified":"2018-11-27T12:10:18","modified_gmt":"2018-11-27T11:10:18","slug":"gartenzaun-in-hilpoltstein-eingedrueckt","status":"publish","type":"post","link":"https:\/\/www.region-schwabach.de\/wordpress\/gartenzaun-in-hilpoltstein-eingedrueckt\/","title":{"rendered":"Gartenzaun in Hilpoltstein eingedr\u00fcckt"},"content":{"rendered":"\t\t<div data-elementor-type=\"wp-post\" data-elementor-id=\"66666\" class=\"elementor elementor-66666 elementor-bc-flex-widget\">\n\t\t\t\t\t\t<section class=\"elementor-section elementor-top-section elementor-element elementor-element-1cuv9jr elementor-section-boxed elementor-section-height-default elementor-section-height-default\" data-id=\"1cuv9jr\" data-element_type=\"section\">\n\t\t\t\t\t\t<div class=\"elementor-container elementor-column-gap-default\">\n\t\t\t\t\t<div class=\"elementor-column elementor-col-66 elementor-top-column elementor-element elementor-element-q5zak7b\" data-id=\"q5zak7b\" data-element_type=\"column\">\n\t\t\t<div class=\"elementor-widget-wrap elementor-element-populated\">\n\t\t\t\t\t\t<div class=\"elementor-element elementor-element-763ecdd elementor-widget elementor-widget-text-editor\" data-id=\"763ecdd\" data-element_type=\"widget\" data-widget_type=\"text-editor.default\">\n\t\t\t\t<div class=\"elementor-widget-container\">\n\t\t\t\t\t\t\t<h3 class=\"story-headline\"><strong>Gartenzaun eingedr\u00fcckt<\/strong><\/h3><p><span style=\"font-size: 12pt;\">Hilpoltstein\u00a0 &#8211; In der Zeit zwischen Freitagmittag, den 23.11.2018 (12.00 Uhr), und Samstagabend, den 24.11.2018 (18.00 Uhr), hat ein bisher unbekannter Fahrzeugf\u00fchrer ein Feld eines Metallgartenzauns im Bereich der Albrecht-D\u00fcrer-Stra\u00dfe \/ Labenwolfstra\u00dfe\u00a0eingedr\u00fcckt, und ist anschlie\u00dfend gefl\u00fcchtet.<\/span><\/p><h3>350 Euro Sachschaden<\/h3><p><span style=\"font-size: 12pt;\">Den Spuren nach zu urteilen, mu\u00df ein Fahrzeug dabei \u00fcber den Gehsteig an den Metallzaun herangefahren sein, und diesen anschlie\u00dfend in das Grundst\u00fcck gedr\u00fcckt haben, so da\u00df\u00a0<\/span>an dem Gartenzaun\u00a0<span style=\"font-size: 12pt;\">ein Schaden in H\u00f6he von ca. 350 Euro verursacht wurde.<\/span><\/p><h3>Polizei bittet um Mithilfe<\/h3><p><span style=\"font-size: 12pt;\">Personen, die verd\u00e4chtige Beobachtungen gemacht haben, werden gebeten, diese der Polizei in Hilpoltstein unter der Rufnummer 09174-4789-0 mitzuteilen.<\/span><\/p>\t\t\t\t\t\t<\/div>\n\t\t\t\t<\/div>\n\t\t\t\t<div class=\"elementor-element elementor-element-ace1283 elementor-widget-divider--view-line elementor-widget elementor-widget-divider\" data-id=\"ace1283\" data-element_type=\"widget\" data-widget_type=\"divider.default\">\n\t\t\t\t<div class=\"elementor-widget-container\">\n\t\t\t\t\t<div class=\"elementor-divider\">\n\t\t\t<span class=\"elementor-divider-separator\">\n\t\t\t\t\t\t<\/span>\n\t\t<\/div>\n\t\t\t\t<\/div>\n\t\t\t\t<\/div>\n\t\t\t\t<div class=\"elementor-element elementor-element-1l7zbzo elementor-widget elementor-widget-google_maps\" data-id=\"1l7zbzo\" data-element_type=\"widget\" data-widget_type=\"google_maps.default\">\n\t\t\t\t<div class=\"elementor-widget-container\">\n\t\t\t\t\t<div class=\"elementor-custom-embed\">\n\t\t\t<iframe loading=\"lazy\"\n\t\t\t\t\tsrc=\"https:\/\/maps.google.com\/maps?q=49.192124%2C%2011.182529&#038;t=m&#038;z=18&#038;output=embed&#038;iwloc=near\"\n\t\t\t\t\ttitle=\"49.192124, 11.182529\"\n\t\t\t\t\taria-label=\"49.192124, 11.182529\"\n\t\t\t><\/iframe>\n\t\t<\/div>\n\t\t\t\t<\/div>\n\t\t\t\t<\/div>\n\t\t\t\t\t<\/div>\n\t\t<\/div>\n\t\t\t\t<div class=\"elementor-column elementor-col-33 elementor-top-column elementor-element elementor-element-0w0urt1\" data-id=\"0w0urt1\" data-element_type=\"column\">\n\t\t\t<div class=\"elementor-widget-wrap\">\n\t\t\t\t\t\t\t<\/div>\n\t\t<\/div>\n\t\t\t\t\t<\/div>\n\t\t<\/section>\n\t\t\t\t<\/div>\n\t\t","protected":false},"excerpt":{"rendered":"<div class=\"mh-excerpt\"><p>Gartenzaun eingedr\u00fcckt Hilpoltstein\u00a0 &#8211; In der Zeit zwischen Freitagmittag, den 23.11.2018 (12.00 Uhr), und Samstagabend, den 24.11.2018 (18.00 Uhr), hat ein bisher unbekannter Fahrzeugf\u00fchrer ein Feld eines Metallgartenzauns im Bereich der Albrecht-D\u00fcrer-Stra\u00dfe \/ Labenwolfstra\u00dfe\u00a0eingedr\u00fcckt, und <a class=\"mh-excerpt-more\" href=\"https:\/\/www.region-schwabach.de\/wordpress\/gartenzaun-in-hilpoltstein-eingedrueckt\/\" title=\"Gartenzaun in Hilpoltstein eingedr\u00fcckt\">[&#8230;]<\/a><\/p>\n<\/div>","protected":false},"author":1,"featured_media":66667,"comment_status":"open","ping_status":"open","sticky":false,"template":"","format":"standard","meta":{"_cbd_carousel_blocks":"[]","footnotes":""},"categories":[15],"tags":[6598,6599,1091,454,1503,7129,1323,297,7128,3610,981,487,401,713,457],"class_list":{"0":"post-66666","1":"post","2":"type-post","3":"status-publish","4":"format-standard","5":"has-post-thumbnail","7":"category-polizeimeldungen","8":"tag-23-11-2018","9":"tag-24-11-2018","10":"tag-albrecht-duerer-strasse","11":"tag-fahrerflucht","12":"tag-gartenzaun","13":"tag-gehsteig","14":"tag-grundstueck","15":"tag-hilpoltstein","16":"tag-labenwolfstrasse","17":"tag-metallzaun","18":"tag-polizei","19":"tag-sachbeschaedigung","20":"tag-sachschaden","21":"tag-schaden","22":"tag-unfallflucht"},"_links":{"self":[{"href":"https:\/\/www.region-schwabach.de\/wordpress\/wp-json\/wp\/v2\/posts\/66666","targetHints":{"allow":["GET"]}}],"collection":[{"href":"https:\/\/www.region-schwabach.de\/wordpress\/wp-json\/wp\/v2\/posts"}],"about":[{"href":"https:\/\/www.region-schwabach.de\/wordpress\/wp-json\/wp\/v2\/types\/post"}],"author":[{"embeddable":true,"href":"https:\/\/www.region-schwabach.de\/wordpress\/wp-json\/wp\/v2\/users\/1"}],"replies":[{"embeddable":true,"href":"https:\/\/www.region-schwabach.de\/wordpress\/wp-json\/wp\/v2\/comments?post=66666"}],"version-history":[{"count":0,"href":"https:\/\/www.region-schwabach.de\/wordpress\/wp-json\/wp\/v2\/posts\/66666\/revisions"}],"wp:featuredmedia":[{"embeddable":true,"href":"https:\/\/www.region-schwabach.de\/wordpress\/wp-json\/wp\/v2\/media\/66667"}],"wp:attachment":[{"href":"https:\/\/www.region-schwabach.de\/wordpress\/wp-json\/wp\/v2\/media?parent=66666"}],"wp:term":[{"taxonomy":"category","embeddable":true,"href":"https:\/\/www.region-schwabach.de\/wordpress\/wp-json\/wp\/v2\/categories?post=66666"},{"taxonomy":"post_tag","embeddable":true,"href":"https:\/\/www.region-schwabach.de\/wordpress\/wp-json\/wp\/v2\/tags?post=66666"}],"curies":[{"name":"wp","href":"https:\/\/api.w.org\/{rel}","templated":true}]}}