{"id":66682,"date":"2018-11-27T12:45:02","date_gmt":"2018-11-27T11:45:02","guid":{"rendered":"http:\/\/www.region-schwabach.de\/wordpress\/?p=66682"},"modified":"2018-11-27T12:52:19","modified_gmt":"2018-11-27T11:52:19","slug":"mehrere-unfaelle-im-stadtgebiet-von-weissenburg","status":"publish","type":"post","link":"https:\/\/www.region-schwabach.de\/wordpress\/mehrere-unfaelle-im-stadtgebiet-von-weissenburg\/","title":{"rendered":"Mehrere Unf\u00e4lle im Stadtgebiet von Wei\u00dfenburg"},"content":{"rendered":"\t\t<div data-elementor-type=\"wp-post\" data-elementor-id=\"66682\" class=\"elementor elementor-66682 elementor-bc-flex-widget\">\n\t\t\t\t\t\t<section class=\"elementor-section elementor-top-section elementor-element elementor-element-1cuv9jr elementor-section-boxed elementor-section-height-default elementor-section-height-default\" data-id=\"1cuv9jr\" data-element_type=\"section\">\n\t\t\t\t\t\t<div class=\"elementor-container elementor-column-gap-default\">\n\t\t\t\t\t<div class=\"elementor-column elementor-col-66 elementor-top-column elementor-element elementor-element-q5zak7b\" data-id=\"q5zak7b\" data-element_type=\"column\">\n\t\t\t<div class=\"elementor-widget-wrap elementor-element-populated\">\n\t\t\t\t\t\t<div class=\"elementor-element elementor-element-763ecdd elementor-widget elementor-widget-text-editor\" data-id=\"763ecdd\" data-element_type=\"widget\" data-widget_type=\"text-editor.default\">\n\t\t\t\t<div class=\"elementor-widget-container\">\n\t\t\t\t\t\t\t<h3 class=\"story-headline\"><strong>Mehrere Unf\u00e4lle mit Sachsch\u00e4den <\/strong><\/h3><p><span style=\"font-size: 12pt;\">Wei\u00dfenburg &#8211; Am Montagnachmittag, den 26.11.2018, kam es im Stadtgebiet von Wei\u00dfenburg zu\u00a0insgesamt f\u00fcnf Verkehrsunf\u00e4llen, bei denen aber gl\u00fccklicherweise keine Verletzten zu beklagen waren.<\/span><\/p><h3>Verschieden Ursachen<\/h3><p><span style=\"font-size: 12pt;\">In zwei F\u00e4llen fuhren die Unfallversacher &#8211;\u00a0<\/span>ohne auf den Verkehr zu achten\u00a0<span style=\"font-size: 12pt;\">&#8211; von Grundst\u00fccken in die Fahrbahn ein, in einem Fall missachtete ein PKW-Fahrer die Vorfahrt, und bei den beiden anderen Unf\u00e4llen war jeweils ein ungen\u00fcgender Sicherheitsabstand die Unfallursache. Bei den f\u00fcnf Unf\u00e4llen entstand ein Gesamtschaden in H\u00f6he von ca. 18.000 Euro.<\/span><\/p>\t\t\t\t\t\t<\/div>\n\t\t\t\t<\/div>\n\t\t\t\t<div class=\"elementor-element elementor-element-ace1283 elementor-widget-divider--view-line elementor-widget elementor-widget-divider\" data-id=\"ace1283\" data-element_type=\"widget\" data-widget_type=\"divider.default\">\n\t\t\t\t<div class=\"elementor-widget-container\">\n\t\t\t\t\t<div class=\"elementor-divider\">\n\t\t\t<span class=\"elementor-divider-separator\">\n\t\t\t\t\t\t<\/span>\n\t\t<\/div>\n\t\t\t\t<\/div>\n\t\t\t\t<\/div>\n\t\t\t\t<div class=\"elementor-element elementor-element-1l7zbzo elementor-widget elementor-widget-google_maps\" data-id=\"1l7zbzo\" data-element_type=\"widget\" data-widget_type=\"google_maps.default\">\n\t\t\t\t<div class=\"elementor-widget-container\">\n\t\t\t\t\t<div class=\"elementor-custom-embed\">\n\t\t\t<iframe loading=\"lazy\"\n\t\t\t\t\tsrc=\"https:\/\/maps.google.com\/maps?q=Wei%C3%9Fenburg%2C%20Deutschland&#038;t=m&#038;z=14&#038;output=embed&#038;iwloc=near\"\n\t\t\t\t\ttitle=\"Wei\u00dfenburg, Deutschland\"\n\t\t\t\t\taria-label=\"Wei\u00dfenburg, Deutschland\"\n\t\t\t><\/iframe>\n\t\t<\/div>\n\t\t\t\t<\/div>\n\t\t\t\t<\/div>\n\t\t\t\t\t<\/div>\n\t\t<\/div>\n\t\t\t\t<div class=\"elementor-column elementor-col-33 elementor-top-column elementor-element elementor-element-0w0urt1\" data-id=\"0w0urt1\" data-element_type=\"column\">\n\t\t\t<div class=\"elementor-widget-wrap\">\n\t\t\t\t\t\t\t<\/div>\n\t\t<\/div>\n\t\t\t\t\t<\/div>\n\t\t<\/section>\n\t\t\t\t<\/div>\n\t\t","protected":false},"excerpt":{"rendered":"<div class=\"mh-excerpt\"><p>Mehrere Unf\u00e4lle mit Sachsch\u00e4den Wei\u00dfenburg &#8211; Am Montagnachmittag, den 26.11.2018, kam es im Stadtgebiet von Wei\u00dfenburg zu\u00a0insgesamt f\u00fcnf Verkehrsunf\u00e4llen, bei denen aber gl\u00fccklicherweise keine Verletzten zu beklagen waren. Verschieden Ursachen In zwei F\u00e4llen fuhren die <a class=\"mh-excerpt-more\" href=\"https:\/\/www.region-schwabach.de\/wordpress\/mehrere-unfaelle-im-stadtgebiet-von-weissenburg\/\" title=\"Mehrere Unf\u00e4lle im Stadtgebiet von Wei\u00dfenburg\">[&#8230;]<\/a><\/p>\n<\/div>","protected":false},"author":1,"featured_media":66683,"comment_status":"open","ping_status":"open","sticky":false,"template":"","format":"standard","meta":{"_cbd_carousel_blocks":"[]","footnotes":""},"categories":[15],"tags":[6601,1906,7130,463,981,401,713,7131,634,334,1539,249],"class_list":{"0":"post-66682","1":"post","2":"type-post","3":"status-publish","4":"format-standard","5":"has-post-thumbnail","7":"category-polizeimeldungen","8":"tag-26-11-2018","9":"tag-fahrbahn","10":"tag-grundstuecke","11":"tag-pkw","12":"tag-polizei","13":"tag-sachschaden","14":"tag-schaden","15":"tag-sicherheitsabstand","16":"tag-stadtgebiet","17":"tag-unfall","18":"tag-vorfahrt-missachtet","19":"tag-weissenburg"},"_links":{"self":[{"href":"https:\/\/www.region-schwabach.de\/wordpress\/wp-json\/wp\/v2\/posts\/66682","targetHints":{"allow":["GET"]}}],"collection":[{"href":"https:\/\/www.region-schwabach.de\/wordpress\/wp-json\/wp\/v2\/posts"}],"about":[{"href":"https:\/\/www.region-schwabach.de\/wordpress\/wp-json\/wp\/v2\/types\/post"}],"author":[{"embeddable":true,"href":"https:\/\/www.region-schwabach.de\/wordpress\/wp-json\/wp\/v2\/users\/1"}],"replies":[{"embeddable":true,"href":"https:\/\/www.region-schwabach.de\/wordpress\/wp-json\/wp\/v2\/comments?post=66682"}],"version-history":[{"count":0,"href":"https:\/\/www.region-schwabach.de\/wordpress\/wp-json\/wp\/v2\/posts\/66682\/revisions"}],"wp:featuredmedia":[{"embeddable":true,"href":"https:\/\/www.region-schwabach.de\/wordpress\/wp-json\/wp\/v2\/media\/66683"}],"wp:attachment":[{"href":"https:\/\/www.region-schwabach.de\/wordpress\/wp-json\/wp\/v2\/media?parent=66682"}],"wp:term":[{"taxonomy":"category","embeddable":true,"href":"https:\/\/www.region-schwabach.de\/wordpress\/wp-json\/wp\/v2\/categories?post=66682"},{"taxonomy":"post_tag","embeddable":true,"href":"https:\/\/www.region-schwabach.de\/wordpress\/wp-json\/wp\/v2\/tags?post=66682"}],"curies":[{"name":"wp","href":"https:\/\/api.w.org\/{rel}","templated":true}]}}