{"id":66686,"date":"2018-11-27T14:10:24","date_gmt":"2018-11-27T13:10:24","guid":{"rendered":"http:\/\/www.region-schwabach.de\/wordpress\/?p=66686"},"modified":"2018-11-27T14:21:01","modified_gmt":"2018-11-27T13:21:01","slug":"drei-schwerverletzte-bei-zusammenstoss-auf-der-staatsstrasse-2227","status":"publish","type":"post","link":"https:\/\/www.region-schwabach.de\/wordpress\/drei-schwerverletzte-bei-zusammenstoss-auf-der-staatsstrasse-2227\/","title":{"rendered":"Drei Schwerverletzte bei Zusammensto\u00df auf der Staatsstra\u00dfe 2227"},"content":{"rendered":"\t\t<div data-elementor-type=\"wp-post\" data-elementor-id=\"66686\" class=\"elementor elementor-66686 elementor-bc-flex-widget\">\n\t\t\t\t\t\t<section class=\"elementor-section elementor-top-section elementor-element elementor-element-1cuv9jr elementor-section-boxed elementor-section-height-default elementor-section-height-default\" data-id=\"1cuv9jr\" data-element_type=\"section\">\n\t\t\t\t\t\t<div class=\"elementor-container elementor-column-gap-default\">\n\t\t\t\t\t<div class=\"elementor-column elementor-col-66 elementor-top-column elementor-element elementor-element-q5zak7b\" data-id=\"q5zak7b\" data-element_type=\"column\">\n\t\t\t<div class=\"elementor-widget-wrap elementor-element-populated\">\n\t\t\t\t\t\t<div class=\"elementor-element elementor-element-763ecdd elementor-widget elementor-widget-text-editor\" data-id=\"763ecdd\" data-element_type=\"widget\" data-widget_type=\"text-editor.default\">\n\t\t\t\t<div class=\"elementor-widget-container\">\n\t\t\t\t\t\t\t<h3 class=\"story-headline\"><strong>Drei Schwerverletzte bei Zusammensto\u00df<\/strong><\/h3><p><span style=\"font-size: 12pt;\">Greding &#8211; Am Dienstagmorgen, den 27.11.2018, war\u00a0ein 46-j\u00e4hriger Opel-Zafira-Fahrer auf der Staatsstra\u00dfe 2391 von Unterm\u00e4ssing in Richtung Greding unterwegs, als er an der Einm\u00fcndung in die Staatsstra\u00dfe 2227 links nach Greding abbiegen wollte. <\/span><\/p><h3>Vorfahrtsberechtigten PKW \u00fcbersehen<\/h3><p><span style=\"font-size: 12pt;\">Dabei \u00fcbersah er jedoch einen auf der vorfahrtsberechtigten Staatsstra\u00dfe 2227 von Greding kommenden 35-j\u00e4hrigen Mercedes-Fahrer, weshalb dann beide Fahrzeuge mit gro\u00dfer Wucht zusammenprallten. In dem Opel wurden dabei der Fahrer und Beifahrer, und im Mercedes der Fahrer schwer verletzt, und mu\u00dften mit dem Rettungsdienst in Krankenh\u00e4user gebracht werden. Die beiden Fahrzeuge mu\u00dften von einem Abschleppdienst geborgen werden, der entstandene Gesamtschaden bel\u00e4uft sich auf ca. 30.000 Euro.<\/span><\/p>\t\t\t\t\t\t<\/div>\n\t\t\t\t<\/div>\n\t\t\t\t<div class=\"elementor-element elementor-element-ace1283 elementor-widget-divider--view-line elementor-widget elementor-widget-divider\" data-id=\"ace1283\" data-element_type=\"widget\" data-widget_type=\"divider.default\">\n\t\t\t\t<div class=\"elementor-widget-container\">\n\t\t\t\t\t<div class=\"elementor-divider\">\n\t\t\t<span class=\"elementor-divider-separator\">\n\t\t\t\t\t\t<\/span>\n\t\t<\/div>\n\t\t\t\t<\/div>\n\t\t\t\t<\/div>\n\t\t\t\t<div class=\"elementor-element elementor-element-1l7zbzo elementor-widget elementor-widget-google_maps\" data-id=\"1l7zbzo\" data-element_type=\"widget\" data-widget_type=\"google_maps.default\">\n\t\t\t\t<div class=\"elementor-widget-container\">\n\t\t\t\t\t<div class=\"elementor-custom-embed\">\n\t\t\t<iframe loading=\"lazy\"\n\t\t\t\t\tsrc=\"https:\/\/maps.google.com\/maps?q=49.074202%2C%2011.299533&#038;t=m&#038;z=16&#038;output=embed&#038;iwloc=near\"\n\t\t\t\t\ttitle=\"49.074202, 11.299533\"\n\t\t\t\t\taria-label=\"49.074202, 11.299533\"\n\t\t\t><\/iframe>\n\t\t<\/div>\n\t\t\t\t<\/div>\n\t\t\t\t<\/div>\n\t\t\t\t\t<\/div>\n\t\t<\/div>\n\t\t\t\t<div class=\"elementor-column elementor-col-33 elementor-top-column elementor-element elementor-element-0w0urt1\" data-id=\"0w0urt1\" data-element_type=\"column\">\n\t\t\t<div class=\"elementor-widget-wrap\">\n\t\t\t\t\t\t\t<\/div>\n\t\t<\/div>\n\t\t\t\t\t<\/div>\n\t\t<\/section>\n\t\t\t\t<\/div>\n\t\t","protected":false},"excerpt":{"rendered":"<div class=\"mh-excerpt\"><p>Drei Schwerverletzte bei Zusammensto\u00df Greding &#8211; Am Dienstagmorgen, den 27.11.2018, war\u00a0ein 46-j\u00e4hriger Opel-Zafira-Fahrer auf der Staatsstra\u00dfe 2391 von Unterm\u00e4ssing in Richtung Greding unterwegs, als er an der Einm\u00fcndung in die Staatsstra\u00dfe 2227 links nach Greding <a class=\"mh-excerpt-more\" href=\"https:\/\/www.region-schwabach.de\/wordpress\/drei-schwerverletzte-bei-zusammenstoss-auf-der-staatsstrasse-2227\/\" title=\"Drei Schwerverletzte bei Zusammensto\u00df auf der Staatsstra\u00dfe 2227\">[&#8230;]<\/a><\/p>\n<\/div>","protected":false},"author":1,"featured_media":66687,"comment_status":"open","ping_status":"open","sticky":false,"template":"","format":"standard","meta":{"_cbd_carousel_blocks":"[]","footnotes":""},"categories":[15],"tags":[6602,1555,7133,297,1856,250,1085,463,981,401,713,7132,1486,535,334,584],"class_list":{"0":"post-66686","1":"post","2":"type-post","3":"status-publish","4":"format-standard","5":"has-post-thumbnail","7":"category-polizeimeldungen","8":"tag-27-11-2018","9":"tag-abschleppdienst","10":"tag-an-der-einmuendung","11":"tag-hilpoltstein","12":"tag-krankenhaus","13":"tag-mercedes","14":"tag-opel-zafira","15":"tag-pkw","16":"tag-polizei","17":"tag-sachschaden","18":"tag-schaden","19":"tag-schwer-verletzte","20":"tag-staatsstrasse-2227","21":"tag-staatsstrasse-2391","22":"tag-unfall","23":"tag-zusammenstoss"},"_links":{"self":[{"href":"https:\/\/www.region-schwabach.de\/wordpress\/wp-json\/wp\/v2\/posts\/66686","targetHints":{"allow":["GET"]}}],"collection":[{"href":"https:\/\/www.region-schwabach.de\/wordpress\/wp-json\/wp\/v2\/posts"}],"about":[{"href":"https:\/\/www.region-schwabach.de\/wordpress\/wp-json\/wp\/v2\/types\/post"}],"author":[{"embeddable":true,"href":"https:\/\/www.region-schwabach.de\/wordpress\/wp-json\/wp\/v2\/users\/1"}],"replies":[{"embeddable":true,"href":"https:\/\/www.region-schwabach.de\/wordpress\/wp-json\/wp\/v2\/comments?post=66686"}],"version-history":[{"count":0,"href":"https:\/\/www.region-schwabach.de\/wordpress\/wp-json\/wp\/v2\/posts\/66686\/revisions"}],"wp:featuredmedia":[{"embeddable":true,"href":"https:\/\/www.region-schwabach.de\/wordpress\/wp-json\/wp\/v2\/media\/66687"}],"wp:attachment":[{"href":"https:\/\/www.region-schwabach.de\/wordpress\/wp-json\/wp\/v2\/media?parent=66686"}],"wp:term":[{"taxonomy":"category","embeddable":true,"href":"https:\/\/www.region-schwabach.de\/wordpress\/wp-json\/wp\/v2\/categories?post=66686"},{"taxonomy":"post_tag","embeddable":true,"href":"https:\/\/www.region-schwabach.de\/wordpress\/wp-json\/wp\/v2\/tags?post=66686"}],"curies":[{"name":"wp","href":"https:\/\/api.w.org\/{rel}","templated":true}]}}