{"id":66738,"date":"2018-11-28T10:45:02","date_gmt":"2018-11-28T09:45:02","guid":{"rendered":"http:\/\/www.region-schwabach.de\/wordpress\/?p=66738"},"modified":"2018-11-28T10:56:15","modified_gmt":"2018-11-28T09:56:15","slug":"betrunkener-fluechtet-nach-unfall-in-greding","status":"publish","type":"post","link":"https:\/\/www.region-schwabach.de\/wordpress\/betrunkener-fluechtet-nach-unfall-in-greding\/","title":{"rendered":"Betrunkener fl\u00fcchtet nach Unfall in Greding"},"content":{"rendered":"\t\t<div data-elementor-type=\"wp-post\" data-elementor-id=\"66738\" class=\"elementor elementor-66738 elementor-bc-flex-widget\">\n\t\t\t\t\t\t<section class=\"elementor-section elementor-top-section elementor-element elementor-element-1cuv9jr elementor-section-boxed elementor-section-height-default elementor-section-height-default\" data-id=\"1cuv9jr\" data-element_type=\"section\">\n\t\t\t\t\t\t<div class=\"elementor-container elementor-column-gap-default\">\n\t\t\t\t\t<div class=\"elementor-column elementor-col-66 elementor-top-column elementor-element elementor-element-q5zak7b\" data-id=\"q5zak7b\" data-element_type=\"column\">\n\t\t\t<div class=\"elementor-widget-wrap elementor-element-populated\">\n\t\t\t\t\t\t<div class=\"elementor-element elementor-element-763ecdd elementor-widget elementor-widget-text-editor\" data-id=\"763ecdd\" data-element_type=\"widget\" data-widget_type=\"text-editor.default\">\n\t\t\t\t<div class=\"elementor-widget-container\">\n\t\t\t\t\t\t\t<h3 class=\"story-headline\"><strong>Nach Unfall einfach weitergefahren<\/strong><\/h3><p><span style=\"font-size: 12pt;\">Greding &#8211; Am Dienstagabend, den 27.11.2018, waren eine 58-j\u00e4hrige und ein 19-j\u00e4hriger PKW-Fahrer\/in auf der Gundekarstra\u00dfe in Greding in entgegengesetzter Richtung unterwegs, als sich die Fahrzeuge der Beiden in einer Kurve ber\u00fchrten. W\u00e4hrend die Frau anhielt, fuhr der junge Mann einfach weiter und hielt erst ca. 100 m weiter vor einer Garage.<\/span><\/p><h3>Alkoholtest ergab einen Wert von 1,42 Promille<\/h3><p><span style=\"font-size: 12pt;\">Die PKW-Fahrerin versuchte dort die Personalien\u00a0mit dem jungen Mann austauschen, was dieser jedoch verweigerte, und sich wortlos entfernte. Kurze Zeit sp\u00e4ter konnte er jedoch von der Polizei an seiner Wohnanschrift angetroffen woerden, wobei die Beamten Alkoholgeruch bemerkten. Ein durchgef\u00fchrter Alkoholtest ergab einen Wert von 1,42 Promille, weshalb auch gleich eine Blutentnahme &#8211; deren Ergebnis noch aussteht &#8211; angeordnet wurde. An den beiden Fahrzeugen entstand ein Sachschaden in H\u00f6he von ca. 1.500 Euro.<\/span><\/p>\t\t\t\t\t\t<\/div>\n\t\t\t\t<\/div>\n\t\t\t\t<div class=\"elementor-element elementor-element-ace1283 elementor-widget-divider--view-line elementor-widget elementor-widget-divider\" data-id=\"ace1283\" data-element_type=\"widget\" data-widget_type=\"divider.default\">\n\t\t\t\t<div class=\"elementor-widget-container\">\n\t\t\t\t\t<div class=\"elementor-divider\">\n\t\t\t<span class=\"elementor-divider-separator\">\n\t\t\t\t\t\t<\/span>\n\t\t<\/div>\n\t\t\t\t<\/div>\n\t\t\t\t<\/div>\n\t\t\t\t<div class=\"elementor-element elementor-element-1l7zbzo elementor-widget elementor-widget-google_maps\" data-id=\"1l7zbzo\" data-element_type=\"widget\" data-widget_type=\"google_maps.default\">\n\t\t\t\t<div class=\"elementor-widget-container\">\n\t\t\t\t\t<div class=\"elementor-custom-embed\">\n\t\t\t<iframe loading=\"lazy\"\n\t\t\t\t\tsrc=\"https:\/\/maps.google.com\/maps?q=Gundekarstra%C3%9Fe%2C%20Greding%2C%20Deutschland&#038;t=m&#038;z=16&#038;output=embed&#038;iwloc=near\"\n\t\t\t\t\ttitle=\"Gundekarstra\u00dfe, Greding, Deutschland\"\n\t\t\t\t\taria-label=\"Gundekarstra\u00dfe, Greding, Deutschland\"\n\t\t\t><\/iframe>\n\t\t<\/div>\n\t\t\t\t<\/div>\n\t\t\t\t<\/div>\n\t\t\t\t\t<\/div>\n\t\t<\/div>\n\t\t\t\t<div class=\"elementor-column elementor-col-33 elementor-top-column elementor-element elementor-element-0w0urt1\" data-id=\"0w0urt1\" data-element_type=\"column\">\n\t\t\t<div class=\"elementor-widget-wrap\">\n\t\t\t\t\t\t\t<\/div>\n\t\t<\/div>\n\t\t\t\t\t<\/div>\n\t\t<\/section>\n\t\t\t\t<\/div>\n\t\t","protected":false},"excerpt":{"rendered":"<div class=\"mh-excerpt\"><p>Nach Unfall einfach weitergefahren Greding &#8211; Am Dienstagabend, den 27.11.2018, waren eine 58-j\u00e4hrige und ein 19-j\u00e4hriger PKW-Fahrer\/in auf der Gundekarstra\u00dfe in Greding in entgegengesetzter Richtung unterwegs, als sich die Fahrzeuge der Beiden in einer Kurve <a class=\"mh-excerpt-more\" href=\"https:\/\/www.region-schwabach.de\/wordpress\/betrunkener-fluechtet-nach-unfall-in-greding\/\" title=\"Betrunkener fl\u00fcchtet nach Unfall in Greding\">[&#8230;]<\/a><\/p>\n<\/div>","protected":false},"author":1,"featured_media":66739,"comment_status":"open","ping_status":"open","sticky":false,"template":"","format":"standard","meta":{"_cbd_carousel_blocks":"[]","footnotes":""},"categories":[15],"tags":[6603,470,1637,1820,1636,1607,1354,3049,297,7149,463,981,401,713,334,584],"class_list":{"0":"post-66738","1":"post","2":"type-post","3":"status-publish","4":"format-standard","5":"has-post-thumbnail","7":"category-polizeimeldungen","8":"tag-28-11-2018","9":"tag-alkohol","10":"tag-alkoholgeruch","11":"tag-alkoholtest","12":"tag-blutentnahme","13":"tag-garage","14":"tag-greding","15":"tag-gundekarstrasse","16":"tag-hilpoltstein","17":"tag-personalien","18":"tag-pkw","19":"tag-polizei","20":"tag-sachschaden","21":"tag-schaden","22":"tag-unfall","23":"tag-zusammenstoss"},"_links":{"self":[{"href":"https:\/\/www.region-schwabach.de\/wordpress\/wp-json\/wp\/v2\/posts\/66738","targetHints":{"allow":["GET"]}}],"collection":[{"href":"https:\/\/www.region-schwabach.de\/wordpress\/wp-json\/wp\/v2\/posts"}],"about":[{"href":"https:\/\/www.region-schwabach.de\/wordpress\/wp-json\/wp\/v2\/types\/post"}],"author":[{"embeddable":true,"href":"https:\/\/www.region-schwabach.de\/wordpress\/wp-json\/wp\/v2\/users\/1"}],"replies":[{"embeddable":true,"href":"https:\/\/www.region-schwabach.de\/wordpress\/wp-json\/wp\/v2\/comments?post=66738"}],"version-history":[{"count":0,"href":"https:\/\/www.region-schwabach.de\/wordpress\/wp-json\/wp\/v2\/posts\/66738\/revisions"}],"wp:featuredmedia":[{"embeddable":true,"href":"https:\/\/www.region-schwabach.de\/wordpress\/wp-json\/wp\/v2\/media\/66739"}],"wp:attachment":[{"href":"https:\/\/www.region-schwabach.de\/wordpress\/wp-json\/wp\/v2\/media?parent=66738"}],"wp:term":[{"taxonomy":"category","embeddable":true,"href":"https:\/\/www.region-schwabach.de\/wordpress\/wp-json\/wp\/v2\/categories?post=66738"},{"taxonomy":"post_tag","embeddable":true,"href":"https:\/\/www.region-schwabach.de\/wordpress\/wp-json\/wp\/v2\/tags?post=66738"}],"curies":[{"name":"wp","href":"https:\/\/api.w.org\/{rel}","templated":true}]}}