{"id":66809,"date":"2018-11-29T09:53:47","date_gmt":"2018-11-29T08:53:47","guid":{"rendered":"http:\/\/www.region-schwabach.de\/wordpress\/?p=66809"},"modified":"2018-11-29T10:06:13","modified_gmt":"2018-11-29T09:06:13","slug":"maedchen-in-schwabach-von-hund-gebissen","status":"publish","type":"post","link":"https:\/\/www.region-schwabach.de\/wordpress\/maedchen-in-schwabach-von-hund-gebissen\/","title":{"rendered":"M\u00e4dchen in Schwabach von Hund gebissen"},"content":{"rendered":"\t\t<div data-elementor-type=\"wp-post\" data-elementor-id=\"66809\" class=\"elementor elementor-66809 elementor-bc-flex-widget\">\n\t\t\t\t\t\t<section class=\"elementor-section elementor-top-section elementor-element elementor-element-1cuv9jr elementor-section-boxed elementor-section-height-default elementor-section-height-default\" data-id=\"1cuv9jr\" data-element_type=\"section\">\n\t\t\t\t\t\t<div class=\"elementor-container elementor-column-gap-default\">\n\t\t\t\t\t<div class=\"elementor-column elementor-col-66 elementor-top-column elementor-element elementor-element-q5zak7b\" data-id=\"q5zak7b\" data-element_type=\"column\">\n\t\t\t<div class=\"elementor-widget-wrap elementor-element-populated\">\n\t\t\t\t\t\t<div class=\"elementor-element elementor-element-763ecdd elementor-widget elementor-widget-text-editor\" data-id=\"763ecdd\" data-element_type=\"widget\" data-widget_type=\"text-editor.default\">\n\t\t\t\t<div class=\"elementor-widget-container\">\n\t\t\t\t\t\t\t<h3 class=\"story-headline\"><strong>8-j\u00e4hriges M\u00e4dchen von Hund gebissen <\/strong><\/h3><p><span style=\"font-size: 12pt;\">Schwabach &#8211; Am Montagnachmittag, den 26.11.2018, wurde in der Konrad-Adenauer-Stra\u00dfe in Schwabach gegen 16.30 Uhr ein 8-j\u00e4hriges M\u00e4dchen auf dem Nachhauseweg von einem angeleinten Hund (West-Highland-Terrier) in die Wade gebissen, als sich die 8 J\u00e4hrige und der Hund auf dem Gehweg begegneten. <\/span><\/p><h3>Hundehalterin gesucht<\/h3><p><span style=\"font-size: 12pt;\">Die Hundehalterin mit dem angeleinten Hund, die sich nicht weiter um den Vorfall k\u00fcmmerte, soll sich nach Aussage des gesch\u00e4digten M\u00e4dchens &#8211; das sich wegen des Bisses einer ambulanten \u00e4rztlichen Behandlung unterziehen mu\u00dfte &#8211; des \u00d6fteren mit dem Hund in der Konrad-Adenauer-Stra\u00dfe unterwegs sein.\u00a0<\/span><\/p><h3>Polizei bittet um Mithilfe<\/h3><p><span style=\"font-size: 12pt;\">Personen, die verd\u00e4chtige Beobachtungen gemacht haben, werden gebeten, diese der Polizei in Schwabach unter der Rufnummer 09122-927-0 mitzuteilen.<\/span><\/p>\t\t\t\t\t\t<\/div>\n\t\t\t\t<\/div>\n\t\t\t\t<div class=\"elementor-element elementor-element-ace1283 elementor-widget-divider--view-line elementor-widget elementor-widget-divider\" data-id=\"ace1283\" data-element_type=\"widget\" data-widget_type=\"divider.default\">\n\t\t\t\t<div class=\"elementor-widget-container\">\n\t\t\t\t\t<div class=\"elementor-divider\">\n\t\t\t<span class=\"elementor-divider-separator\">\n\t\t\t\t\t\t<\/span>\n\t\t<\/div>\n\t\t\t\t<\/div>\n\t\t\t\t<\/div>\n\t\t\t\t<div class=\"elementor-element elementor-element-1l7zbzo elementor-widget elementor-widget-google_maps\" data-id=\"1l7zbzo\" data-element_type=\"widget\" data-widget_type=\"google_maps.default\">\n\t\t\t\t<div class=\"elementor-widget-container\">\n\t\t\t\t\t<div class=\"elementor-custom-embed\">\n\t\t\t<iframe loading=\"lazy\"\n\t\t\t\t\tsrc=\"https:\/\/maps.google.com\/maps?q=Konrad-Adenauer-Stra%C3%9Fe%2C%20Schwabach%2C%20Deutschland&#038;t=m&#038;z=15&#038;output=embed&#038;iwloc=near\"\n\t\t\t\t\ttitle=\"Konrad-Adenauer-Stra\u00dfe, Schwabach, Deutschland\"\n\t\t\t\t\taria-label=\"Konrad-Adenauer-Stra\u00dfe, Schwabach, Deutschland\"\n\t\t\t><\/iframe>\n\t\t<\/div>\n\t\t\t\t<\/div>\n\t\t\t\t<\/div>\n\t\t\t\t\t<\/div>\n\t\t<\/div>\n\t\t\t\t<div class=\"elementor-column elementor-col-33 elementor-top-column elementor-element elementor-element-0w0urt1\" data-id=\"0w0urt1\" data-element_type=\"column\">\n\t\t\t<div class=\"elementor-widget-wrap\">\n\t\t\t\t\t\t\t<\/div>\n\t\t<\/div>\n\t\t\t\t\t<\/div>\n\t\t<\/section>\n\t\t\t\t<\/div>\n\t\t","protected":false},"excerpt":{"rendered":"<div class=\"mh-excerpt\"><p>8-j\u00e4hriges M\u00e4dchen von Hund gebissen Schwabach &#8211; Am Montagnachmittag, den 26.11.2018, wurde in der Konrad-Adenauer-Stra\u00dfe in Schwabach gegen 16.30 Uhr ein 8-j\u00e4hriges M\u00e4dchen auf dem Nachhauseweg von einem angeleinten Hund (West-Highland-Terrier) in die Wade gebissen, <a class=\"mh-excerpt-more\" href=\"https:\/\/www.region-schwabach.de\/wordpress\/maedchen-in-schwabach-von-hund-gebissen\/\" title=\"M\u00e4dchen in Schwabach von Hund gebissen\">[&#8230;]<\/a><\/p>\n<\/div>","protected":false},"author":1,"featured_media":66810,"comment_status":"open","ping_status":"open","sticky":false,"template":"","format":"standard","meta":{"_cbd_carousel_blocks":"[]","footnotes":""},"categories":[15],"tags":[6601,7156,2065,933,2141,2104,515,1375,5537,981,19,7155,7154],"class_list":{"0":"post-66809","1":"post","2":"type-post","3":"status-publish","4":"format-standard","5":"has-post-thumbnail","7":"category-polizeimeldungen","8":"tag-26-11-2018","9":"tag-aerztlichen-behandlung","10":"tag-frau","11":"tag-hund","12":"tag-hundehalterin","13":"tag-konrad-adenauer-strasse","14":"tag-koerperverletzung","15":"tag-leicht-verletzt","16":"tag-maedchen","17":"tag-polizei","18":"tag-schwabach","19":"tag-wade","20":"tag-west-highland-terrier"},"_links":{"self":[{"href":"https:\/\/www.region-schwabach.de\/wordpress\/wp-json\/wp\/v2\/posts\/66809","targetHints":{"allow":["GET"]}}],"collection":[{"href":"https:\/\/www.region-schwabach.de\/wordpress\/wp-json\/wp\/v2\/posts"}],"about":[{"href":"https:\/\/www.region-schwabach.de\/wordpress\/wp-json\/wp\/v2\/types\/post"}],"author":[{"embeddable":true,"href":"https:\/\/www.region-schwabach.de\/wordpress\/wp-json\/wp\/v2\/users\/1"}],"replies":[{"embeddable":true,"href":"https:\/\/www.region-schwabach.de\/wordpress\/wp-json\/wp\/v2\/comments?post=66809"}],"version-history":[{"count":0,"href":"https:\/\/www.region-schwabach.de\/wordpress\/wp-json\/wp\/v2\/posts\/66809\/revisions"}],"wp:featuredmedia":[{"embeddable":true,"href":"https:\/\/www.region-schwabach.de\/wordpress\/wp-json\/wp\/v2\/media\/66810"}],"wp:attachment":[{"href":"https:\/\/www.region-schwabach.de\/wordpress\/wp-json\/wp\/v2\/media?parent=66809"}],"wp:term":[{"taxonomy":"category","embeddable":true,"href":"https:\/\/www.region-schwabach.de\/wordpress\/wp-json\/wp\/v2\/categories?post=66809"},{"taxonomy":"post_tag","embeddable":true,"href":"https:\/\/www.region-schwabach.de\/wordpress\/wp-json\/wp\/v2\/tags?post=66809"}],"curies":[{"name":"wp","href":"https:\/\/api.w.org\/{rel}","templated":true}]}}