{"id":66823,"date":"2018-11-29T19:30:33","date_gmt":"2018-11-29T18:30:33","guid":{"rendered":"http:\/\/www.region-schwabach.de\/wordpress\/?p=66823"},"modified":"2018-11-29T19:38:08","modified_gmt":"2018-11-29T18:38:08","slug":"zwei-unfaelle-mit-personenschaden-in-rednitzhembach","status":"publish","type":"post","link":"https:\/\/www.region-schwabach.de\/wordpress\/zwei-unfaelle-mit-personenschaden-in-rednitzhembach\/","title":{"rendered":"Zwei Unf\u00e4lle mit Personenschaden in Rednitzhembach"},"content":{"rendered":"\t\t<div data-elementor-type=\"wp-post\" data-elementor-id=\"66823\" class=\"elementor elementor-66823 elementor-bc-flex-widget\">\n\t\t\t\t\t\t<section class=\"elementor-section elementor-top-section elementor-element elementor-element-1cuv9jr elementor-section-boxed elementor-section-height-default elementor-section-height-default\" data-id=\"1cuv9jr\" data-element_type=\"section\">\n\t\t\t\t\t\t<div class=\"elementor-container elementor-column-gap-default\">\n\t\t\t\t\t<div class=\"elementor-column elementor-col-66 elementor-top-column elementor-element elementor-element-q5zak7b\" data-id=\"q5zak7b\" data-element_type=\"column\">\n\t\t\t<div class=\"elementor-widget-wrap elementor-element-populated\">\n\t\t\t\t\t\t<div class=\"elementor-element elementor-element-763ecdd elementor-widget elementor-widget-text-editor\" data-id=\"763ecdd\" data-element_type=\"widget\" data-widget_type=\"text-editor.default\">\n\t\t\t\t<div class=\"elementor-widget-container\">\n\t\t\t\t\t\t\t<h3 class=\"story-headline\">Zwei Unf\u00e4lle mit Personenschaden<\/h3><p><span style=\"font-size: 12pt;\">Rednitzhembach- Am Mittwochabend, den 28.11.2018, kam es in Rednitzhembach innerhalb weniger Minuten gleich zu zwei Verkehrsunf\u00e4lle im Abstand von nur einigen hundert Metern, die jeweils mit Personenschaden endeten, wobei in beiden F\u00e4llen von den Unfallverursachern beim Linksabbiegen der Gegenverkehr \u00fcbersehen, bzw. dessen Geschwindigkeit untersch\u00e4tzt wurde.<\/span><\/p><h3>Kreisstra\u00dfe RH 1 \/ B2<\/h3><p><span style=\"font-size: 12pt;\">Beim ersten Unfall wollte ein 18-j\u00e4hriger PKW-Fahrer von der Kreisstra\u00dfe RH 1 nach links in die B 2 einfahren, \u00fcbersah dabei jedoch einen aus Rednitzhembach kommenden PKW, und stie\u00df mit diesem zusammen. Dabei wurden beide Fahrzeugf\u00fchrer leicht verletzt, an den Fahrzeugen entstand ein Sachschaden in H\u00f6he von ca. 7. 500 Euro.<\/span><\/p><h3>Staatsstra\u00dfe 2409 \/ Kreisstra\u00dfe<\/h3><p><span style=\"font-size: 12pt;\">Nur ein paar Minuten sp\u00e4ter wollte eine 49-j\u00e4hrige PKW-Fahrerin von der Staatsstra\u00dfe 2409 nach links in die Kreisstra\u00dfe abbiegen, und untersch\u00e4tzte dabei die Geschwindigkeit des aus Pfaffenhofen kommenden PKWs. Trotz einer Vollbremsung konnte der betroffene Pkw-Fahrer den Zusammensto\u00df nicht mehr verhindern. Bei der Kollision verletzte er sich leicht, und wurde mit leichteren Verletzungen ins Krankenhaus gebracht. An beiden beteiligten Fahrzeugen entstand ein Gesamtsachschaden in H\u00f6he von ca. 20. 000 Euro.<\/span><\/p>\t\t\t\t\t\t<\/div>\n\t\t\t\t<\/div>\n\t\t\t\t<div class=\"elementor-element elementor-element-ace1283 elementor-widget-divider--view-line elementor-widget elementor-widget-divider\" data-id=\"ace1283\" data-element_type=\"widget\" data-widget_type=\"divider.default\">\n\t\t\t\t<div class=\"elementor-widget-container\">\n\t\t\t\t\t<div class=\"elementor-divider\">\n\t\t\t<span class=\"elementor-divider-separator\">\n\t\t\t\t\t\t<\/span>\n\t\t<\/div>\n\t\t\t\t<\/div>\n\t\t\t\t<\/div>\n\t\t\t\t<div class=\"elementor-element elementor-element-1l7zbzo elementor-widget elementor-widget-google_maps\" data-id=\"1l7zbzo\" data-element_type=\"widget\" data-widget_type=\"google_maps.default\">\n\t\t\t\t<div class=\"elementor-widget-container\">\n\t\t\t\t\t<div class=\"elementor-custom-embed\">\n\t\t\t<iframe loading=\"lazy\"\n\t\t\t\t\tsrc=\"https:\/\/maps.google.com\/maps?q=49.295810%2C%2011.087953&#038;t=m&#038;z=16&#038;output=embed&#038;iwloc=near\"\n\t\t\t\t\ttitle=\"49.295810, 11.087953\"\n\t\t\t\t\taria-label=\"49.295810, 11.087953\"\n\t\t\t><\/iframe>\n\t\t<\/div>\n\t\t\t\t<\/div>\n\t\t\t\t<\/div>\n\t\t\t\t<div class=\"elementor-element elementor-element-926006d elementor-widget elementor-widget-google_maps\" data-id=\"926006d\" data-element_type=\"widget\" data-widget_type=\"google_maps.default\">\n\t\t\t\t<div class=\"elementor-widget-container\">\n\t\t\t\t\t<div class=\"elementor-custom-embed\">\n\t\t\t<iframe loading=\"lazy\"\n\t\t\t\t\tsrc=\"https:\/\/maps.google.com\/maps?q=49.294639%2C%2011.080565&#038;t=m&#038;z=16&#038;output=embed&#038;iwloc=near\"\n\t\t\t\t\ttitle=\"49.294639, 11.080565\"\n\t\t\t\t\taria-label=\"49.294639, 11.080565\"\n\t\t\t><\/iframe>\n\t\t<\/div>\n\t\t\t\t<\/div>\n\t\t\t\t<\/div>\n\t\t\t\t\t<\/div>\n\t\t<\/div>\n\t\t\t\t<div class=\"elementor-column elementor-col-33 elementor-top-column elementor-element elementor-element-0w0urt1\" data-id=\"0w0urt1\" data-element_type=\"column\">\n\t\t\t<div class=\"elementor-widget-wrap\">\n\t\t\t\t\t\t\t<\/div>\n\t\t<\/div>\n\t\t\t\t\t<\/div>\n\t\t<\/section>\n\t\t\t\t<\/div>\n\t\t","protected":false},"excerpt":{"rendered":"<div class=\"mh-excerpt\"><p>Zwei Unf\u00e4lle mit Personenschaden Rednitzhembach- Am Mittwochabend, den 28.11.2018, kam es in Rednitzhembach innerhalb weniger Minuten gleich zu zwei Verkehrsunf\u00e4lle im Abstand von nur einigen hundert Metern, die jeweils mit Personenschaden endeten, wobei in beiden <a class=\"mh-excerpt-more\" href=\"https:\/\/www.region-schwabach.de\/wordpress\/zwei-unfaelle-mit-personenschaden-in-rednitzhembach\/\" title=\"Zwei Unf\u00e4lle mit Personenschaden in Rednitzhembach\">[&#8230;]<\/a><\/p>\n<\/div>","protected":false},"author":1,"featured_media":66824,"comment_status":"open","ping_status":"open","sticky":false,"template":"","format":"standard","meta":{"_cbd_carousel_blocks":"[]","footnotes":""},"categories":[15],"tags":[6603,429,555,762,7164,3743,7163,694,463,981,493,32,401,713,171,3322,584],"class_list":{"0":"post-66823","1":"post","2":"type-post","3":"status-publish","4":"format-standard","5":"has-post-thumbnail","7":"category-polizeimeldungen","8":"tag-28-11-2018","9":"tag-b2","10":"tag-gegenverkehr","11":"tag-kreisstrasse","12":"tag-kreisstrasse-rh1","13":"tag-leicht-verletzte","14":"tag-linksabbiegen","15":"tag-pfaffenhofen","16":"tag-pkw","17":"tag-polizei","18":"tag-rednitzhembach","19":"tag-roth","20":"tag-sachschaden","21":"tag-schaden","22":"tag-staatsstrasse-2409","23":"tag-vollbremsung","24":"tag-zusammenstoss"},"_links":{"self":[{"href":"https:\/\/www.region-schwabach.de\/wordpress\/wp-json\/wp\/v2\/posts\/66823","targetHints":{"allow":["GET"]}}],"collection":[{"href":"https:\/\/www.region-schwabach.de\/wordpress\/wp-json\/wp\/v2\/posts"}],"about":[{"href":"https:\/\/www.region-schwabach.de\/wordpress\/wp-json\/wp\/v2\/types\/post"}],"author":[{"embeddable":true,"href":"https:\/\/www.region-schwabach.de\/wordpress\/wp-json\/wp\/v2\/users\/1"}],"replies":[{"embeddable":true,"href":"https:\/\/www.region-schwabach.de\/wordpress\/wp-json\/wp\/v2\/comments?post=66823"}],"version-history":[{"count":0,"href":"https:\/\/www.region-schwabach.de\/wordpress\/wp-json\/wp\/v2\/posts\/66823\/revisions"}],"wp:featuredmedia":[{"embeddable":true,"href":"https:\/\/www.region-schwabach.de\/wordpress\/wp-json\/wp\/v2\/media\/66824"}],"wp:attachment":[{"href":"https:\/\/www.region-schwabach.de\/wordpress\/wp-json\/wp\/v2\/media?parent=66823"}],"wp:term":[{"taxonomy":"category","embeddable":true,"href":"https:\/\/www.region-schwabach.de\/wordpress\/wp-json\/wp\/v2\/categories?post=66823"},{"taxonomy":"post_tag","embeddable":true,"href":"https:\/\/www.region-schwabach.de\/wordpress\/wp-json\/wp\/v2\/tags?post=66823"}],"curies":[{"name":"wp","href":"https:\/\/api.w.org\/{rel}","templated":true}]}}