{"id":66857,"date":"2018-11-30T11:01:15","date_gmt":"2018-11-30T10:01:15","guid":{"rendered":"http:\/\/www.region-schwabach.de\/wordpress\/?p=66857"},"modified":"2018-11-30T11:05:44","modified_gmt":"2018-11-30T10:05:44","slug":"kleinkraftradfahrer-in-greding-alkoholisiert-unterwegs","status":"publish","type":"post","link":"https:\/\/www.region-schwabach.de\/wordpress\/kleinkraftradfahrer-in-greding-alkoholisiert-unterwegs\/","title":{"rendered":"Kleinkraftradfahrer in Greding alkoholisiert unterwegs"},"content":{"rendered":"\t\t<div data-elementor-type=\"wp-post\" data-elementor-id=\"66857\" class=\"elementor elementor-66857 elementor-bc-flex-widget\">\n\t\t\t\t\t\t<section class=\"elementor-section elementor-top-section elementor-element elementor-element-tlus4ia elementor-section-boxed elementor-section-height-default elementor-section-height-default\" data-id=\"tlus4ia\" data-element_type=\"section\">\n\t\t\t\t\t\t<div class=\"elementor-container elementor-column-gap-default\">\n\t\t\t\t\t<div class=\"elementor-column elementor-col-66 elementor-top-column elementor-element elementor-element-sphcucl\" data-id=\"sphcucl\" data-element_type=\"column\">\n\t\t\t<div class=\"elementor-widget-wrap elementor-element-populated\">\n\t\t\t\t\t\t<div class=\"elementor-element elementor-element-4f2h2af elementor-widget elementor-widget-text-editor\" data-id=\"4f2h2af\" data-element_type=\"widget\" data-widget_type=\"text-editor.default\">\n\t\t\t\t<div class=\"elementor-widget-container\">\n\t\t\t\t\t\t\t<h3><strong>Mit Alkohol unterwegs<\/strong><\/h3><p><span style=\"font-size: 12pt;\">Greding &#8211; Donnerstagnacht, den 22.11.2018, wurde e<span style=\"font-family: Arial, sans-serif; text-align: justify;\">in 17-j\u00e4hriger Kleinkraftradfahrer in Greding einer Verkehrskontrolle unterzogen, in deren Verlauf die Beamten bei dem Jugendlichen Alkoholgeruch bemerkten<\/span>. Diesen Verdacht best\u00e4tigte dann auch ein durchgef\u00fchrter Alkholtest, der einen Wert von 1,16 Promille ergab. Deshalb wurde eine Blutentnahme veranlasst, der F\u00fchrerschein sichergestellt, und ein Strafverfahrens wegen Trunkenheit im Stra\u00dfenverkehr eingeleitet.<\/span><\/p>\t\t\t\t\t\t<\/div>\n\t\t\t\t<\/div>\n\t\t\t\t<div class=\"elementor-element elementor-element-39c5f74 elementor-widget elementor-widget-google_maps\" data-id=\"39c5f74\" data-element_type=\"widget\" data-widget_type=\"google_maps.default\">\n\t\t\t\t<div class=\"elementor-widget-container\">\n\t\t\t\t\t<div class=\"elementor-custom-embed\">\n\t\t\t<iframe loading=\"lazy\"\n\t\t\t\t\tsrc=\"https:\/\/maps.google.com\/maps?q=Greding%2C%20Deutschland&#038;t=m&#038;z=15&#038;output=embed&#038;iwloc=near\"\n\t\t\t\t\ttitle=\"Greding, Deutschland\"\n\t\t\t\t\taria-label=\"Greding, Deutschland\"\n\t\t\t><\/iframe>\n\t\t<\/div>\n\t\t\t\t<\/div>\n\t\t\t\t<\/div>\n\t\t\t\t\t<\/div>\n\t\t<\/div>\n\t\t\t\t<div class=\"elementor-column elementor-col-33 elementor-top-column elementor-element elementor-element-flkv3o5\" data-id=\"flkv3o5\" data-element_type=\"column\">\n\t\t\t<div class=\"elementor-widget-wrap\">\n\t\t\t\t\t\t\t<\/div>\n\t\t<\/div>\n\t\t\t\t\t<\/div>\n\t\t<\/section>\n\t\t\t\t<\/div>\n\t\t","protected":false},"excerpt":{"rendered":"<div class=\"mh-excerpt\"><p>Mit Alkohol unterwegs Greding &#8211; Donnerstagnacht, den 22.11.2018, wurde ein 17-j\u00e4hriger Kleinkraftradfahrer in Greding einer Verkehrskontrolle unterzogen, in deren Verlauf die Beamten bei dem Jugendlichen Alkoholgeruch bemerkten. Diesen Verdacht best\u00e4tigte dann auch ein durchgef\u00fchrter Alkholtest, <a class=\"mh-excerpt-more\" href=\"https:\/\/www.region-schwabach.de\/wordpress\/kleinkraftradfahrer-in-greding-alkoholisiert-unterwegs\/\" title=\"Kleinkraftradfahrer in Greding alkoholisiert unterwegs\">[&#8230;]<\/a><\/p>\n<\/div>","protected":false},"author":1,"featured_media":66858,"comment_status":"open","ping_status":"open","sticky":false,"template":"","format":"standard","meta":{"_cbd_carousel_blocks":"[]","footnotes":""},"categories":[15],"tags":[6604,1637,1820,1636,1018,3978,1847,1354,297,1078,39],"class_list":{"0":"post-66857","1":"post","2":"type-post","3":"status-publish","4":"format-standard","5":"has-post-thumbnail","7":"category-polizeimeldungen","8":"tag-29-11-2018","9":"tag-alkoholgeruch","10":"tag-alkoholtest","11":"tag-blutentnahme","12":"tag-fahrverbot","13":"tag-fuehrerschein-sichergestellt","14":"tag-geldstrafe","15":"tag-greding","16":"tag-hilpoltstein","17":"tag-strafverfahren","18":"tag-verkehrskontrolle"},"_links":{"self":[{"href":"https:\/\/www.region-schwabach.de\/wordpress\/wp-json\/wp\/v2\/posts\/66857","targetHints":{"allow":["GET"]}}],"collection":[{"href":"https:\/\/www.region-schwabach.de\/wordpress\/wp-json\/wp\/v2\/posts"}],"about":[{"href":"https:\/\/www.region-schwabach.de\/wordpress\/wp-json\/wp\/v2\/types\/post"}],"author":[{"embeddable":true,"href":"https:\/\/www.region-schwabach.de\/wordpress\/wp-json\/wp\/v2\/users\/1"}],"replies":[{"embeddable":true,"href":"https:\/\/www.region-schwabach.de\/wordpress\/wp-json\/wp\/v2\/comments?post=66857"}],"version-history":[{"count":0,"href":"https:\/\/www.region-schwabach.de\/wordpress\/wp-json\/wp\/v2\/posts\/66857\/revisions"}],"wp:featuredmedia":[{"embeddable":true,"href":"https:\/\/www.region-schwabach.de\/wordpress\/wp-json\/wp\/v2\/media\/66858"}],"wp:attachment":[{"href":"https:\/\/www.region-schwabach.de\/wordpress\/wp-json\/wp\/v2\/media?parent=66857"}],"wp:term":[{"taxonomy":"category","embeddable":true,"href":"https:\/\/www.region-schwabach.de\/wordpress\/wp-json\/wp\/v2\/categories?post=66857"},{"taxonomy":"post_tag","embeddable":true,"href":"https:\/\/www.region-schwabach.de\/wordpress\/wp-json\/wp\/v2\/tags?post=66857"}],"curies":[{"name":"wp","href":"https:\/\/api.w.org\/{rel}","templated":true}]}}