{"id":66867,"date":"2018-11-30T11:49:10","date_gmt":"2018-11-30T10:49:10","guid":{"rendered":"http:\/\/www.region-schwabach.de\/wordpress\/?p=66867"},"modified":"2018-11-30T11:56:19","modified_gmt":"2018-11-30T10:56:19","slug":"fahrzeug-beim-abbiegen-in-heideck-uebersehen","status":"publish","type":"post","link":"https:\/\/www.region-schwabach.de\/wordpress\/fahrzeug-beim-abbiegen-in-heideck-uebersehen\/","title":{"rendered":"Fahrzeug beim Abbiegen in Heideck \u00fcbersehen"},"content":{"rendered":"\t\t<div data-elementor-type=\"wp-post\" data-elementor-id=\"66867\" class=\"elementor elementor-66867 elementor-bc-flex-widget\">\n\t\t\t\t\t\t<section class=\"elementor-section elementor-top-section elementor-element elementor-element-tlus4ia elementor-section-boxed elementor-section-height-default elementor-section-height-default\" data-id=\"tlus4ia\" data-element_type=\"section\">\n\t\t\t\t\t\t<div class=\"elementor-container elementor-column-gap-default\">\n\t\t\t\t\t<div class=\"elementor-column elementor-col-66 elementor-top-column elementor-element elementor-element-sphcucl\" data-id=\"sphcucl\" data-element_type=\"column\">\n\t\t\t<div class=\"elementor-widget-wrap elementor-element-populated\">\n\t\t\t\t\t\t<div class=\"elementor-element elementor-element-4f2h2af elementor-widget elementor-widget-text-editor\" data-id=\"4f2h2af\" data-element_type=\"widget\" data-widget_type=\"text-editor.default\">\n\t\t\t\t<div class=\"elementor-widget-container\">\n\t\t\t\t\t\t\t<h3><strong><u>Fahrzeug beim Abbiegen \u00fcbersehen<\/u><\/strong><\/h3><p><span style=\"font-size: 12pt;\">Heideck &#8211; Am Donnerstagnachmittag, den 29.11.2018, hat eine 76-j\u00e4hrige PKW-Fahrerin beim Linksabbiegen in der Hauptstra\u00dfe in Heideck einen Kleintransporter \u00fcbersehen, weshalb es im Anschluss zu einem Zusammensto\u00df kam, bei dem sowohl der 29-j\u00e4hrige Kleintransportfahrer, als auch die Unfallverursacherin leicht verletzt wurden. Beide Fahrer kamen deshalb ins Krankenhaus, die Fahrzeuge mu\u00dften abgeschleppt werden, und es entstand ein Sachschaden in H\u00f6he von insgesamt ca. 15.000 Euro.<\/span><\/p>\t\t\t\t\t\t<\/div>\n\t\t\t\t<\/div>\n\t\t\t\t<div class=\"elementor-element elementor-element-39c5f74 elementor-widget elementor-widget-google_maps\" data-id=\"39c5f74\" data-element_type=\"widget\" data-widget_type=\"google_maps.default\">\n\t\t\t\t<div class=\"elementor-widget-container\">\n\t\t\t\t\t<div class=\"elementor-custom-embed\">\n\t\t\t<iframe loading=\"lazy\"\n\t\t\t\t\tsrc=\"https:\/\/maps.google.com\/maps?q=Hauptstra%C3%9Fe%2C%20Heideck%2C%20Deutschland&#038;t=m&#038;z=15&#038;output=embed&#038;iwloc=near\"\n\t\t\t\t\ttitle=\"Hauptstra\u00dfe, Heideck, Deutschland\"\n\t\t\t\t\taria-label=\"Hauptstra\u00dfe, Heideck, Deutschland\"\n\t\t\t><\/iframe>\n\t\t<\/div>\n\t\t\t\t<\/div>\n\t\t\t\t<\/div>\n\t\t\t\t\t<\/div>\n\t\t<\/div>\n\t\t\t\t<div class=\"elementor-column elementor-col-33 elementor-top-column elementor-element elementor-element-flkv3o5\" data-id=\"flkv3o5\" data-element_type=\"column\">\n\t\t\t<div class=\"elementor-widget-wrap\">\n\t\t\t\t\t\t\t<\/div>\n\t\t<\/div>\n\t\t\t\t\t<\/div>\n\t\t<\/section>\n\t\t\t\t<\/div>\n\t\t","protected":false},"excerpt":{"rendered":"<div class=\"mh-excerpt\"><p>Fahrzeug beim Abbiegen \u00fcbersehen Heideck &#8211; Am Donnerstagnachmittag, den 29.11.2018, hat eine 76-j\u00e4hrige PKW-Fahrerin beim Linksabbiegen in der Hauptstra\u00dfe in Heideck einen Kleintransporter \u00fcbersehen, weshalb es im Anschluss zu einem Zusammensto\u00df kam, bei dem sowohl <a class=\"mh-excerpt-more\" href=\"https:\/\/www.region-schwabach.de\/wordpress\/fahrzeug-beim-abbiegen-in-heideck-uebersehen\/\" title=\"Fahrzeug beim Abbiegen in Heideck \u00fcbersehen\">[&#8230;]<\/a><\/p>\n<\/div>","protected":false},"author":1,"featured_media":66868,"comment_status":"open","ping_status":"open","sticky":false,"template":"","format":"standard","meta":{"_cbd_carousel_blocks":"[]","footnotes":""},"categories":[15],"tags":[6604,6620,1114,596,297,549,463,981,334,584],"class_list":{"0":"post-66867","1":"post","2":"type-post","3":"status-publish","4":"format-standard","5":"has-post-thumbnail","7":"category-polizeimeldungen","8":"tag-29-11-2018","9":"tag-beim-abbiegen","10":"tag-hauptstrasse","11":"tag-heideck","12":"tag-hilpoltstein","13":"tag-kleintransporter","14":"tag-pkw","15":"tag-polizei","16":"tag-unfall","17":"tag-zusammenstoss"},"_links":{"self":[{"href":"https:\/\/www.region-schwabach.de\/wordpress\/wp-json\/wp\/v2\/posts\/66867","targetHints":{"allow":["GET"]}}],"collection":[{"href":"https:\/\/www.region-schwabach.de\/wordpress\/wp-json\/wp\/v2\/posts"}],"about":[{"href":"https:\/\/www.region-schwabach.de\/wordpress\/wp-json\/wp\/v2\/types\/post"}],"author":[{"embeddable":true,"href":"https:\/\/www.region-schwabach.de\/wordpress\/wp-json\/wp\/v2\/users\/1"}],"replies":[{"embeddable":true,"href":"https:\/\/www.region-schwabach.de\/wordpress\/wp-json\/wp\/v2\/comments?post=66867"}],"version-history":[{"count":0,"href":"https:\/\/www.region-schwabach.de\/wordpress\/wp-json\/wp\/v2\/posts\/66867\/revisions"}],"wp:featuredmedia":[{"embeddable":true,"href":"https:\/\/www.region-schwabach.de\/wordpress\/wp-json\/wp\/v2\/media\/66868"}],"wp:attachment":[{"href":"https:\/\/www.region-schwabach.de\/wordpress\/wp-json\/wp\/v2\/media?parent=66867"}],"wp:term":[{"taxonomy":"category","embeddable":true,"href":"https:\/\/www.region-schwabach.de\/wordpress\/wp-json\/wp\/v2\/categories?post=66867"},{"taxonomy":"post_tag","embeddable":true,"href":"https:\/\/www.region-schwabach.de\/wordpress\/wp-json\/wp\/v2\/tags?post=66867"}],"curies":[{"name":"wp","href":"https:\/\/api.w.org\/{rel}","templated":true}]}}