{"id":66886,"date":"2018-12-27T00:02:25","date_gmt":"2018-12-26T23:02:25","guid":{"rendered":"http:\/\/www.region-schwabach.de\/wordpress\/?p=66886"},"modified":"2018-12-26T22:36:34","modified_gmt":"2018-12-26T21:36:34","slug":"wanderungen-des-fraenkischen-albvereins-schwabach-e-v-dezember-2018","status":"publish","type":"post","link":"https:\/\/www.region-schwabach.de\/wordpress\/wanderungen-des-fraenkischen-albvereins-schwabach-e-v-dezember-2018\/","title":{"rendered":"Wanderungen des Fr\u00e4nkischen Albvereins Schwabach e.V. &#8211; Dezember 2018"},"content":{"rendered":"\t\t<div data-elementor-type=\"wp-post\" data-elementor-id=\"66886\" class=\"elementor elementor-66886 elementor-bc-flex-widget\">\n\t\t\t\t\t\t<section class=\"elementor-section elementor-top-section elementor-element elementor-element-e04de7f elementor-section-boxed elementor-section-height-default elementor-section-height-default\" data-id=\"e04de7f\" data-element_type=\"section\">\n\t\t\t\t\t\t<div class=\"elementor-container elementor-column-gap-default\">\n\t\t\t\t\t<div class=\"elementor-column elementor-col-66 elementor-top-column elementor-element elementor-element-0e30e33\" data-id=\"0e30e33\" data-element_type=\"column\">\n\t\t\t<div class=\"elementor-widget-wrap elementor-element-populated\">\n\t\t\t\t\t\t<div class=\"elementor-element elementor-element-a6dceac elementor-widget elementor-widget-wp-widget-advads_ad_widget\" data-id=\"a6dceac\" data-element_type=\"widget\" data-widget_type=\"wp-widget-advads_ad_widget.default\">\n\t\t\t\t<div class=\"elementor-widget-container\">\n\t\t\t<div id=\"regio-1077823566\"><div class=\"regio-adlabel\">Werbung<\/div><!-- Beginn https:\/\/www.financeads.net\/-Code --><a href=\"https:\/\/www.financeads.net\/tc.php?t=36648C19118058B\" target=\"_blank\"><img fetchpriority=\"high\" decoding=\"async\" src=\"https:\/\/www.financeads.net\/tb.php?t=36648V19118058B&https=1\" alt=\"\" border=\"0\" width=\"728\" height=\"90\"><\/a><!-- Ende https:\/\/www.financeads.net\/-Code --><\/div>\t\t<\/div>\n\t\t\t\t<\/div>\n\t\t\t\t<div class=\"elementor-element elementor-element-1a21863 elementor-widget elementor-widget-heading\" data-id=\"1a21863\" data-element_type=\"widget\" data-widget_type=\"heading.default\">\n\t\t\t\t<div class=\"elementor-widget-container\">\n\t\t\t<h3 class=\"elementor-heading-title elementor-size-default\">Wanderungen des Fr\u00e4nkischen Albvereins Schwabach e.V. \u2013 Dezember 2018<\/h3>\t\t<\/div>\n\t\t\t\t<\/div>\n\t\t\t\t<div class=\"elementor-element elementor-element-1331cc3 elementor-widget elementor-widget-text-editor\" data-id=\"1331cc3\" data-element_type=\"widget\" data-widget_type=\"text-editor.default\">\n\t\t\t\t<div class=\"elementor-widget-container\">\n\t\t\t\t\t\t\t<table style=\"border-collapse: collapse; width: 100%;\" border=\"1\"><tbody><tr><td style=\"width: 18.1323%; text-align: center;\"><span style=\"font-size: 12pt;\"><strong>Tag<\/strong><\/span><\/td><td style=\"width: 19.3048%; text-align: center;\"><span style=\"font-size: 12pt;\"><strong>Datum<\/strong><\/span><\/td><td style=\"width: 18.1325%; text-align: center;\"><span style=\"font-size: 12pt;\"><strong>Uhrzeit<\/strong><\/span><\/td><td style=\"width: 44.4304%; text-align: center;\"><span style=\"font-size: 12pt;\"><strong>Wanderung<\/strong><\/span><\/td><\/tr><tr><td style=\"width: 18.1323%;\">\u00a0<\/td><td style=\"width: 19.3048%;\">\u00a0<\/td><td style=\"width: 18.1325%;\">\u00a0<\/td><td style=\"width: 44.4304%;\">\u00a0<\/td><\/tr><tr><td style=\"width: 18.1323%; text-align: center;\"><span style=\"font-size: 12pt;\">Samstag<\/span><\/td><td style=\"width: 19.3048%; text-align: center;\"><span style=\"font-size: 12pt;\">01.12.2018<\/span><\/td><td style=\"width: 18.1325%; text-align: center;\"><span style=\"font-size: 12pt;\">18.00 Uhr<\/span><\/td><td style=\"width: 44.4304%;\"><span style=\"font-size: 12pt;\">\u201e<b>Weihnachtsfeier des FAV Schwabach<\/b>\u201c<\/span><\/td><\/tr><tr><td style=\"width: 18.1323%; text-align: center;\"><span style=\"font-size: 12pt;\">Sonntag<\/span><\/td><td style=\"width: 19.3048%; text-align: center;\"><span style=\"font-size: 12pt;\">02.12.2018<\/span><\/td><td style=\"width: 18.1325%; text-align: center;\"><span style=\"font-size: 12pt;\">13.00 Uhr<\/span><\/td><td style=\"width: 44.4304%;\"><span style=\"font-size: 12pt;\">\u201e<strong>Ein sch\u00f6ner Nachmittagsspaziergang im N\u00fcrnberger S\u00fcden<\/strong>\u201c<\/span><\/td><\/tr><tr><td style=\"width: 18.1323%; text-align: center;\"><span style=\"font-size: 12pt;\">Donnerstag<\/span><\/td><td style=\"width: 19.3048%; text-align: center;\"><span style=\"font-size: 12pt;\">06.12.2018<\/span><\/td><td style=\"width: 18.1325%; text-align: center;\"><span style=\"font-size: 12pt;\">10.00 Uhr<\/span><\/td><td style=\"width: 44.4304%;\"><span style=\"font-size: 12pt;\"><strong>\u201eIns Zwieselbachtal\u201c<\/strong><\/span><\/td><\/tr><tr><td style=\"width: 18.1323%; text-align: center;\"><span style=\"font-size: 12pt;\">Samstag<\/span><\/td><td style=\"width: 19.3048%; text-align: center;\"><span style=\"font-size: 12pt;\">08.12.2018<\/span><\/td><td style=\"width: 18.1325%; text-align: center;\"><span style=\"font-size: 12pt;\">08.25 Uhr<\/span><\/td><td style=\"width: 44.4304%;\"><span style=\"font-size: 12pt;\"><strong>\u201eZur traditionellen Waldweihnacht im Vereinsheim am Hohenstein\u201c<\/strong><\/span><\/td><\/tr><tr><td style=\"width: 18.1323%; text-align: center;\"><span style=\"font-size: 12pt;\">Donnerstag<\/span><\/td><td style=\"width: 19.3048%; text-align: center;\"><span style=\"font-size: 12pt;\">13.12.2018<\/span><\/td><td style=\"width: 18.1325%; text-align: center;\"><span style=\"font-size: 12pt;\">08.00 Uhr<\/span><\/td><td style=\"width: 44.4304%;\"><span style=\"font-size: 12pt;\"><strong>\u201eVon Spalt zum gro\u00dfen Brombachsee\u201c<\/strong><\/span><\/td><\/tr><tr><td style=\"width: 18.1323%; text-align: center;\"><span style=\"font-size: 12pt;\">Samstag<\/span><\/td><td style=\"width: 19.3048%; text-align: center;\"><span style=\"font-size: 12pt;\">15.12.2018<\/span><\/td><td style=\"width: 18.1325%; text-align: center;\"><span style=\"font-size: 12pt;\">06.55 Uhr<\/span><\/td><td style=\"width: 44.4304%;\"><span style=\"font-size: 12pt;\"><strong>\u201eZu den Rebst\u00f6cken von Regensburg\u201c<\/strong><\/span><\/td><\/tr><tr><td style=\"width: 18.1323%; text-align: center;\"><span style=\"font-size: 12pt;\">Sonntag<\/span><\/td><td style=\"width: 19.3048%; text-align: center;\"><span style=\"font-size: 12pt;\">16.12.2018<\/span><\/td><td style=\"width: 18.1325%; text-align: center;\"><span style=\"font-size: 12pt;\">13.25 Uhr<\/span><\/td><td style=\"width: 44.4304%;\"><span style=\"font-size: 12pt;\"><strong>\u201eZum Weihnachtsmarkt auf der Burg Hoheneck\u201c<\/strong><\/span><\/td><\/tr><tr><td style=\"width: 18.1323%; text-align: center;\"><span style=\"font-size: 12pt;\">Freitag<\/span><\/td><td style=\"width: 19.3048%; text-align: center;\"><span style=\"font-size: 12pt;\">21.12.2018<\/span><\/td><td style=\"width: 18.1325%; text-align: center;\"><span style=\"font-size: 12pt;\">16.25 Uhr<\/span><\/td><td style=\"width: 44.4304%;\"><span style=\"font-size: 12pt;\"><strong>\u201eMondschein Wanderung zum Hohenstein\u201c<\/strong><\/span><\/td><\/tr><tr><td style=\"width: 18.1323%; text-align: center;\"><span style=\"font-size: 12pt;\">Samstag<\/span><\/td><td style=\"width: 19.3048%; text-align: center;\"><span style=\"font-size: 12pt;\">22.12.2018<\/span><\/td><td style=\"width: 18.1325%; text-align: center;\"><span style=\"font-size: 12pt;\">ganz<\/span><\/td><td style=\"width: 44.4304%;\"><span style=\"font-size: 12pt;\"><strong>\u201eMondschein Wanderung zum Hohenstein\u201c<\/strong><\/span><\/td><\/tr><tr><td style=\"width: 18.1323%; text-align: center;\"><span style=\"font-size: 12pt;\">Sonntag<\/span><\/td><td style=\"width: 19.3048%; text-align: center;\"><span style=\"font-size: 12pt;\">23.12.2018<\/span><\/td><td style=\"width: 18.1325%; text-align: center;\"><span style=\"font-size: 12pt;\">ganz<\/span><\/td><td style=\"width: 44.4304%;\"><span style=\"font-size: 12pt;\"><strong>\u201eMondschein Wanderung zum Hohenstein\u201c<\/strong><\/span><\/td><\/tr><tr><td style=\"width: 18.1323%; text-align: center;\"><span style=\"font-size: 12pt;\">Donnerstag<\/span><\/td><td style=\"width: 19.3048%; text-align: center;\"><span style=\"font-size: 12pt;\">27.12.2018<\/span><\/td><td style=\"width: 18.1325%; text-align: center;\"><span style=\"font-size: 12pt;\">08.30 Uhr<\/span><\/td><td style=\"width: 44.4304%;\"><span style=\"font-size: 12pt;\"><strong>\u201e\u00dcber die Hohe Theta zum nachweihnachtlichen Winterdorf nach Bayreuth\u201c<\/strong><\/span><\/td><\/tr><tr><td style=\"width: 18.1323%; text-align: center;\"><span style=\"font-size: 12pt;\">Donnerstag<\/span><\/td><td style=\"width: 19.3048%; text-align: center;\"><span style=\"font-size: 12pt;\">27.12.2018<\/span><\/td><td style=\"width: 18.1325%; text-align: center;\"><span style=\"font-size: 12pt;\">11.00 Uhr<\/span><\/td><td style=\"width: 44.4304%;\"><span style=\"font-size: 12pt;\"><strong>\u201eHeute das Jahr ausklingen lassen\u201c<\/strong><\/span><\/td><\/tr><\/tbody><\/table><h3>Infos:<\/h3><ul style=\"list-style-type: disc;\"><li><span style=\"font-size: 12pt;\">Treffpunkt ist zum angegebenen Zeitpunkt jeweils am Schwabacher Bahnhof<\/span><\/li><\/ul><h3><span style=\"font-size: 12pt;\">Weiterf\u00fchrende Links:<\/span><\/h3><p><span style=\"font-size: 12pt;\"><a href=\"http:\/\/www.fav-schwabach.de\/Wandern\/index.php\/#STRATP_cm4all_com_widgets_EventCalendar_1970305\" target=\"_blank\" rel=\"noopener\">Homepage des Fr\u00e4nkischen Albvereins Schwabach e.V. &#8230;<\/a><\/span><\/p>\t\t\t\t\t\t<\/div>\n\t\t\t\t<\/div>\n\t\t\t\t<div class=\"elementor-element elementor-element-9c4562b elementor-widget-divider--view-line elementor-widget elementor-widget-divider\" data-id=\"9c4562b\" data-element_type=\"widget\" data-widget_type=\"divider.default\">\n\t\t\t\t<div class=\"elementor-widget-container\">\n\t\t\t\t\t<div class=\"elementor-divider\">\n\t\t\t<span class=\"elementor-divider-separator\">\n\t\t\t\t\t\t<\/span>\n\t\t<\/div>\n\t\t\t\t<\/div>\n\t\t\t\t<\/div>\n\t\t\t\t<div class=\"elementor-element elementor-element-86e1f80 elementor-widget elementor-widget-google_maps\" data-id=\"86e1f80\" data-element_type=\"widget\" data-widget_type=\"google_maps.default\">\n\t\t\t\t<div class=\"elementor-widget-container\">\n\t\t\t\t\t<div class=\"elementor-custom-embed\">\n\t\t\t<iframe loading=\"lazy\"\n\t\t\t\t\tsrc=\"https:\/\/maps.google.com\/maps?q=49.326160%2C%2011.034864&#038;t=m&#038;z=17&#038;output=embed&#038;iwloc=near\"\n\t\t\t\t\ttitle=\"49.326160, 11.034864\"\n\t\t\t\t\taria-label=\"49.326160, 11.034864\"\n\t\t\t><\/iframe>\n\t\t<\/div>\n\t\t\t\t<\/div>\n\t\t\t\t<\/div>\n\t\t\t\t\t<\/div>\n\t\t<\/div>\n\t\t\t\t<div class=\"elementor-column elementor-col-33 elementor-top-column elementor-element elementor-element-f02176f\" data-id=\"f02176f\" data-element_type=\"column\">\n\t\t\t<div class=\"elementor-widget-wrap elementor-element-populated\">\n\t\t\t\t\t\t<div class=\"elementor-element elementor-element-9d09580 elementor-widget elementor-widget-wp-widget-advads_ad_widget\" data-id=\"9d09580\" data-element_type=\"widget\" data-widget_type=\"wp-widget-advads_ad_widget.default\">\n\t\t\t\t<div class=\"elementor-widget-container\">\n\t\t\t<div id=\"regio-3915159997\"><div class=\"regio-adlabel\">Werbung<\/div><div id=\"regio-3834564089\"><!-- Beginn https:\/\/www.financeads.net\/-Code --><a href=\"https:\/\/www.financeads.net\/tc.php?t=36648C271460142B\" target=\"_blank\"><img decoding=\"async\" src=\"https:\/\/www.financeads.net\/tb.php?t=36648V271460142B&https=1\" alt=\"PETPROTECT_Hund&Katze_Banner\" border=\"0\" width=\"250\" height=\"250\"><\/a><!-- Ende https:\/\/www.financeads.net\/-Code --><\/div><div id=\"regio-3991975659\"><!-- Beginn https:\/\/www.financeads.net\/-Code --><a href=\"https:\/\/www.financeads.net\/tc.php?t=36648C236142529B\" target=\"_blank\"><img decoding=\"async\" src=\"https:\/\/www.financeads.net\/tb.php?t=36648V236142529B&https=1\" alt=\"\" border=\"0\" width=\"300\" height=\"250\"><\/a><!-- Ende https:\/\/www.financeads.net\/-Code --><\/div><div id=\"regio-4140234488\"><!-- Beginn https:\/\/www.financeads.net\/-Code --><a href=\"https:\/\/www.financeads.net\/tc.php?t=36648C205040072B\" target=\"_blank\"><img loading=\"lazy\" decoding=\"async\" src=\"https:\/\/www.financeads.net\/tb.php?t=36648V205040072B&https=1\" alt=\"\" border=\"0\" width=\"300\" height=\"250\"><\/a><!-- Ende https:\/\/www.financeads.net\/-Code --><\/div><div id=\"regio-3034963504\"><!-- Beginn https:\/\/www.financeads.net\/-Code --><a href=\"https:\/\/www.financeads.net\/tc.php?t=36648C42614510B\" target=\"_blank\"><img loading=\"lazy\" decoding=\"async\" src=\"https:\/\/www.financeads.net\/tb.php?t=36648V42614510B&https=1\" alt=\"\" border=\"0\" width=\"200\" height=\"300\"><\/a><!-- Ende https:\/\/www.financeads.net\/-Code --><\/div><\/div>\t\t<\/div>\n\t\t\t\t<\/div>\n\t\t\t\t\t<\/div>\n\t\t<\/div>\n\t\t\t\t\t<\/div>\n\t\t<\/section>\n\t\t\t\t<\/div>\n\t\t","protected":false},"excerpt":{"rendered":"<div class=\"mh-excerpt\"><p>Wanderungen des Fr\u00e4nkischen Albvereins Schwabach e.V. \u2013 Dezember 2018 Tag Datum Uhrzeit Wanderung \u00a0 \u00a0 \u00a0 \u00a0 Samstag 01.12.2018 18.00 Uhr \u201eWeihnachtsfeier des FAV Schwabach\u201c Sonntag 02.12.2018 13.00 Uhr \u201eEin sch\u00f6ner Nachmittagsspaziergang im N\u00fcrnberger S\u00fcden\u201c <a class=\"mh-excerpt-more\" href=\"https:\/\/www.region-schwabach.de\/wordpress\/wanderungen-des-fraenkischen-albvereins-schwabach-e-v-dezember-2018\/\" title=\"Wanderungen des Fr\u00e4nkischen Albvereins Schwabach e.V. &#8211; Dezember 2018\">[&#8230;]<\/a><\/p>\n<\/div>","protected":false},"author":1,"featured_media":58809,"comment_status":"open","ping_status":"open","sticky":false,"template":"","format":"standard","meta":{"_cbd_carousel_blocks":"[]","footnotes":""},"categories":[16,287,231,140],"tags":[6202,6919,6923,7061,7066,2025,2026,7176,7177,7178,7182,274,6998,6239,6241,19,6240,6238],"class_list":{"0":"post-66886","1":"post","2":"type-post","3":"status-publish","4":"format-standard","5":"has-post-thumbnail","7":"category-aktuell","8":"category-jugend-und-familie","9":"category-veranstaltungsnews","10":"category-vereine","11":"tag-01-12-2018","12":"tag-02-12-2018","13":"tag-06-12-2018","14":"tag-08-12-2018","15":"tag-13-12-2018","16":"tag-15-12-2018","17":"tag-16-12-2018","18":"tag-21-12-2018","19":"tag-22-12-2018","20":"tag-23-12-2018","21":"tag-27-12-2018","22":"tag-bahnhof","23":"tag-dezember-2018","24":"tag-fraenkischer-albverein-schwabach-e-v","25":"tag-probewanderung","26":"tag-schwabach","27":"tag-tageswanderung","28":"tag-wanderungen"},"_links":{"self":[{"href":"https:\/\/www.region-schwabach.de\/wordpress\/wp-json\/wp\/v2\/posts\/66886","targetHints":{"allow":["GET"]}}],"collection":[{"href":"https:\/\/www.region-schwabach.de\/wordpress\/wp-json\/wp\/v2\/posts"}],"about":[{"href":"https:\/\/www.region-schwabach.de\/wordpress\/wp-json\/wp\/v2\/types\/post"}],"author":[{"embeddable":true,"href":"https:\/\/www.region-schwabach.de\/wordpress\/wp-json\/wp\/v2\/users\/1"}],"replies":[{"embeddable":true,"href":"https:\/\/www.region-schwabach.de\/wordpress\/wp-json\/wp\/v2\/comments?post=66886"}],"version-history":[{"count":0,"href":"https:\/\/www.region-schwabach.de\/wordpress\/wp-json\/wp\/v2\/posts\/66886\/revisions"}],"wp:featuredmedia":[{"embeddable":true,"href":"https:\/\/www.region-schwabach.de\/wordpress\/wp-json\/wp\/v2\/media\/58809"}],"wp:attachment":[{"href":"https:\/\/www.region-schwabach.de\/wordpress\/wp-json\/wp\/v2\/media?parent=66886"}],"wp:term":[{"taxonomy":"category","embeddable":true,"href":"https:\/\/www.region-schwabach.de\/wordpress\/wp-json\/wp\/v2\/categories?post=66886"},{"taxonomy":"post_tag","embeddable":true,"href":"https:\/\/www.region-schwabach.de\/wordpress\/wp-json\/wp\/v2\/tags?post=66886"}],"curies":[{"name":"wp","href":"https:\/\/api.w.org\/{rel}","templated":true}]}}